{"id":9790,"date":"2024-05-17T12:24:51","date_gmt":"2024-05-17T15:24:51","guid":{"rendered":"https:\/\/www.reportedeprensa.utalca.cl\/?p=9790"},"modified":"2024-05-17T12:30:56","modified_gmt":"2024-05-17T15:30:56","slug":"17-de-mayo-de-2024","status":"publish","type":"post","link":"https:\/\/www.reportedeprensa.utalca.cl\/?p=9790","title":{"rendered":"17 de mayo de 2024"},"content":{"rendered":"\t\t<div data-elementor-type=\"wp-post\" data-elementor-id=\"9790\" class=\"elementor elementor-9790\" data-elementor-settings=\"[]\">\n\t\t\t\t\t\t\t<div class=\"elementor-section-wrap\">\n\t\t\t\t\t\t\t<section class=\"elementor-section elementor-top-section elementor-element elementor-element-bcea1a8 elementor-section-boxed elementor-section-height-default elementor-section-height-default\" data-id=\"bcea1a8\" data-element_type=\"section\">\n\t\t\t\t\t\t<div class=\"elementor-container elementor-column-gap-default\">\n\t\t\t\t\t<div class=\"elementor-column elementor-col-100 elementor-top-column elementor-element elementor-element-e7183bf\" data-id=\"e7183bf\" data-element_type=\"column\">\n\t\t\t<div class=\"elementor-widget-wrap elementor-element-populated\">\n\t\t\t\t\t\t\t\t<div class=\"elementor-element elementor-element-58d7315 elementor-widget elementor-widget-text-editor\" data-id=\"58d7315\" data-element_type=\"widget\" data-widget_type=\"text-editor.default\">\n\t\t\t\t<div class=\"elementor-widget-container\">\n\t\t\t\t\t\t\t\t<div><b>DE MAR A CORDILLERA\u00a0<br \/><\/b><a href=\"https:\/\/demaracordilleratv.cl\/2024\/05\/14\/realizan-jornada-educativa-respecto-a-ley-integral-de-las-personas-mayores\/\">Realizan jornada educativa respecto a Ley Integral de las Personas Mayores. Se refiere Rodrigo Palomo, vicerrector acad\u00e9mico.\u00a0<\/a><b><br \/><\/b><\/div><div>\u00a0<\/div><div><b>AD PRENSA\u00a0<br \/><\/b><a href=\"https:\/\/www.adprensa.cl\/cronica\/utalca-se-adjudica-fondo-internacional-para-organizar-historicos-archivos-de-talca\/\">UTalca se adjudica fondo internacional para organizar hist\u00f3ricos archivos de Talca. V\u00edctor Brangier Pe\u00f1ailillo, director del Centro de Documentaci\u00f3n Patrimonial (CDP) y Diana Caro, archivista CDP. \u00a0<\/a><b><br \/><\/b><b><a id=\"OWA45ec76f0-c954-b8a7-18f4-d8cb2ab0ec3e\" class=\"x_x_Hyperlink x_x_SCXW62999901 x_x_BCX0 x_x_OWAAutoLink\" href=\"https:\/\/www.adprensa.cl\/cronica\/utalca-se-adjudica-fondo-internacional-para-organizar-historicos-archivos-de-talca\/\" target=\"_blank\" rel=\"noopener noreferrer\" data-auth=\"NotApplicable\" data-loopstyle=\"linkonly\" data-linkindex=\"1\"><\/a><\/b><b>\u00a0<\/b><\/div><div><b>MEDIA BANCO<\/b>\u00a0<br \/><a href=\"https:\/\/www.mediabanco.com\/utalca-se-adjudica-fondo-internacional-para-organizar-historicos-archivos-de-talca\/\">UTalca se adjudica fondo internacional para organizar hist\u00f3ricos archivos de Talca. V\u00edctor Brangier Pe\u00f1ailillo, director del Centro de Documentaci\u00f3n Patrimonial (CDP) y Diana Caro, archivista CDP.\u00a0<\/a><br \/><br \/><\/div><div><b>ANALIZA MAULE <\/b>\u00a0<br \/><a href=\"https:\/\/analizamaule.cl\/utalca-se-adjudica-fondo-internacional-para-organizar-historicos-archivos-de-talca\/\">UTalca se adjudica fondo internacional para organizar hist\u00f3ricos archivos de Talca. V\u00edctor Brangier Pe\u00f1ailillo, director del Centro de Documentaci\u00f3n Patrimonial (CDP) y Diana Caro, archivista CDP.\u00a0<\/a><br \/><br \/>\u00a0<br \/><b>EL MAULE INFORMA<\/b>\u00a0<br \/><a href=\"https:\/\/elmauleinforma.cl\/utalca-se-adjudica-fondo-internacional-para-organizar-historicos-archivos-de-talca\/\">UTalca se adjudica fondo internacional para organizar hist\u00f3ricos archivos de Talca. V\u00edctor Brangier Pe\u00f1ailillo, director del Centro de Documentaci\u00f3n Patrimonial (CDP) y Diana Caro, archivista CDP.\u00a0<\/a><br \/>\u00a0<br \/>\u00a0<br \/><b>RADIO LAUTARO<\/b>\u00a0<br \/><a href=\"https:\/\/radiolautarotalca.cl\/utalca-se-adjudica-fondo-internacional-para-organizar-historicos-archivos-de-talca\/\">UTalca se adjudica fondo internacional para organizar hist\u00f3ricos archivos de Talca. V\u00edctor Brangier Pe\u00f1ailillo, director del Centro de Documentaci\u00f3n Patrimonial (CDP) y Diana Caro, archivista CDP.\u00a0<\/a><br \/><br \/><\/div><div><b>LA PRENSA DE CURIC\u00d3\u00a0<br \/><\/b><a href=\"https:\/\/www.litoralpress.cl\/paginaconsultas\/Servicios_NClipSitio\/Get_Imagen_Nota.aspx?LPKey=W33C3V3G5L5LLYZAAIYNOB25WCZB5E6FRI3DD6T7F3UIXHB6NGIDANIXGOMEWKKYRVWUG45SS3VEW\">Advierten de grave d\u00e9ficits de m\u00e9dicos. Se refiere Ernesto Sol\u00eds A\u00f1ez, director de la Escuela de Medicina.\u00a0<\/a><b><br \/><\/b><\/div><div>\u00a0<\/div><div><b>MAULE HOY\u00a0<br \/><\/b><a href=\"https:\/\/maulehoy.cl\/2024\/05\/15\/utalca-apuesta-por-la-formacion-de-profesionales-de-alta-calidad\/\">UTalca apuesta por la formaci\u00f3n de profesionales de alta calidad. Se refiere Ernesto Sol\u00eds A\u00f1ez, director de la Escuela de Medicina.\u00a0<\/a><b><br \/><\/b><\/div><div aria-hidden=\"true\">\u00a0<\/div><div><b>EL MOSTRADOR\u00a0<br \/><\/b><a href=\"https:\/\/www.elmostrador.cl\/agenda-pais\/vida-en-linea\/2024\/05\/16\/contagios-por-influenza-se-han-duplicado-en-comparacion-al-ano-pasado\/\">Contagios por Influenza se han duplicado en comparaci\u00f3n al a\u00f1o pasado. Se refiere Mar\u00eda Ester Mu\u00f1oz, acad\u00e9mica de la Escuela de Enfermer\u00eda.\u202f\u00a0<\/a><b><br \/><\/b><\/div><div>\u00a0<\/div><div><b>DIARIO EL HERALDO<\/b>\u00a0<br \/><a href=\"https:\/\/www.litoralpress.cl\/paginaconsultas\/Servicios_NClipSitio\/Get_Imagen_Nota.aspx?LPKey=LLMLFD4OJDYDEJYXCFKBUJQ6UZXROP5PYGS2MUJJ7TO25AMSHBVUGNBX532ONTBYMSPQJPMD35XJA\">Contagios por influenza se han duplicado en comparaci\u00f3n al a\u00f1o pasado. Se refiere Mar\u00eda Ester Mu\u00f1oz, acad\u00e9mica de la Escuela de Enfermer\u00eda.\u202f\u00a0<\/a><br \/><br \/><\/div><div><b>ELHERALDO.CL<\/b>\u00a0<br \/><a href=\"https:\/\/www.diarioelheraldo.cl\/noticia\/contagios-por-influenza-se-han-duplicado-en-comparacion-al-ano-pasado-\">Contagios por influenza se han duplicado en comparaci\u00f3n al a\u00f1o pasado. Se refiere Mar\u00eda Ester Mu\u00f1oz, acad\u00e9mica de la Escuela de Enfermer\u00eda.\u202f\u00a0<\/a><br \/><br \/><\/div><div><b>EL LECTOR<\/b>\u00a0<br \/><a href=\"https:\/\/www.litoralpress.cl\/paginaconsultas\/Servicios_NClipSitio\/Get_Imagen_Nota.aspx?LPKey=JC7C72J6SC6IUHWUQN35QV76A72B3QF5IKZOAQEP2XLXLYFZU7HPMRIKMKTPMTVVCGWMZWN6VS6UK\">Contagios por Influenza se han duplicado en comparaci\u00f3n al a\u00f1o pasado. Se refiere Mar\u00eda Ester Mu\u00f1oz, acad\u00e9mica de la Escuela de Enfermer\u00eda.\u202f\u00a0<\/a><br \/><br \/><\/div><div><b>LA PRENSA DE CURIC\u00d3\u00a0<br \/><\/b><a href=\"https:\/\/www.litoralpress.cl\/paginaconsultas\/Servicios_NClipSitio\/Get_Imagen_Nota.aspx?LPKey=6AYO5RCNGOUO77P6HM5CRHBPLCASHXPBKCYJGFQQF4IG66GZALAR425UC7NNESSI7DZPWZHOBHGX2\">Preocupaci\u00f3n provoca el aumento de casos de Influenza en el Maule. Se refiere Mar\u00eda Ester Mu\u00f1oz, acad\u00e9mica de la Escuela de Enfermer\u00eda.\u202f\u00a0<\/a><b><br \/><\/b><b><a id=\"OWAd98bf2d7-6458-0234-8bfb-37d8f7cc379f\" class=\"x_x_Hyperlink x_x_SCXW62999901 x_x_BCX0 x_x_OWAAutoLink\" href=\"https:\/\/www.litoralpress.cl\/paginaconsultas\/Servicios_NClipSitio\/Get_Imagen_Nota.aspx?LPKey=6AYO5RCNGOUO77P6HM5CRHBPLCASHXPBKCYJGFQQF4IG66GZALAR425UC7NNESSI7DZPWZHOBHGX2\" target=\"_blank\" rel=\"noopener noreferrer\" data-auth=\"NotApplicable\" data-loopstyle=\"linkonly\" data-linkindex=\"12\"><\/a><\/b><\/div><div>\u00a0<\/div><div><b>DIARIO LA PRENSA<\/b>\u00a0<br \/><a href=\"https:\/\/new.diariolaprensa.cl\/index.php\/2024\/05\/16\/preocupacion-provoca-el-aumento-de-casos-de-influenza-en-el-maule\/\">Preocupa aumento de casos de influenza en el Maule. Se refiere Mar\u00eda Ester Mu\u00f1oz, acad\u00e9mica de la Escuela de Enfermer\u00eda.\u202f\u00a0<\/a><br \/><br \/><\/div><div><b>RADIO PRENSA<\/b>\u00a0<br \/><a href=\"https:\/\/www.radioprensa.cl\/contagios-por-influenza-se-han-duplicado-en-comparacion-al-ano-pasado\/\">Contagios por Influenza se han duplicado en comparaci\u00f3n al a\u00f1o pasado. Se refiere Mar\u00eda Ester Mu\u00f1oz, acad\u00e9mica de la Escuela de Enfermer\u00eda.\u202f\u00a0<\/a><br \/><br \/><\/div><div><b>RED AYS\u00c9N<\/b>\u00a0<br \/><a href=\"https:\/\/www.redaysen.com\/nacional\/contagios-por-influenza-se-han-duplicado-en-comparacion-al-ano-pasado\">Contagios por Influenza se han duplicado en comparaci\u00f3n al a\u00f1o pasado. Se refiere Mar\u00eda Ester Mu\u00f1oz, acad\u00e9mica de la Escuela de Enfermer\u00eda.\u202f\u00a0<\/a><br \/><br \/><b>S\u00c9PTIMA P\u00c1GINA NOTICIAS<\/b>\u00a0<br \/><a href=\"https:\/\/www.septimapaginanoticias.cl\/contagios-por-influenza-se-han-duplicado-en-comparacion-al-ano-pasado\">Contagios por Influenza se han duplicado en comparaci\u00f3n al a\u00f1o pasado. Se refiere Mar\u00eda Ester Mu\u00f1oz, acad\u00e9mica de la Escuela de Enfermer\u00eda.\u202f\u00a0<\/a><br \/><br \/><\/div><div><b>EN L\u00cdNEA MAULE\u00a0<br \/><\/b><a href=\"https:\/\/www.litoralpress.cl\/sitio\/RadioTV_Detalles.cshtml?LPKey=72HRS53CDVABN4GK5EAAFFZYNH3KN6HOFS2VEJ33YYKEK2RDAGXCHIC5GUY7I3QZ2IYWHTQIZOFFE\">\u00bfPara cu\u00e1ndo las lluvias en el Maule? Se refiere Patricio Gonz\u00e1lez Colville, agroclimat\u00f3logo y acad\u00e9mico del Centro de Investigaci\u00f3n y Transferencia en Riego y Agroclimatolog\u00eda (CITRA).\u202f\u202f\u202f\u00a0<\/a><b><br \/><\/b><b><a id=\"OWAcd435f3f-ccf9-cfb6-2ad0-c942127fefac\" class=\"x_x_Hyperlink x_x_SCXW62999901 x_x_BCX0 x_x_OWAAutoLink\" href=\"https:\/\/www.litoralpress.cl\/sitio\/RadioTV_Detalles.cshtml?LPKey=72HRS53CDVABN4GK5EAAFFZYNH3KN6HOFS2VEJ33YYKEK2RDAGXCHIC5GUY7I3QZ2IYWHTQIZOFFE\" target=\"_blank\" rel=\"noopener noreferrer\" data-auth=\"NotApplicable\" data-loopstyle=\"linkonly\" data-linkindex=\"16\"><\/a><\/b><b>\u00a0<\/b><\/div><div><b>HOYNUNOA.CL\u00a0<br \/><\/b><a href=\"https:\/\/hoynunoa.cl\/2024\/05\/14\/probabilidades-de-llegada-de-fenomeno-climatico-perverso-para-chile-aumentaron-a-un-60\/\">Probabilidades de llegada de fen\u00f3meno clim\u00e1tico \u00abperverso para Chile\u00bb aumentaron a un 60%.Se refiere Patricio Gonz\u00e1lez Colville, agroclimat\u00f3logo y acad\u00e9mico del Centro de Investigaci\u00f3n y Transferencia en Riego y Agroclimatolog\u00eda (CITRA).\u202f\u202f\u202f\u00a0<\/a><b><br \/><\/b><\/div><div>\u00a0<\/div><div><b>RADIO LAUTARO\u00a0<br \/><\/b><a href=\"https:\/\/www.litoralpress.cl\/sitio\/RadioTV_Detalles.cshtml?LPKey=Z2VSD4GNEXLPGN4MJDOBSCLTTWTDKO36TVQ7TXWCP6XDAHSDZI65GJQMU56PU2OGUJPNAQJAGVS7O\">Ley de Divorcio &#8211; An\u00e1lisis. Entrevista Claudia Tobar, acad\u00e9mica Facultad de Ciencias Jur\u00eddicas y Sociales.\u00a0<\/a><b><br \/><\/b><\/div><div>\u00a0<\/div><div><b>RADIO INFINITA<\/b>\u00a0<br \/><a href=\"https:\/\/www.litoralpress.cl\/sitio\/RadioTV_Detalles.cshtml?LPKey=7DRUDRRTFX5UUVZ5IVNNADAZBFYFZZLBENT2PMXRKZB5CFJCCVOBRORXSOFAJJX2IPGRKO3J5VI2A\">Comentario de pol\u00edtica de Mauricio Morales Quiroga, acad\u00e9mica Facultad de Ciencias Jur\u00eddicas y Sociales.\u00a0<\/a><br \/><br \/><\/div><div><b>EL DIARIO DE MAULE\u00a0<br \/><\/b><a href=\"https:\/\/eldiariodemaule.cl\/ministra-de-las-culturas-carolina-arredondo-presenta-cuenta-publica-participativa-en-la-region-del-maule\/\">Ministra de las Culturas Carolina Arredondo presenta Cuenta P\u00fablica Participativa en la regi\u00f3n del Maule. Se menciona la Universidad de Talca. \u00a0<\/a><b><br \/><\/b><\/div><div>\u00a0<\/div><div><b>EL HERALDO<\/b>\u00a0<br \/><a href=\"https:\/\/www.diarioelheraldo.cl\/noticia\/ministra-carolina-arredondo-presenta-cuenta-publica-participativa-en-el-maule-como-parte-de-la-convencion-nacional-de-las-culturas-\">Ministra Carolina Arredondo presenta Cuenta P\u00fablica Participativa en el Maule como parte de la Convenci\u00f3n Nacional de las Culturas. Se menciona la Universidad de Talca.\u00a0<\/a><br \/><br \/><\/div><div><b>EL LECTOR<\/b>\u00a0<br \/><a href=\"https:\/\/www.litoralpress.cl\/paginaconsultas\/Servicios_NClipSitio\/Get_Imagen_Nota.aspx?LPKey=IYXHAUAAWOTMI2HBM34TES5REDK6QYGNP54ESVF7XZK436XH4SC52UHIGVICYFH427R2FX7B5AQQO\">Principales casas de estudio de Talca y Sercotec participar\u00e1n en la &#8220;Climat\u00f3n AgroRegenera&#8221;: Una marat\u00f3n de innovaci\u00f3n para la sostenibilidad agr\u00edcola. Se menciona la Universidad de Talca. \u00a0<\/a><br \/><br \/><\/div><div><b>TOURINNOVACI\u00d3N<\/b>\u00a0<br \/><a href=\"https:\/\/www.tourinnovacion.cl\/eventos\/cumbre-agroregenera-maule-2024-profundizara-en-las-oportunidades-de-la-region-para-una-agricultura-sostenible-frente-al-cambio-climatico\/\">Cumbre AgroRegenera Maule 2024 profundizar\u00e1 en las oportunidades de la regi\u00f3n para una agricultura sostenible frente al cambio clim\u00e1tico. Se menciona la Universidad de Talca. \u00a0<\/a><br \/><br \/><\/div><div><b>EL LECTOR<\/b>\u00a0<br \/><a href=\"https:\/\/www.litoralpress.cl\/paginaconsultas\/Servicios_NClipSitio\/Get_Imagen_Nota.aspx?LPKey=RUQY2XZFDEHORLRRSJUOOKZNKLMMEPZOX2UGBIYJCUM7AF42M53MKNP33VFDNFTOGGQPETWBIRLMU\">Taller que promueve el Liderazgo y Participaci\u00f3n de Mujeres en todos los espacios se imparte en Talca. Se menciona la Universidad de Talca.\u00a0<\/a><br \/><br \/><\/div><div><b>LA TERCERA<\/b>\u00a0<br \/><a href=\"https:\/\/www.litoralpress.cl\/sitio\/Prensa_Detalles.cshtml?LPKey=VTRTLJKNBF7ICO4T4ZAXKUYEIGC667REWNISXTRRIFX7M67RT33A\">Muere Carmen Berenguer, destacada poeta nacional. Se menciona la Universidad de Talca.\u00a0<\/a><br \/><br \/><\/div><div><b>EL AGORA<\/b>\u00a0<br \/><a href=\"https:\/\/www.elagora.net\/muere-la-poeta-carmen-berenguer\/\">Muere la poeta Carmen Berenguer. Se menciona la Universidad de Talca.\u00a0<\/a><br \/>\u00a0<\/div><div><b>EL TRABAJO<\/b>\u00a0<br \/><a href=\"https:\/\/www.litoralpress.cl\/paginaconsultas\/Servicios_NClipSitio\/Get_Imagen_Nota.aspx?LPKey=43JDREMSGQVDM5577XT54CTDGB6XOW7CLZVXBYBWZZTJOC23QAWHQBCUDUABNSANRHOUNNW7ZBXBY\">Stella Corval\u00e1n Vega. Se menciona la Universidad de Talca.\u00a0<\/a><br \/><br \/><\/div><div><b>RADIO AGRICULTURA<\/b>\u00a0<br \/><a href=\"https:\/\/www.radioagricultura.cl\/sustentabilidad\/2024\/05\/16\/experta-analiza-el-panorama-del-sindrome-down-en-chile\/\">Experta analiza el panorama del s\u00edndrome Down en Chile. Se menciona la Universidad de Talca. \u00a0<\/a><br \/><br \/><\/div><div><b>PASI\u00d3N POR LOS DEPORTES<\/b>\u00a0<br \/><a href=\"https:\/\/pasionporlosdeportes.cl\/se-iniciaron-las-competencias-de-la-liga-de-educacion-superior-en-el-maule\/\">Se iniciaron las competencias de la Liga de Educaci\u00f3n Superior en el Maule. Se menciona la Universidad de Talca. \u00a0<\/a><br \/><br \/><\/div><div><b>PRENSA EVENTOS<\/b>\u00a0<br \/><a href=\"https:\/\/prensaeventos.cl\/miga-presenta-primera-serie-animada-infantil-enfocada-en-ciencias-y-energias-renovables\/\">MIGA presenta primera serie animada infantil enfocada en ciencias y energ\u00edas renovables. Se menciona la Universidad de Talca. \u00a0<\/a><br \/><br \/><\/div><div><b>RUGBY CHILE<\/b>\u00a0<br \/><a href=\"https:\/\/www.rugbychile.cl\/2024\/05\/16\/tir-pangue-y-rucamanque-vencen-y-quedan-a-una-victoria-de-los-lideres\/\">TIR: Pangue y Rucamanque vencen y quedan a una victoria de los l\u00edderes. Se menciona la Universidad de Talca. \u00a0<\/a><br \/><br \/><\/div><div><b>LA PRENSA DE CURIC\u00d3<\/b>\u00a0<br \/><a href=\"https:\/\/www.litoralpress.cl\/paginaconsultas\/Servicios_NClipSitio\/Get_Imagen_Nota.aspx?LPKey=FQNYLP7G3HVMFCF4FXJFFOANXN576S26PQZWFIHIAW5SPJZH5SRQFAD6MLMMA6JWYTMH4W4NJAVH2\">Sucede. Se menciona la Universidad de Talca. \u00a0<\/a><br \/><br \/><\/div>\t\t\t\t\t\t<\/div>\n\t\t\t\t<\/div>\n\t\t\t\t\t<\/div>\n\t\t<\/div>\n\t\t\t\t\t\t\t<\/div>\n\t\t<\/section>\n\t\t\t\t\t\t<\/div>\n\t\t\t\t\t<\/div>\n\t\t","protected":false},"excerpt":{"rendered":"<p>DE MAR A CORDILLERA\u00a0Realizan jornada educativa respecto a Ley Integral de las Personas Mayores. Se refiere Rodrigo Palomo, vicerrector acad\u00e9mico.\u00a0\u00a0AD PRENSA\u00a0UTalca se adjudica fondo internacional para organizar hist\u00f3ricos archivos de Talca. V\u00edctor Brangier Pe\u00f1ailillo, director del Centro de Documentaci\u00f3n Patrimonial (CDP) y Diana Caro, archivista CDP. \u00a0\u00a0MEDIA BANCO\u00a0UTalca se adjudica fondo internacional para organizar hist\u00f3ricos &hellip;<\/p>\n<p class=\"read-more\"> <a class=\"\" href=\"https:\/\/www.reportedeprensa.utalca.cl\/?p=9790\"> <span class=\"screen-reader-text\">17 de mayo de 2024<\/span> Read More &raquo;<\/a><\/p>\n","protected":false},"author":1,"featured_media":0,"comment_status":"closed","ping_status":"open","sticky":false,"template":"","format":"standard","meta":{"_monsterinsights_skip_tracking":false,"_monsterinsights_sitenote_active":false,"_monsterinsights_sitenote_note":"","_monsterinsights_sitenote_category":0},"categories":[48],"tags":[],"_links":{"self":[{"href":"https:\/\/www.reportedeprensa.utalca.cl\/index.php?rest_route=\/wp\/v2\/posts\/9790"}],"collection":[{"href":"https:\/\/www.reportedeprensa.utalca.cl\/index.php?rest_route=\/wp\/v2\/posts"}],"about":[{"href":"https:\/\/www.reportedeprensa.utalca.cl\/index.php?rest_route=\/wp\/v2\/types\/post"}],"author":[{"embeddable":true,"href":"https:\/\/www.reportedeprensa.utalca.cl\/index.php?rest_route=\/wp\/v2\/users\/1"}],"replies":[{"embeddable":true,"href":"https:\/\/www.reportedeprensa.utalca.cl\/index.php?rest_route=%2Fwp%2Fv2%2Fcomments&post=9790"}],"version-history":[{"count":4,"href":"https:\/\/www.reportedeprensa.utalca.cl\/index.php?rest_route=\/wp\/v2\/posts\/9790\/revisions"}],"predecessor-version":[{"id":9794,"href":"https:\/\/www.reportedeprensa.utalca.cl\/index.php?rest_route=\/wp\/v2\/posts\/9790\/revisions\/9794"}],"wp:attachment":[{"href":"https:\/\/www.reportedeprensa.utalca.cl\/index.php?rest_route=%2Fwp%2Fv2%2Fmedia&parent=9790"}],"wp:term":[{"taxonomy":"category","embeddable":true,"href":"https:\/\/www.reportedeprensa.utalca.cl\/index.php?rest_route=%2Fwp%2Fv2%2Fcategories&post=9790"},{"taxonomy":"post_tag","embeddable":true,"href":"https:\/\/www.reportedeprensa.utalca.cl\/index.php?rest_route=%2Fwp%2Fv2%2Ftags&post=9790"}],"curies":[{"name":"wp","href":"https:\/\/api.w.org\/{rel}","templated":true}]}}