{"id":9810,"date":"2024-05-22T11:24:37","date_gmt":"2024-05-22T14:24:37","guid":{"rendered":"https:\/\/www.reportedeprensa.utalca.cl\/?p=9810"},"modified":"2024-05-22T14:27:55","modified_gmt":"2024-05-22T17:27:55","slug":"22-de-mayo-de-2024","status":"publish","type":"post","link":"https:\/\/www.reportedeprensa.utalca.cl\/?p=9810","title":{"rendered":"22 de mayo de 2024"},"content":{"rendered":"\t\t<div data-elementor-type=\"wp-post\" data-elementor-id=\"9810\" class=\"elementor elementor-9810\" data-elementor-settings=\"[]\">\n\t\t\t\t\t\t\t<div class=\"elementor-section-wrap\">\n\t\t\t\t\t\t\t<section class=\"elementor-section elementor-top-section elementor-element elementor-element-bcea1a8 elementor-section-boxed elementor-section-height-default elementor-section-height-default\" data-id=\"bcea1a8\" data-element_type=\"section\">\n\t\t\t\t\t\t<div class=\"elementor-container elementor-column-gap-default\">\n\t\t\t\t\t<div class=\"elementor-column elementor-col-100 elementor-top-column elementor-element elementor-element-e7183bf\" data-id=\"e7183bf\" data-element_type=\"column\">\n\t\t\t<div class=\"elementor-widget-wrap elementor-element-populated\">\n\t\t\t\t\t\t\t\t<div class=\"elementor-element elementor-element-58d7315 elementor-widget elementor-widget-text-editor\" data-id=\"58d7315\" data-element_type=\"widget\" data-widget_type=\"text-editor.default\">\n\t\t\t\t<div class=\"elementor-widget-container\">\n\t\t\t\t\t\t\t\t<div><b>EL MOSTRADOR\u00a0<br \/><\/b><a href=\"https:\/\/www.elmostrador.cl\/cultura\/2024\/05\/20\/inauguran-memorial-en-honor-al-padre-de-la-escultura-en-chile\/\">Inauguran memorial en honor al padre de la escultura en Chile. Se refiere Carlos Torres Fuchslocher, rector y Marcela Albornoz Dachelet,, directora de Extensi\u00f3n Cultural-Art\u00edstica. \u00a0<\/a><b><br \/><\/b><b>\u00a0<\/b><\/div><div><b>CANAL 30 LINARES<\/b>\u00a0<br \/><a href=\"https:\/\/www.litoralpress.cl\/sitio\/RadioTV_Detalles.cshtml?LPKey=SSHFPFPDBLXR5EDQRQ6VCQPLWUY2PFLJYDXPV65YM2A2N7B76Q7ROQRZIKEPJAJHJTEXGMVR5LO52\">Se abri\u00f3 memorial a Nicanor Parra. Se refiere Carlos Torres Fuchslocher, rector y Marcela Albornoz Dachelet, directora de Extensi\u00f3n Cultural-Art\u00edstica.\u00a0<\/a><br \/><br \/><\/div><div><b>AD PRENSA<\/b>\u00a0<br \/><a href=\"https:\/\/www.adprensa.cl\/cronica\/utalca-inauguro-memorial-en-honor-al-padre-de-la-escultura-en-chile\/\">UTalca inaugur\u00f3 memorial en honor al padre de la escultura en Chile. Se refiere Carlos Torres Fuchslocher, rector y Marcela Albornoz Dachelet, directora de Extensi\u00f3n Cultural-Art\u00edstica.\u00a0<\/a><br \/><br \/><\/div><div><b>MEDIABANCO<\/b>\u00a0<br \/><a href=\"https:\/\/www.mediabanco.com\/utalca-inauguro-memorial-en-honor-al-padre-de-la-escultura-en-chile\/\">UTalca inaugur\u00f3 memorial en honor al padre de la escultura en Chile. Se refiere Carlos Torres Fuchslocher, rector y Marcela Albornoz Dachelet, directora de Extensi\u00f3n Cultural-Art\u00edstica.\u00a0<\/a><br \/><br \/><\/div><div><b>RADIO LAUTARO<\/b>\u00a0<br \/><a href=\"https:\/\/radiolautarotalca.cl\/en-homenaje-a-nicanor-plaza-utalca-creo-un-espacio-escultorico-donde-reposan-sus-restos\/\">En homenaje a Nicanor Plaza, UTalca cre\u00f3 un espacio escult\u00f3rico donde reposan sus restos. Se refiere Carlos Torres Fuchslocher, rector y Marcela Albornoz Dachelet, directora de Extensi\u00f3n Cultural-Art\u00edstica.\u00a0<\/a><br \/><br \/><\/div><div><b>TIERRA AMARILLANO<\/b>\u00a0<br \/><a href=\"https:\/\/tierramarillano.cl\/2024\/05\/19\/utalca-inauguro-memorial-en-honor-al-padre-de-la-escultura-en-chile\/\">UTalca inaugur\u00f3 memorial en honor al padre de la escultura en Chile. Se refiere Carlos Torres Fuchslocher, rector y Marcela Albornoz Dachelet, directora de Extensi\u00f3n Cultural-Art\u00edstica.\u00a0<\/a><br \/><br \/><\/div><div><b>PUBLIMICRO<\/b>\u00a0<br \/><a href=\"https:\/\/publimicro.cl\/universidad-de-talca-inauguro-memorial-en-honor-al-padre-de-la-escultura-en-chile\/\">Universidad de Talca inaugur\u00f3 memorial en honor al padre de la escultura en Chile. Se menciona la Universidad de Talca.\u00a0<\/a><br \/><br \/><\/div><div><b>CANAL TVN RED MAULE<\/b>\u00a0<br \/><a href=\"https:\/\/www.litoralpress.cl\/sitio\/RadioTV_Detalles.cshtml?LPKey=WJ5O65NIBLP6TIGMMRQU5AQCBY4UWERL6B73WSYW4XAPX7PGQXFP4M4G5JZVLNYWF7BTYZSISUW5G\">Im\u00e1genes de inauguraci\u00f3n de memorial en honor al padre de la escultura en la U de Talca. Se menciona la Universidad de Talca. \u00a0<\/a><\/div><div>\u00a0<\/div><div><b>PUBLIMICRO<\/b>\u00a0<br \/><a href=\"https:\/\/publimicro.cl\/utalca-fortalece-vinculacion-para-el-crecimiento-de-su-campus-colchagua\/\">UTalca fortalece vinculaci\u00f3n para el crecimiento de su Campus Colchagua. Se refiere Carlos Torres Fuchslocher, rector.\u00a0<\/a><br \/><br \/><\/div><div><b>EL DIARIO DE MAULE<\/b>\u00a0<br \/><a href=\"https:\/\/eldiariodemaule.cl\/utalca-fortalece-vinculacion-para-el-crecimiento-de-su-campus-colchagua\/\">UTalca fortalece vinculaci\u00f3n para el crecimiento de su Campus Colchagua. Se refiere Carlos Torres Fuchslocher, rector y Patricio G\u00f3mez, director Campus Colchagua. \u00a0<\/a><br \/><br \/><\/div><div><b>DIARIO EL HERALDO\u00a0<br \/><\/b><a href=\"https:\/\/www.litoralpress.cl\/sitio\/Prensa_Detalles.cshtml?LPKey=VBGO53CUKKAFCA7XBTXHQL5R2MTSSRNF7MDJB3EUGLUZ7RZIRECQ\">UTalca fortalece vinculaci\u00f3n para el crecimiento de su Campus Colchagua. Se refiere Carlos Torres Fuchslocher, rector.\u00a0<\/a><b><br \/><\/b><\/div><div>\u00a0<\/div><div><b>ELHERALDO.CL<\/b>\u00a0<br \/><a href=\"https:\/\/www.diarioelheraldo.cl\/noticia\/utalca-fortalece-vinculacion-para-el-crecimiento-de-su-campus-colchagua-\">UTalca fortalece vinculaci\u00f3n para el crecimiento de su Campus Colchagua. Se refiere Carlos Torres Fuchslocher, rector.\u00a0<\/a><br \/><br \/><\/div><div><b>LA PRENSA DE CURIC\u00d3\u00a0<br \/><\/b><a href=\"https:\/\/www.litoralpress.cl\/sitio\/Prensa_Detalles.cshtml?LPKey=TI56TUY2AUK7BJQHKTTGD5BVBOCNFSZZFDMPU56FBFJ4LKGWCKFQ\">Fortalecimiento del Campus Colchagua. Se refiere Carlos Torres Fuchslocher, rector.\u00a0<\/a><br \/><br \/><\/div><div><b>EL LECTOR<\/b>\u00a0<br \/><a href=\"https:\/\/www.litoralpress.cl\/sitio\/Prensa_Detalles.cshtml?LPKey=WGPDQRBJFA6OMO4ILMFCCM3TKOOR5AZAB2GY6EWUJU2OV23DDWCA\">UTalca fortalece vinculaci\u00f3n para el crecimiento de su Campus Colchagua. Se refiere Carlos Torres Fuchslocher, rector y Patricio G\u00f3mez, director Campus Colchagua.\u00a0<\/a><br \/><br \/><\/div><div><b>MEDIABANCO<\/b>\u00a0<br \/><a href=\"https:\/\/www.mediabanco.com\/utalca-fortalece-vinculacion-para-el-crecimiento-de-su-campus-colchagua\/\">UTalca fortalece vinculaci\u00f3n para el crecimiento de su Campus Colchagua. Se refiere Carlos Torres Fuchslocher, rector y Patricio G\u00f3mez Arismendi, director del Campus Colchagua.\u00a0<\/a><br \/><br \/><\/div><div><b>AD PRENSA<\/b>\u00a0<br \/><a href=\"https:\/\/www.adprensa.cl\/cronica\/utalca-fortalece-vinculacion-para-el-crecimiento-de-su-campus-colchagua\/\">UTalca fortalece vinculaci\u00f3n para el crecimiento de su Campus Colchagua. Se refiere Carlos Torres Fuchslocher, rector y Patricio G\u00f3mez Arismendi, director del Campus Colchagua.\u00a0<\/a><br \/><br \/><\/div><div><b>CHILL\u00c1N ONLINE<\/b>\u00a0<br \/><a href=\"https:\/\/www.chillanonline.cl\/V7\/2024\/05\/19\/utalca-fortalece-vinculacion-para-el-crecimiento-de-su-campus-colchagua\/\">UTalca fortalece vinculaci\u00f3n para el crecimiento de su Campus Colchagua. Se refiere Carlos Torres Fuchslocher, rector y Patricio G\u00f3mez Arismendi, director del Campus Colchagua.\u00a0<\/a><br \/><br \/><\/div><div><b>EL DIARIO\u00a0 MAULE<\/b>\u00a0<br \/><a href=\"https:\/\/eldiariodemaule.cl\/utalca-fortalece-vinculacion-para-el-crecimiento-de-su-campus-colchagua\/\">UTalca fortalece vinculaci\u00f3n para el crecimiento de su Campus Colchagua. Se refiere Carlos Torres Fuchslocher, rector y Patricio G\u00f3mez Arismendi, director del Campus Colchagua.\u00a0<\/a><\/div><div>\u00a0<\/div><div><b>CANAL MEGA<br \/><\/b><a href=\"https:\/\/www.litoralpress.cl\/sitio\/RadioTV_Detalles.cshtml?LPKey=7YSF5RY2BBGVGZP2MMGJSFLVMDCK3FFWR35RUIVNWCIOETPEG2MP3OXRO7EHWUYWIFANIPPM6QHPE\">La importancia de las abejas en el ecosistema. Se refiere Fernando Carrasco, acad\u00e9mico del Instituto de Ciencias Biol\u00f3gicas. \u00a0<\/a><\/div><div>\u00a0<\/div><div><b>CANAL TVN<br \/><\/b><a href=\"https:\/\/www.litoralpress.cl\/sitio\/RadioTV_Detalles.cshtml?LPKey=K5G4M3K7BWX2RLJYJO63YKUB6XR72S2UL37HR5J5F37Q6R6O2EY2QCMKJ2TCTPKF54MHTLO3ZAMFE\">Intenso fr\u00edo provoca primeros da\u00f1os en los cultivos agr\u00edcolas. Se refiere Patricio Gonz\u00e1lez Colville, agroclimat\u00f3logo y acad\u00e9mico del Centro de Investigaci\u00f3n y Transferencia en Riego y Agroclimatolog\u00eda (CITRA).\u202f\u202f\u202f\u00a0<\/a><b><br \/><\/b><b>\u00a0<\/b>\u00a0<\/div><div><b>EN L\u00cdNEA MAULE<\/b>\u00a0<br \/><a href=\"https:\/\/enlineamaule.cl\/archivo\/55685\">Tras las lluvias de este lunes se esperan temperaturas bajo 0\u00b0. Se refiere Patricio Gonz\u00e1lez Colville, agroclimat\u00f3logo y acad\u00e9mico del Centro de Investigaci\u00f3n y Transferencia en Riego y Agroclimatolog\u00eda (CITRA).\u202f\u202f\u202f\u00a0<\/a><\/div><div>\u00a0<\/div><div><b>CANAL TVN RED MAULE<\/b>\u00a0<br \/><a href=\"https:\/\/www.litoralpress.cl\/sitio\/RadioTV_Detalles.cshtml?LPKey=7EKQX3P3DZFPLETPJJZ4IWPKV4QJTXDLFX57ASVZ6464JOWJY5CDKTEXWHTDGOWMYZPTOUXOSQSGG\">Fen\u00f3meno de la ni\u00f1a:M\u00e1s de la mitad del ma\u00edz no podr\u00e1 ser cosechado tras heladas. Se refiere Patricio Gonz\u00e1lez Colville, agroclimat\u00f3logo y acad\u00e9mico del Centro de Investigaci\u00f3n y Transferencia en Riego y Agroclimatolog\u00eda (CITRA).\u202f\u00a0<\/a><br \/><br \/><\/div><div><b>CANAL TV5 LINARES<\/b>\u00a0<br \/><a href=\"https:\/\/www.litoralpress.cl\/sitio\/RadioTV_Detalles.cshtml?LPKey=5JZIVCFZPPY2OM36PUVX75PQTF6JPZT5KM35SXX57UAPZC3M4LIHJZEB6VU3NM6AA55JQ256H5PG4\">Term\u00f3metros bajo cero: Fr\u00edos intensos afectan a las personas y actividades de la regi\u00f3n. Se refiere Patricio Gonz\u00e1lez Colville, agroclimat\u00f3logo y acad\u00e9mico del Centro de Investigaci\u00f3n y Transferencia en Riego y Agroclimatolog\u00eda (CITRA).\u202f\u00a0<\/a><\/div><div>\u00a0<\/div><div><b>CNN CHILE\u00a0<br \/><\/b><a href=\"https:\/\/www.cnnchile.com\/lodijeronencnn\/mapa-nutricional-escolar-2023-3-cada-5-alumnos-quinto-basico-tienen-sobrepeso-obesidad_20240520\/\">Mapa Nutricional escolar 2023: 3 de cada 5 alumnos de quinto b\u00e1sico tienen sobrepeso u obesidad. Se refiere Mauricio Orellana, acad\u00e9mico Escuela de Nutrici\u00f3n y Diet\u00e9tica.\u00a0<\/a><\/div><div>\u00a0<\/div><div><b>RADIO ADN\u00a0<br \/><\/b><a href=\"https:\/\/www.litoralpress.cl\/sitio\/RadioTV_Detalles.cshtml?LPKey=MO4XBI74XWXN66AW5J3QRC4FHOCB6W3PQJ7NGEYEEYS5ZM4K3EMVMS7LQTO3NZSHISVMF752RXESI\">Alertan casos de personas contagiadas con 2 virus respiratorios simult\u00e1neamente. Se refiere Erika Retamal, directora de departamento de Salud P\u00fablica.\u00a0<\/a><b><br \/><\/b><\/div><div>\u00a0<\/div><div><b>CANAL 30 MULTICOM\u00a0<br \/><\/b><a href=\"https:\/\/www.litoralpress.cl\/sitio\/RadioTV_Detalles.cshtml?LPKey=J7ASHAKQAAIPY5ZUX7JW4OQHAFNQK4V4GTK3DHHOG3VKFLGFA6FKQEZATDSH4E546BSLUQJXQQ2PY\">Contagios por influenza se han duplicado. Se refiere Mar\u00eda Ester Mu\u00f1oz, acad\u00e9mica de la Escuela de Enfermer\u00eda.\u00a0<\/a><br \/><br \/><\/div><div><b>RADIO CRISTALINA\u00a0<br \/><\/b><a href=\"https:\/\/radiocristalina.cl\/salud-contagios-por-influenza-se-han-duplicado-en-comparacion-al-ano-pasado\/\">Salud: contagios por influenza se han duplicado en comparaci\u00f3n al a\u00f1o pasado. Se refiere Mar\u00eda Ester Mu\u00f1oz, acad\u00e9mica de la Escuela de Enfermer\u00eda.\u00a0<\/a><br \/><br \/><\/div><div><b>CANAL TVN RED MAULE\u00a0<br \/><\/b><a href=\"https:\/\/www.litoralpress.cl\/sitio\/RadioTV_Detalles.cshtml?LPKey=Y6MEV2KNNGRUAXU5NMW65JPJULZN4EHB74LKTXHXIEPKN7ITZVRVZ46Y6LEZH7UWR5TCYVAXVNK2Q\">Aument\u00f3 contagio de influenza: Vacunaci\u00f3n llega al 65%. Se refiere Mar\u00eda Ester Mu\u00f1oz, acad\u00e9mica de la Escuela de Enfermer\u00eda.<\/a>\u00a0<\/div><div>\u00a0<\/div><div><b>LA PRENSA DE CURIC\u00d3 <\/b>\u00a0<br \/><a href=\"https:\/\/www.litoralpress.cl\/sitio\/Prensa_Detalles.cshtml?LPKey=ZZCY3OE4Y4EAQS524AHWSFH5Y5PHUGW56PMZYU62QYFZKURHIWPQ\">Jard\u00edn Bot\u00e1nico y Arboretum retoman sus visitas guiadas. Se refiere Karin Saavedra, directora general Vinculaci\u00f3n con el Medio. \u00a0<\/a><\/div><div>\u00a0<\/div><div><b>MEDIABANCO<\/b>\u00a0<br \/><a href=\"https:\/\/www.mediabanco.com\/jardin-botanico-y-arboretum-de-la-utalca-retoman-sus-visitas-guiadas\/\">Jard\u00edn Bot\u00e1nico y Arboretum de la UTalca retoman sus visitas guiadas. Se refiere Karin Saavedra, directora General de Vinculaci\u00f3n con el Medio.\u00a0 \u00a0<\/a><br \/><br \/><\/div><div><b>AD PRENSA<\/b>\u00a0<br \/><a href=\"https:\/\/www.adprensa.cl\/cronica\/jardin-botanico-y-arboretum-de-la-utalca-retoman-sus-visitas-guiadas\/\">Jard\u00edn Bot\u00e1nico y Arboretum de la UTalca retoman sus visitas guiadas. Se refiere Karin Saavedra, directora General de Vinculaci\u00f3n con el Medio.\u00a0<\/a> \u00a0<br \/><br \/><\/div><div><b>DIARIOS EN RED\u00a0<\/b><\/div><div><a href=\"https:\/\/diariosenred.com\/regional\/jardin-botanico-y-arboretum-de-la-utalca-retoman-sus-visitas-guiadas\">Jard\u00edn Bot\u00e1nico y Arboretum de la UTalca retoman sus visitas guiadas. Se refiere Karin Saavedra, directora General de Vinculaci\u00f3n con el Medio.\u00a0 \u00a0<\/a><b><br \/><\/b><\/div><div>\u00a0<\/div><div><b>RED MAULE<\/b>\u00a0<br \/><a href=\"https:\/\/redmaule.com\/regional\/jardin-botanico-y-arboretum-de-la-utalca-retoman-sus-visitas-guiadas\">Jard\u00edn Bot\u00e1nico y Arboretum de la UTalca retoman sus visitas guiadas. Se refiere Karin Saavedra, directora General de Vinculaci\u00f3n con el Medio.\u00a0 \u00a0<\/a><br \/><br \/><\/div><div><b>RED VALPARA\u00cdSO<\/b>\u00a0<br \/><a href=\"https:\/\/redvalparaiso.com\/regional\/jardin-botanico-y-arboretum-de-la-utalca-retoman-sus-visitas-guiadas\">Jard\u00edn Bot\u00e1nico y Arboretum de la UTalca retoman sus visitas guiadas. Se refiere Karin Saavedra, directora General de Vinculaci\u00f3n con el Medio.\u00a0<\/a> \u00a0<br \/><br \/><\/div><div><b>RED COQUIMBO<\/b>\u00a0<br \/><a href=\"https:\/\/redcoquimbo.com\/regional\/jardin-botanico-y-arboretum-de-la-utalca-retoman-sus-visitas-guiadas\">Jard\u00edn Bot\u00e1nico y Arboretum de la UTalca retoman sus visitas guiadas. Se refiere Karin Saavedra, directora General de Vinculaci\u00f3n con el Medio.\u00a0 \u00a0<\/a><br \/><br \/><\/div><div><b>CHILL\u00c1N ONLINE<\/b>\u00a0<br \/><a href=\"https:\/\/www.chillanonline.cl\/V7\/2024\/05\/18\/jardin-botanico-y-arboretum-de-la-utalca-retoman-sus-visitas-guiadas\/\">Jard\u00edn Bot\u00e1nico y Arboretum de la UTalca retoman sus visitas guiadas. Se refiere Karin Saavedra, directora General de Vinculaci\u00f3n con el Medio.\u00a0 \u00a0<\/a><br \/><br \/><\/div><div><b>PUBLIMICRO<\/b>\u00a0<br \/><a href=\"https:\/\/publimicro.cl\/jardin-botanico-y-arboretum-de-la-utalca-retoman-sus-visitas-guiadas\/\">Jard\u00edn Bot\u00e1nico y Arboretum de la UTalca retoman sus visitas guiadas. Se refiere Karin Saavedra, directora General de Vinculaci\u00f3n con el Medio.\u00a0<\/a> \u00a0<br \/><br \/><\/div><div><b>EL LECTOR<\/b>\u00a0<br \/><a href=\"https:\/\/www.litoralpress.cl\/paginaconsultas\/Servicios_NClipSitio\/Get_Imagen_Nota.aspx?LPKey=7FJHIFLJC2UOVOHC2AEVSEVZHDIUAKLVOAZKWDM6RX4JC4LCJZ6DTERQB4NF6JCOMQACBMKX6DS76\">Jard\u00edn Bot\u00e1nico y Arboretum de la UTalca retoman sus visitas guiadas. Se refiere Karin Saavedra, directora General de Vinculaci\u00f3n con el Medio.\u00a0 \u00a0<\/a><br \/><br \/><\/div><div><b>RADIO LAUTARO<\/b>\u00a0<br \/><a href=\"https:\/\/radiolautarotalca.cl\/jardin-botanico-de-la-utalca-retoma-sus-visitas-guiadas\/\">Jard\u00edn Bot\u00e1nico de la UTalca retoma sus visitas guiadas. Se refiere Karin Saavedra, directora General de Vinculaci\u00f3n con el Medio.\u00a0<\/a> \u00a0<br \/><br \/><\/div><div><b>SEPTIMA P\u00c1GINA NOTICIAS<\/b>\u00a0<br \/><a href=\"https:\/\/www.septimapaginanoticias.cl\/jardin-botanico-y-arboretum-de-la-utalca-retoman-sus-visitas-guiadas\">Jard\u00edn Bot\u00e1nico y Arboretum de la UTalca retoman sus visitas guiadas. Se refiere Karin Saavedra, directora General de Vinculaci\u00f3n con el Medio.\u00a0 Se refiere Karin Saavedra, directora General de Vinculaci\u00f3n con el Medio.\u00a0 \u00a0<\/a><br \/><br \/><\/div><div><b>MEDIABANCO<\/b>\u00a0<br \/><a href=\"https:\/\/www.mediabanco.com\/utalca-celebrara-el-dia-de-los-patrimonios-en-su-galeria-de-arte-nuga\/\">UTalca celebrar\u00e1 el D\u00eda de los Patrimonios en su Galer\u00eda de Arte NUGA. Se refiere Marcela Albornoz, directora de Extensi\u00f3n Cultural-Art\u00edstica.\u00a0 \u00a0<\/a><br \/><br \/><\/div><div><b>AD PRENSA\u00a0<br \/><\/b><a href=\"https:\/\/www.adprensa.cl\/cronica\/utalca-celebrara-el-dia-de-los-patrimonios-en-su-galeria-de-arte-nuga\/\">UTalca celebrar\u00e1 el D\u00eda de los Patrimonios en su Galer\u00eda de Arte NUGA. Se refiere Marcela Albornoz, directora de Extensi\u00f3n Cultural-Art\u00edstica.\u00a0 \u00a0<\/a><b><br \/><\/b><\/div><div>\u00a0<\/div><div><b>CHILL\u00c1N ONLINE<\/b>\u00a0<br \/><a href=\"https:\/\/www.chillanonline.cl\/V7\/2024\/05\/21\/utalca-celebrara-el-dia-de-los-patrimonios-en-su-galeria-de-arte-nuga\/\">UTalca celebrar\u00e1 el D\u00eda de los Patrimonios en su Galer\u00eda de Arte NUGA. Se refiere Marcela Albornoz, directora de Extensi\u00f3n Cultural-Art\u00edstica.\u00a0<\/a> \u00a0<br \/><br \/><\/div><div><b>DIARIO EL CENTRO<\/b>\u00a0<br \/><a href=\"https:\/\/www.diarioelcentro.cl\/2024\/05\/17\/relatos-del-maule-escritos-por-rigon-benoit-en-el-siglo-xx-seran-ordenados-y-conservados\/\">Relatos del Maule escritos por Rig\u00f3n Benoit en el siglo XX ser\u00e1n ordenados y conservados. Se refiere V\u00edctor Brangier Pe\u00f1ailillo, director del Centro de Documentaci\u00f3n Patrimonial (CDP).\u00a0<\/a><br \/><br \/><\/div><div><b>SOMOS MAULE<\/b>\u00a0<br \/><a href=\"http:\/\/somosmaule.cl\/publico\/ficha\/ficha.aspx?i=69924\">UTalca se adjudica fondo internacional para organizar hist\u00f3ricos archivos de Talca. Se refiere V\u00edctor Brangier Pe\u00f1ailillo, director del Centro de Documentaci\u00f3n Patrimonial (CDP) y Diana Caro, archivista del CDP.\u00a0 \u00a0<\/a><br \/><br \/><\/div><div><b>PUBLIMICRO<\/b>\u00a0<br \/><a href=\"https:\/\/noticias.uestatales.cl\/utalca-se-adjudica-fondo-internacional-para-organizar-historicos-archivos-de-talca\">Universidad de Talca se adjudica fondo internacional para organizar hist\u00f3ricos archivos de la capital del Maule. Se refiere V\u00edctor Brangier Pe\u00f1ailillo, director del Centro de Documentaci\u00f3n Patrimonial (CDP) y Diana Caro, archivista del CDP.\u00a0 \u00a0<\/a>\u00a0<br \/><br \/><\/div><div><b>CONSORCIO DE UNIVERSDIDADES DEL ESTADO DE CHILE<\/b>\u00a0<br \/><a href=\"https:\/\/noticias.uestatales.cl\/utalca-se-adjudica-fondo-internacional-para-organizar-historicos-archivos-de-talca\">UTalca se adjudica fondo internacional para organizar hist\u00f3ricos archivos de Talca. UTalca se adjudica fondo internacional para organizar hist\u00f3ricos archivos de Talca. Se refiere V\u00edctor Brangier Pe\u00f1ailillo, director del Centro de Documentaci\u00f3n Patrimonial (CDP) y Diana Caro, archivista del CDP.\u00a0 \u00a0<\/a><br \/><br \/><\/div><div><b>EL LECTOR<\/b>\u00a0<br \/><a href=\"https:\/\/www.litoralpress.cl\/paginaconsultas\/Servicios_NClipSitio\/Get_Imagen_Nota.aspx?LPKey=A3ZXDWMYFS3OQAMSRF4NWCGBXYR6GLURGFF62KEUJ6555ZFQD4CBH6OYAEKH3S4NVPI4U2ACCUPB2\">UTalca se adjudica fondo internacional para organizar hist\u00f3ricos archivos de Talca. V\u00edctor Brangier Pe\u00f1ailillo, director del Centro de Documentaci\u00f3n Patrimonial (CDP) y Diana Caro, archivista del CDP.<\/a>\u00a0 \u00a0<br \/><br \/><\/div><div><b>EN L\u00cdNEA MAULE<\/b>\u00a0<br \/><a href=\"https:\/\/enlineamaule.cl\/archivo\/55678\">Las regiones Metropolitana, Valpara\u00edso y Biob\u00edo re\u00fanen el 68% de los m\u00e9dicos especialistas. Sin embargo, en otras zonas existe d\u00e9ficit de profesionales. Se refiere Ernesto Sol\u00eds, director Escuela de Medicina.<\/a> \u00a0<br \/><br \/><\/div><div><b>RADIO LAUTARO<\/b>\u00a0<br \/><a href=\"https:\/\/radiolautarotalca.cl\/informe-presentado-por-la-superintendencia-de-salud-dio-cuenta-que-hay-deficit-de-medicos-especialistas-en-chile\/\">Informe presentado por la Superintendencia de Salud dio cuenta que hay d\u00e9ficit de m\u00e9dicos especialistas en Chile. Se refiere Ernesto Sol\u00eds A\u00f1ez, director de la Escuela de Medicina.\u00a0<\/a><\/div><div>\u00a0<\/div><div><b>MEDIABANCO<\/b>\u00a0<br \/><a href=\"https:\/\/www.mediabanco.com\/estudio-busca-identificar-las-motivaciones-que-tienen-los-agricultores-en-la-conservacion-de-recursos-naturales\/\">Estudio busca identificar las motivaciones que tienen los agricultores en la conservaci\u00f3n de recursos naturales. Se refiere Roberto Jara, acad\u00e9mico Facultad de Ciencias Agrarias. \u00a0<\/a><br \/><br \/><\/div><div><b>AD PRENSA<\/b>\u00a0<br \/><a href=\"https:\/\/www.adprensa.cl\/cronica\/estudio-busca-identificar-las-motivaciones-que-tienen-los-agricultores-en-la-conservacion-de-recursos-naturales\/\">Estudio busca identificar las motivaciones que tienen los agricultores en la conservaci\u00f3n de recursos naturales. Se refiere Roberto Jara, acad\u00e9mico Facultad de Ciencias Agrarias.\u00a0<\/a><br \/><br \/><\/div><div><b>RADIO LAUTARO<\/b>\u00a0<br \/><a href=\"https:\/\/radiolautarotalca.cl\/investigacion-permitira-disenar-una-hoja-de-ruta-para-la-preservacion-de-cultivos-como-vinedos-y-berries\/\">Investigaci\u00f3n permitir\u00e1 dise\u00f1ar una hoja de ruta para la preservaci\u00f3n de cultivos como vi\u00f1edos y berries. Se refiere Roberto Jara, acad\u00e9mico Facultad de Ciencias Agrarias.\u00a0<\/a><br \/><br \/><\/div><div><b>G5 NOTICIA\u00a0<br \/><\/b><a href=\"https:\/\/g5noticias.cl\/2024\/05\/21\/estudio-busca-identificar-las-motivaciones-que-tienen-los-agricultores-en-la-conservacion-de-recursos-naturales\/\">Estudio busca identificar las motivaciones que tienen los agricultores en la conservaci\u00f3n de recursos naturales. Se refiere Roberto Jara, acad\u00e9mico Facultad de Ciencias Agrarias.\u00a0<\/a><b><br \/><\/b><\/div><div>\u00a0<\/div><div><b>PORTAL EDUCA<\/b>\u00a0<br \/><a href=\"https:\/\/portaleduca.cl\/que-es-el-vishing-y-como-podemos-defendernos-de-esta-ciberestafa\/\">\u00bfQu\u00e9 es el vishing y c\u00f3mo podemos defendernos de esta ciberestafa? Se refiere H\u00e9ctor Mu\u00f1oz, jefe de la Unidad de seguridad digital.\u00a0<\/a><br \/><br \/><\/div><div><b>SOMOS MAULE<\/b>\u00a0<br \/><a href=\"http:\/\/somosmaule.cl\/publico\/ficha\/ficha.aspx?i=67944\">Explora Maule lanz\u00f3 programa de actividades para el 2024. Se refiere C\u00e9sar Retamal Bravo, Jefe de Unidad de Divulgaci\u00f3n.\u00a0<\/a><br \/><br \/><\/div><div><b>PA\u00cdS LOBO <\/b>\u00a0<br \/><a href=\"https:\/\/www.paislobo.cl\/2024\/05\/investigadores-destacan-beneficios-de-los-porotos-para-envejecer-saludablemente.html\">Investigadores destacan beneficios de los porotos para envejecer saludablemente. Se refiere Iv\u00e1n Palomo Gonz\u00e1lez, Facultad de Ciencias\u202fde la Salud.\u00a0<\/a><br \/><br \/><\/div><div><b>REGIONES NOTICIAS<\/b>\u00a0<br \/><a href=\"https:\/\/regionesnoticias.cl\/la-araucania\/2024\/05\/15\/academicos-del-cies-crean-innovadora-aplicacion-para-telefonos-moviles\/39678\">Acad\u00e9micos del CIES crean innovadora aplicaci\u00f3n para tel\u00e9fonos m\u00f3viles. Se refiere Soraya Le\u00f3n, acad\u00e9mica Facultad de Odontolog\u00eda.\u00a0<\/a><br \/><br \/><\/div><div><b>MEGANOTICIAS<\/b>\u00a0<br \/><a href=\"https:\/\/www.meganoticias.cl\/nacional\/447934-mauricio-morales-pesadilla-constitucional-continua-reformas-congreso-parlamentarios-partidos-politicos-fds01-19-05-2024.html\">Columna &#8220;La pesadilla constitucional contin\u00faa&#8221;. Se refiere Mauricio Morales, director Centro de An\u00e1lisis Pol\u00edtico (CAP).\u00a0<\/a><br \/><br \/><\/div><div><b>RADIO INFINITA<\/b>\u00a0<br \/><a href=\"https:\/\/www.infinita.cl\/programas\/ahora-es-cuando\/2024\/05\/20\/ahora-es-cuando-20-de-mayo-del-2024.html\">Ahora es Cuando. Se refiere Mauricio Morales, director Centro de An\u00e1lisis Pol\u00edtico (CAP).\u00a0<\/a><br \/><br \/><\/div><div><b>RADIO BIOBIO<\/b>\u00a0<br \/><a href=\"https:\/\/www.biobiochile.cl\/noticias\/nacional\/chile\/2024\/05\/20\/de-camaleones-a-travestis-el-espiral-de-descredito-que-emprendio-kast-para-ganar-votos-de-matthei.shtml\">De &#8220;camaleones&#8221; a &#8220;travestis&#8221;: el espiral de descr\u00e9dito que emprendi\u00f3 Kast para ganar votos de Matthei. Se refiere Mauricio Morales, director Centro de An\u00e1lisis Pol\u00edtico (CAP).\u00a0<\/a><br \/>\u00a0<\/div><div><b>LA \u00daLTIMAS NOTICIAS<\/b>\u00a0<br \/><a href=\"https:\/\/www.litoralpress.cl\/paginaconsultas\/Servicios_NClipSitio\/Get_Imagen_Nota.aspx?LPKey=XG266IJ2VUM4F4LB5CISFMKP75I4MJQXOL7HMKLWDJCH4UQREBKZXH72DARCKLJRRI6U53PKR74LI\">Pepe Auth analiza decisi\u00f3n de Jorge Sharp de no repostular como alcalde: &#8220;Claramente va de candidato a senador\u201d. Se refiere Mauricio Morales Quiroga, director Centro de An\u00e1lisis Pol\u00edtico (CAP).\u00a0<\/a><br \/><br \/><\/div><div><b>RADIO INFINITA<\/b>\u00a0<br \/><a href=\"https:\/\/www.litoralpress.cl\/sitio\/RadioTV_Detalles.cshtml?LPKey=JLYF754MKU223OUZPTXXFFDNE3PWL7PRDCYPYGVYUI3CMZLIAWX7YODQWV66Y7EFFLHMIN2WOY6QA\">Comentario de pol\u00edtica de Mauricio Morales Quiroga, director Centro de An\u00e1lisis Pol\u00edtico (CAP).\u00a0<\/a><br \/><br \/><\/div><div><b>EMOL<\/b>\u00a0<br \/><a href=\"https:\/\/www.nostalgica.cl\/dualidad-o-ambivalencia-el-debate-que-deja-el-ultimo-episodio-de-la-dificil-relacion-entre-gobierno-y-empresarios\/\">\u00bfDualidad o ambivalencia?: El debate que deja el \u00faltimo episodio de la dif\u00edcil relaci\u00f3n entre Gobierno y empresarios. Se refiere Mauricio Morales Quiroga, director Centro de An\u00e1lisis Pol\u00edtico (CAP).\u00a0<\/a><br \/><br \/><\/div><div><b>RADIO NOST\u00c1LGICA<\/b>\u00a0<br \/><a href=\"https:\/\/www.nostalgica.cl\/dualidad-o-ambivalencia-el-debate-que-deja-el-ultimo-episodio-de-la-dificil-relacion-entre-gobierno-y-empresarios\/\">Los movimientos de Boric a d\u00edas de la Cuenta P\u00fablica y el debate abierto: \u00bfQu\u00e9 se juega? Se refiere Mauricio Morales Quiroga, director Centro de An\u00e1lisis Pol\u00edtico (CAP).\u00a0<\/a><br \/><br \/><\/div><div><b>LAS \u00daLTIMAS NOTICIAS<\/b>\u00a0<br \/><a href=\"https:\/\/www.litoralpress.cl\/paginaconsultas\/Servicios_NClipSitio\/Get_Imagen_Nota.aspx?LPKey=XG266IJ2VUM4F4LB5CISFMKP75I4MJQXOL7HMKLWDJCH4UQREBKZXH72DARCKLJRRI6U53PKR74LI\">Pepe Auth analiza decisi\u00f3n de Jorge Sharp de no repostular como alcalde: &#8220;Claramente va de candidato a senador\u201d. Se refiere Mauricio Morales Quiroga, director Centro de An\u00e1lisis Pol\u00edtico (CAP).\u00a0<\/a><br \/><br \/><\/div><div><b>EMOL<\/b>\u00a0<br \/><a href=\"https:\/\/araucaniadiario.cl\/contenido\/24259\/elecciones-primarias-que-se-vota-y-cuales-son-los-detalles-de-este-proceso\">Los movimientos de Boric a d\u00edas de la Cuenta P\u00fablica y el debate abierto: \u00bfQu\u00e9 se juega? Se refiere Mauricio Morales Quiroga, director Centro de An\u00e1lisis Pol\u00edtico (CAP).\u00a0<\/a><br \/><br \/><\/div><div><b>PUBLIMETRO<\/b>\u00a0<br \/><a href=\"https:\/\/www.litoralpress.cl\/sitio\/Prensa_Detalles.cshtml?LPKey=MTBGRLRAKQNFM5MLESB3EPYSCRJPIA3TRX2QLIJMDD7FY2KF35PA\">La &#8220;metamorfosis&#8221; de Boric, bajo lupa. Se refiere Mario Herrera, acad\u00e9mico del Centro de An\u00e1lisis Pol\u00edtico (CAP). \u00a0<\/a><br \/><br \/><\/div><div><b>CANAL TVN RED MAULE<\/b>\u00a0<br \/><a href=\"https:\/\/www.litoralpress.cl\/sitio\/RadioTV_Detalles.cshtml?LPKey=XINS4BHEOPCRYCTLLOSHBK5O7FT7WTBZGZGTIQTW53NBHGNCGJGRASSKTM35DAN7GTGSTIUWZTI4C\">Encuesta de la UC: Destacan probidad y calidad de servicios p\u00fablicos. Se refiere Mario Herrera Mu\u00f1oz, acad\u00e9mico del Centro de An\u00e1lisis Pol\u00edtico (CAP)\u00a0<\/a><br \/><br \/><\/div><div><b>ARAUCAN\u00cdA DIARIO <\/b>\u00a0<br \/><a href=\"https:\/\/araucaniadiario.cl\/contenido\/24259\/elecciones-primarias-que-se-vota-y-cuales-son-los-detalles-de-este-proceso\">Elecciones primarias: \u00bfQu\u00e9 se vota y cu\u00e1les son los detalles de este proceso? Se refiere Mario Herrera Mu\u00f1oz, acad\u00e9mico del Centro de An\u00e1lisis Pol\u00edtico (CAP).\u00a0<\/a><br \/><br \/><\/div><div><b>EST\u00c1 PASANDO\u00a0<br \/><\/b><a href=\"https:\/\/estapasando.cl\/los-posibles-efectos-de-la-muerte-del-presidente-irani-en-el-escenario-internacional\/\">Los posibles efectos de la muerte del presidente iran\u00ed en el escenario internacional. Se refiere Alejandra M\u00e1rquez, acad\u00e9mica Facultad de Ciencias Sociales y Jur\u00eddicas.<\/a> <b><br \/><\/b><br \/><b>RADIO LAUTARO<\/b>\u00a0<br \/><a href=\"https:\/\/radiolautarotalca.cl\/a-20-anos-de-ley-que-regulo-el-divorcio-en-chile-en-que-se-ha-avanzado\/\">A 20 a\u00f1os de ley que regul\u00f3 el divorcio en Chile: \u00bfen qu\u00e9 se ha avanzado? Se refiere Jorge del Pic\u00f3 Rubio, director del Centro de Derechos de las Minor\u00edas y Gesti\u00f3n de la Diversidad.\u00a0<\/a><br \/><br \/><\/div><div><b>IDEALEX<\/b>\u00a0<br \/><a href=\"https:\/\/www.diarioelcentro.cl\/2024\/05\/21\/dia-del-abogado\/\">Naci\u00f3n m\u00e1s favorecida: \u00bfuna cl\u00e1usula arbitral justa? Se refiere Mar\u00eda Fernanda V\u00e1squez, acad\u00e9mica de la Facultad de ciencias Jur\u00eddicas y Sociales. \u00a0<\/a><br \/><br \/><\/div><div><b>DIARIO EL CENTRO<\/b>\u00a0<br \/><a href=\"https:\/\/www.diarioelcentro.cl\/2024\/05\/21\/dia-del-abogado\/\">D\u00eda del abogado. Se refiere Diego Palomo, acad\u00e9mico Facultad de Ciencias Sociales y Jur\u00eddicas.\u00a0<\/a><br \/><br \/><\/div><div><b>EL MAULE INFORMA<\/b>\u00a0<br \/><a href=\"https:\/\/elmauleinforma.cl\/con-mas-de-200-asistentes-se-realizo-agrogenera-maule-innnovacion-y-sostenibilidad-ante-cambio-climatico\/\">Con m\u00e1s de 200 asistentes se realiz\u00f3 Agrogenera Maule: Innnovaci\u00f3n y sostenibilidad ante cambio clim\u00e1tico. Se menciona la Universidad de Talca. \u00a0<\/a><\/div><div>\u00a0<\/div><div><b>DE MAR A CORDILLERA<\/b>\u00a0<br \/><a href=\"https:\/\/demaracordilleratv.cl\/2024\/05\/20\/investigadores-aconsejan-comer-porotos-para-envejecer-saludablemente\/\">Investigadores aconsejan comer porotos para envejecer saludablemente. Se menciona la Universidad de Talca. \u00a0<\/a><br \/><br \/><\/div><div><b>VIDA Y SALUD<\/b>\u00a0<br \/><a href=\"https:\/\/vidaysalud.la\/comer-sano\/2024\/05\/21\/investigadores-destacan-beneficios-de-los-porotos-para-envejecer-saludablemente.html\">Investigadores aconsejan comer porotos para envejecer saludablemente. Se menciona la Universidad de Talca.\u00a0<\/a><br \/><br \/><\/div><div><b>EL DIARIO DE MAULE<\/b>\u00a0<br \/><a href=\"https:\/\/eldiariodemaule.cl\/ministra-de-las-culturas-carolina-arredondo-presenta-cuenta-publica-participativa-en-la-region-del-maule\/\">Ministra de las Culturas Carolina Arredondo presenta Cuenta P\u00fablica Participativa en la regi\u00f3n del Maule. Se menciona la Universidad de Talca.\u00a0<\/a><br \/><br \/><\/div><div><b>DIARIO EL HERALDO<\/b>\u00a0<br \/><a href=\"https:\/\/www.diarioelheraldo.cl\/noticia\/ministra-carolina-arredondo-presenta-cuenta-publica-participativa-en-el-maule-como-parte-de-la-convencion-nacional-de-las-culturas-\">Ministra Carolina Arredondo presenta Cuenta P\u00fablica Participativa en el Maule como parte de la Convenci\u00f3n Nacional de las Culturas. Se menciona la Universidad de Talca.\u00a0<\/a><br \/><br \/><\/div><div><b>LINARES EN L\u00cdNEA <\/b>\u00a0<br \/><a href=\"https:\/\/www.linaresenlinea.cl\/2024\/05\/17\/convencion-nacional-de-las-culturas-ministra-carolina-arredondo-presento-cuenta-publica-participativa-en-el-maule\/\">Convenci\u00f3n Nacional de las Culturas: Ministra Carolina Arredondo present\u00f3 Cuenta P\u00fablica Participativa en el Maule. Se menciona la Universidad de Talca.\u00a0<\/a><\/div><div>\u00a0<\/div><div><b>EN LINEA MAULE<\/b>\u00a0<br \/><a href=\"https:\/\/enlineamaule.cl\/archivo\/55666\">Ministra de Cultura efectu\u00f3 Cuenta P\u00fablica en la regi\u00f3n del Maule Se menciona la Universidad de Talca.\u00a0<\/a><br \/><br \/><\/div><div><b>DIARIO EL HERALDO<\/b>\u00a0<br \/><a href=\"https:\/\/www.litoralpress.cl\/paginaconsultas\/Servicios_NClipSitio\/Get_Imagen_Nota.aspx?LPKey=JVTQCNRJV3S5IALI6VOY6MVYI4D3V2HLVZ2RZFDG7RSOQL7XUM4BFWV32HPR5QZ52U3GU25AACVIK\">Ministra Carolina Arredondo presenta Cuenta P\u00fablica Participativa en el Maule como parte de la Convenci\u00f3n Nacional de las Culturas. Se menciona la Universidad de Talca.\u00a0<\/a><br \/><br \/><\/div><div><b>PUBLIMICRO<\/b>\u00a0<br \/><a href=\"https:\/\/publimicro.cl\/ministerio-de-las-culturas-patrimonios-y-las-artes-realizo-su-cuenta-publica-2024-en-la-region-del-maule\/\">Ministerio de las Culturas, Patrimonios y las Artes realiz\u00f3 su Cuenta P\u00fablica 2024 en la Regi\u00f3n del Maule. Se menciona la Universidad de Talca.\u00a0<\/a><\/div><div>\u00a0<\/div><div><b>INDUAMBIENTE<\/b>\u00a0<br \/><a href=\"https:\/\/www.induambiente.com\/y-la-eficiencia-energetica\">\u00bfY la Eficiencia Energ\u00e9tica? Se menciona la Universidad de Talca.\u00a0<\/a><br \/><br \/><\/div><div><b>LA TERCERA<\/b>\u00a0<br \/><a href=\"https:\/\/www.litoralpress.cl\/paginaconsultas\/Servicios_NClipSitio\/Get_Imagen_Nota.aspx?LPKey=TSQ4QLICZXFGBFUJ5IR4BX7BVEZ6BOQ32A2X7DQ6UWEFSOQO6EEP4EL4MNIRHRKU4I3Q5YWRWS2MI\">Muere Carmen Berenguer, destacada poeta nacional. Se menciona la Universidad de Talca.\u00a0<\/a><\/div><div>\u00a0<\/div><div><b>LA PRENSA DE CURIC\u00d3<\/b>\u00a0<br \/><a href=\"https:\/\/www.litoralpress.cl\/paginaconsultas\/Servicios_NClipSitio\/Get_Imagen_Nota.aspx?LPKey=6KQY3MIHMB2EFSY2UGXWFHSOUNG25LBAIEDXFNYV3PJHIM5PA4RSIR7UFECJPCX7GTM7Z7LNOBFQO\">Talca se consolida como polo urbano a nivel nacional. Se menciona la Universidad de Talca. \u00a0<\/a><br \/><br \/><\/div>\t\t\t\t\t\t<\/div>\n\t\t\t\t<\/div>\n\t\t\t\t\t<\/div>\n\t\t<\/div>\n\t\t\t\t\t\t\t<\/div>\n\t\t<\/section>\n\t\t\t\t\t\t<\/div>\n\t\t\t\t\t<\/div>\n\t\t","protected":false},"excerpt":{"rendered":"<p>EL MOSTRADOR\u00a0Inauguran memorial en honor al padre de la escultura en Chile. Se refiere Carlos Torres Fuchslocher, rector y Marcela Albornoz Dachelet,, directora de Extensi\u00f3n Cultural-Art\u00edstica. \u00a0\u00a0CANAL 30 LINARES\u00a0Se abri\u00f3 memorial a Nicanor Parra. Se refiere Carlos Torres Fuchslocher, rector y Marcela Albornoz Dachelet, directora de Extensi\u00f3n Cultural-Art\u00edstica.\u00a0 AD PRENSA\u00a0UTalca inaugur\u00f3 memorial en honor al &hellip;<\/p>\n<p class=\"read-more\"> <a class=\"\" href=\"https:\/\/www.reportedeprensa.utalca.cl\/?p=9810\"> <span class=\"screen-reader-text\">22 de mayo de 2024<\/span> Read More &raquo;<\/a><\/p>\n","protected":false},"author":1,"featured_media":0,"comment_status":"closed","ping_status":"open","sticky":false,"template":"","format":"standard","meta":{"_monsterinsights_skip_tracking":false,"_monsterinsights_sitenote_active":false,"_monsterinsights_sitenote_note":"","_monsterinsights_sitenote_category":0},"categories":[48],"tags":[],"_links":{"self":[{"href":"https:\/\/www.reportedeprensa.utalca.cl\/index.php?rest_route=\/wp\/v2\/posts\/9810"}],"collection":[{"href":"https:\/\/www.reportedeprensa.utalca.cl\/index.php?rest_route=\/wp\/v2\/posts"}],"about":[{"href":"https:\/\/www.reportedeprensa.utalca.cl\/index.php?rest_route=\/wp\/v2\/types\/post"}],"author":[{"embeddable":true,"href":"https:\/\/www.reportedeprensa.utalca.cl\/index.php?rest_route=\/wp\/v2\/users\/1"}],"replies":[{"embeddable":true,"href":"https:\/\/www.reportedeprensa.utalca.cl\/index.php?rest_route=%2Fwp%2Fv2%2Fcomments&post=9810"}],"version-history":[{"count":4,"href":"https:\/\/www.reportedeprensa.utalca.cl\/index.php?rest_route=\/wp\/v2\/posts\/9810\/revisions"}],"predecessor-version":[{"id":9815,"href":"https:\/\/www.reportedeprensa.utalca.cl\/index.php?rest_route=\/wp\/v2\/posts\/9810\/revisions\/9815"}],"wp:attachment":[{"href":"https:\/\/www.reportedeprensa.utalca.cl\/index.php?rest_route=%2Fwp%2Fv2%2Fmedia&parent=9810"}],"wp:term":[{"taxonomy":"category","embeddable":true,"href":"https:\/\/www.reportedeprensa.utalca.cl\/index.php?rest_route=%2Fwp%2Fv2%2Fcategories&post=9810"},{"taxonomy":"post_tag","embeddable":true,"href":"https:\/\/www.reportedeprensa.utalca.cl\/index.php?rest_route=%2Fwp%2Fv2%2Ftags&post=9810"}],"curies":[{"name":"wp","href":"https:\/\/api.w.org\/{rel}","templated":true}]}}