{"id":9821,"date":"2024-05-23T14:01:34","date_gmt":"2024-05-23T17:01:34","guid":{"rendered":"https:\/\/www.reportedeprensa.utalca.cl\/?p=9821"},"modified":"2024-05-23T16:44:03","modified_gmt":"2024-05-23T19:44:03","slug":"23-de-mayo-de-2024","status":"publish","type":"post","link":"https:\/\/www.reportedeprensa.utalca.cl\/?p=9821","title":{"rendered":"23 de mayo de 2024"},"content":{"rendered":"\t\t<div data-elementor-type=\"wp-post\" data-elementor-id=\"9821\" class=\"elementor elementor-9821\" data-elementor-settings=\"[]\">\n\t\t\t\t\t\t\t<div class=\"elementor-section-wrap\">\n\t\t\t\t\t\t\t<section class=\"elementor-section elementor-top-section elementor-element elementor-element-bcea1a8 elementor-section-boxed elementor-section-height-default elementor-section-height-default\" data-id=\"bcea1a8\" data-element_type=\"section\">\n\t\t\t\t\t\t<div class=\"elementor-container elementor-column-gap-default\">\n\t\t\t\t\t<div class=\"elementor-column elementor-col-100 elementor-top-column elementor-element elementor-element-e7183bf\" data-id=\"e7183bf\" data-element_type=\"column\">\n\t\t\t<div class=\"elementor-widget-wrap elementor-element-populated\">\n\t\t\t\t\t\t\t\t<div class=\"elementor-element elementor-element-58d7315 elementor-widget elementor-widget-text-editor\" data-id=\"58d7315\" data-element_type=\"widget\" data-widget_type=\"text-editor.default\">\n\t\t\t\t<div class=\"elementor-widget-container\">\n\t\t\t\t\t\t\t\t<div><b>MAULE HOY\u00a0<br \/><\/b><a href=\"https:\/\/maulehoy.cl\/2024\/05\/22\/utalca-fortalece-vinculacion-para-el-crecimiento-de-su-campus-colchagua\/\">UTalca fortalece vinculaci\u00f3n para el crecimiento de su Campus Colchagua. Se refiere Carlos Torres Fuchslocher, rector; y Patricio G\u00f3mez, director Campus Colchagua.\u00a0<\/a><b><br \/><\/b><b>\u00a0\u00a0<\/b><\/div><div><b>LA PRENSA DE CURIC\u00d3\u00a0<br \/><\/b><a href=\"https:\/\/www.litoralpress.cl\/paginaconsultas\/Servicios_NClipSitio\/Get_Imagen_Nota.aspx?LPKey=BNYQDVSY3IL7RBRMSDILRYY2GOYU4TA7LLWXTNUBBQ4NXIRNUBJY265UCUDSIWZGPW7GONLNQ5LPG\">UTalca celebrar\u00e1 el D\u00eda del Patrimonio. Se refiere Marcela Albornoz Dachelet, directora de Extensi\u00f3n Cultural-Art\u00edstica.\u00a0<\/a><b><br \/><\/b><b>\u00a0<\/b><\/div><div><b>PUBLIMICRO<\/b>\u00a0<br \/><a href=\"https:\/\/publimicro.cl\/universidad-de-talca-celebrara-el-dia-de-los-patrimonios-en-su-galeria-de-arte-nuga-junto-a-ninos-de-la-teleton-y-el-injuv\/\">Universidad de Talca celebrar\u00e1 el D\u00eda de los Patrimonios en su Galer\u00eda de Arte NUGA, junto a ni\u00f1os de la Telet\u00f3n y el INJUV. Se refiere Marcela Albornoz Dachelet, directora de Extensi\u00f3n Cultural-Art\u00edstica.\u00a0<\/a><\/div><div>\u00a0<\/div><div><b>LA PRENSA DE CURIC\u00d3 \u00a0<br \/><\/b><a href=\"https:\/\/www.litoralpress.cl\/sitio\/Prensa_Detalles.cshtml?LPKey=ZZCY3OE4Y4EAQS524AHWSFH5Y5PHUGW56PMZYU62QYFZKURHIWPQ\">Jard\u00edn Bot\u00e1nico y Arboretum retoman sus visitas guiadas. Se refiere Karin Saavedra, directora general Vinculaci\u00f3n con el Medio. \u00a0<\/a><b><br \/><\/b><\/div><div>\u00a0<\/div><div><b>MAULE HOY<\/b>\u00a0<br \/><a href=\"https:\/\/maulehoy.cl\/2024\/05\/22\/jardin-botanico-y-arboretum-de-la-utalca-retoman-sus-visitas-guiadas\/\">Jard\u00edn Bot\u00e1nico y Arboretum de la UTalca retoman sus visitas guiadas. Se refiere Karin Saavedra, directora general Vinculaci\u00f3n con el Medio.\u00a0<\/a><\/div><div>\u00a0<\/div><div><b>PUBLIMETRO\u00a0<br \/><\/b><a href=\"https:\/\/www.litoralpress.cl\/paginaconsultas\/Servicios_NClipSitio\/Get_Imagen_Nota.aspx?LPKey=D5XX2VZPCQIDSUIO3SY4WPV7TZLXHVLFTX34E5O2Y53HDATQ2YQ2X3JIVDC2UA3NKHROGHSZRE25Q\">Primarias de alcaldes y gobernadores, una elecci\u00f3n de baja Intensidad. Se refiere Mario Herrera Mu\u00f1oz, acad\u00e9mico de la Facultad de Ciencias Jur\u00eddicas y Sociales.\u00a0<\/a><b><br \/><\/b><\/div><div>\u00a0<\/div><div><b>G5 NOTICIA\u00a0<br \/><\/b><a href=\"https:\/\/g5noticias.cl\/2024\/05\/21\/estudio-busca-identificar-las-motivaciones-que-tienen-los-agricultores-en-la-conservacion-de-recursos-naturales\/\">Estudio busca identificar las motivaciones que tienen los agricultores en la conservaci\u00f3n de recursos naturales. Se refiere Roberto Jara Rojas, acad\u00e9mico de la Facultad de Ciencias Agrarias.\u00a0<\/a><b><br \/><\/b><\/div><div>\u00a0<\/div><div><b>EL MAULE INFORMA<\/b>\u00a0<br \/><a href=\"https:\/\/elmauleinforma.cl\/estudio-busca-identificar-las-motivaciones-que-tienen-los-agricultores-en-la-conservacion-de-recursos-naturales\/\">Estudio busca identificar las motivaciones que tienen los agricultores en la conservaci\u00f3n de recursos naturales. Se refiere Roberto Jara Rojas, acad\u00e9mico de la Facultad de Ciencias Agrarias.\u00a0<\/a><br \/><br \/><\/div><div><b>AD PRENSA\u00a0<br \/><\/b><a href=\"https:\/\/www.adprensa.cl\/actividades-academicas\/reduflacion-que-es-y-como-impacta-a-los-consumidores-2\/\">Reduflaci\u00f3n: \u00bfQu\u00e9 es y c\u00f3mo impacta a los consumidores? Se refiere Milton Inostroza, acad\u00e9mico de la Facultad de Econom\u00eda y Negocios.\u00a0<\/a><b><br \/><\/b><\/div><div>\u00a0<\/div><div><b>MEDIABANCO<\/b>\u00a0<br \/><a href=\"https:\/\/www.mediabanco.com\/reduflacion-que-es-y-como-impacta-a-los-consumidores\/\">Reduflaci\u00f3n: \u00bfQu\u00e9 es y c\u00f3mo impacta a los consumidores? Se refiere Milton Inostroza, acad\u00e9mico de la Facultad de Econom\u00eda y Negocios.\u00a0<\/a><br \/><br \/><\/div><div><b>EL MOSTRADOR\u00a0<br \/><\/b><a href=\"https:\/\/www.elmostrador.cl\/cultura\/ciencia-cultura\/2024\/05\/22\/proponen-nueva-estrategia-de-plantacion-con-arboles-nativos-para-la-mitigacion-del-cambio-climatico\/\">Proponen nueva estrategia de plantaci\u00f3n con \u00e1rboles nativos para la mitigaci\u00f3n del cambio clim\u00e1tico. Se refiere Alex Fajardo, acad\u00e9mico del Doctorado en Ciencias menci\u00f3n Biolog\u00eda Vegetal y Biotecnolog\u00eda.\u00a0<\/a><b><br \/><\/b><\/div><div>\u00a0<\/div><div><b>EXPLORA SUR PONIENTE<\/b>\u00a0<br \/><a href=\"https:\/\/www.explora.cl\/maule\/explora-maule-abre-inscripciones-a-curso-gratuito-de-ciencias-para-educadoras-de-parvulos-2\/\">Explora Maule inici\u00f3 actividades con comunidades escolares. Se refiere C\u00e9sar Retamal jefe de la Unidad de Divulgaci\u00f3n y Denise Quiroz, jefa de carrera Pedagog\u00eda en Educaci\u00f3n Media en Biolog\u00eda y Qu\u00edmica.\u00a0<\/a><br \/><br \/><\/div><div><b>EN L\u00cdNEA MAULE<\/b>\u00a0<br \/><a href=\"https:\/\/www.litoralpress.cl\/sitio\/RadioTV_Detalles.cshtml?LPKey=KKC5ANIS5EJLYM4BAR3ULXL2YROAFJEIZO52FJLD472COVIGQGEGZY7LPC7AGBPDPJQJ4CY4JAMMS\">Las regiones Metropolitana, Valpara\u00edso y Biob\u00edo re\u00fanen el 68% de los m\u00e9dicos especialistas. Se refiere Ernesto Sol\u00eds A\u00f1ez, director de la Escuela de Medicina\u202f\u00a0<\/a><br \/><br \/><\/div><div><b>EN L\u00cdNEA MAULE\u00a0<br \/><\/b><a href=\"https:\/\/www.litoralpress.cl\/sitio\/RadioTV_Detalles.cshtml?LPKey=AJRFPTVUVVHXOI5ORZVHWEFYZLI3QECNZOIZKKUYV6HITDIP4XJUNUDF2A7DOUKT3YXYPA7YFDGKQ\">Tras las lluvias de este lunes se esperan temperaturas bajo 0\u00b0.Se refiere Patricio Gonz\u00e1lez Colville, agroclimat\u00f3logo y acad\u00e9mico del Centro de Investigaci\u00f3n y Transferencia en Riego y Agroclimatolog\u00eda (CITRA).\u202f\u202f\u00a0<\/a><\/div><div>\u00a0<\/div><div><b>CANAL TVN RED MAULE\u00a0<br \/><\/b><a href=\"https:\/\/www.litoralpress.cl\/sitio\/RadioTV_Detalles.cshtml?LPKey=Y6MEV2KNNGRUAXU5NMW65JPJULZN4EHB74LKTXHXIEPKN7ITZVRVZ46Y6LEZH7UWR5TCYVAXVNK2Q\">Aument\u00f3 contagio de influenza: Vacunaci\u00f3n llega al 65%. Se refiere Mar\u00eda Ester Mu\u00f1oz, acad\u00e9mica de la Escuela de Enfermer\u00eda.\u00a0<\/a><b><br \/><\/b><b>\u00a0<\/b><\/div><div><b>ACTUALIDAD JUR\u00cdDICA<\/b>\u00a0<br \/><a href=\"https:\/\/actualidadjuridica.doe.cl\/dia-del-abogado-a\/\">D\u00eda del abogado\/a. Se refiere Diego Palomo, acad\u00e9mico Facultad de Ciencias Jur\u00eddicas y Sociales.\u00a0<\/a><br \/><br \/><\/div><div><b>EL MAULE INFORMA\u00a0<br \/><\/b><a href=\"https:\/\/elmauleinforma.cl\/investigadores-destacan-beneficios-de-los-porotos-para-envejecer-saludablemente\/\">Investigadores destacan beneficios de los porotos para envejecer saludablemente. Se refiere Iv\u00e1n Palomo, acad\u00e9mico de la Facultad de Ciencias de la Salud.\u00a0<\/a><b><br \/><\/b><b>\u00a0<\/b><\/div><div><b>LAS \u00daLTIMAS NOTICIAS<\/b>\u00a0<br \/><a href=\"https:\/\/www.litoralpress.cl\/sitio\/Prensa_Detalles.cshtml?LPKey=UULSA64RJWIMG6IE465PKXY5YAWP7RNHOPP67TRWL6YOZGHY35XA\">As\u00ed ser\u00e1 el examen nacional para alumnos de Odontolog\u00eda. Se menciona la Universidad de Talca.\u00a0<\/a><br \/><br \/><\/div><div><b>RADIO UCHILE<\/b>\u00a0<br \/><a href=\"https:\/\/uchile.cl\/noticias\/216588\/universidades-publicas-presentaron-examen-nacional-odontologico-2024\">Universidades P\u00fablicas presentaron Examen Nacional Odontol\u00f3gico 2024. Se menciona la Universidad de Talca.\u00a0<\/a><br \/><br \/><\/div><div class=\"x_elementToProof\"><b>CITY MAGAZINE<\/b>\u00a0<br \/><a href=\"https:\/\/citymagazine.cl\/talca-se-consolida-como-polo-urbano-a-nivel-nacional\/\">Talca se consolida como polo urbano a nivel nacional. Se menciona la Universidad de Talca.\u00a0<\/a><br \/><br \/><\/div>\t\t\t\t\t\t<\/div>\n\t\t\t\t<\/div>\n\t\t\t\t\t<\/div>\n\t\t<\/div>\n\t\t\t\t\t\t\t<\/div>\n\t\t<\/section>\n\t\t\t\t\t\t<\/div>\n\t\t\t\t\t<\/div>\n\t\t","protected":false},"excerpt":{"rendered":"<p>MAULE HOY\u00a0UTalca fortalece vinculaci\u00f3n para el crecimiento de su Campus Colchagua. Se refiere Carlos Torres Fuchslocher, rector; y Patricio G\u00f3mez, director Campus Colchagua.\u00a0\u00a0\u00a0LA PRENSA DE CURIC\u00d3\u00a0UTalca celebrar\u00e1 el D\u00eda del Patrimonio. Se refiere Marcela Albornoz Dachelet, directora de Extensi\u00f3n Cultural-Art\u00edstica.\u00a0\u00a0PUBLIMICRO\u00a0Universidad de Talca celebrar\u00e1 el D\u00eda de los Patrimonios en su Galer\u00eda de Arte NUGA, junto &hellip;<\/p>\n<p class=\"read-more\"> <a class=\"\" href=\"https:\/\/www.reportedeprensa.utalca.cl\/?p=9821\"> <span class=\"screen-reader-text\">23 de mayo de 2024<\/span> Read More &raquo;<\/a><\/p>\n","protected":false},"author":1,"featured_media":0,"comment_status":"closed","ping_status":"open","sticky":false,"template":"","format":"standard","meta":{"_monsterinsights_skip_tracking":false,"_monsterinsights_sitenote_active":false,"_monsterinsights_sitenote_note":"","_monsterinsights_sitenote_category":0},"categories":[48],"tags":[],"_links":{"self":[{"href":"https:\/\/www.reportedeprensa.utalca.cl\/index.php?rest_route=\/wp\/v2\/posts\/9821"}],"collection":[{"href":"https:\/\/www.reportedeprensa.utalca.cl\/index.php?rest_route=\/wp\/v2\/posts"}],"about":[{"href":"https:\/\/www.reportedeprensa.utalca.cl\/index.php?rest_route=\/wp\/v2\/types\/post"}],"author":[{"embeddable":true,"href":"https:\/\/www.reportedeprensa.utalca.cl\/index.php?rest_route=\/wp\/v2\/users\/1"}],"replies":[{"embeddable":true,"href":"https:\/\/www.reportedeprensa.utalca.cl\/index.php?rest_route=%2Fwp%2Fv2%2Fcomments&post=9821"}],"version-history":[{"count":7,"href":"https:\/\/www.reportedeprensa.utalca.cl\/index.php?rest_route=\/wp\/v2\/posts\/9821\/revisions"}],"predecessor-version":[{"id":9831,"href":"https:\/\/www.reportedeprensa.utalca.cl\/index.php?rest_route=\/wp\/v2\/posts\/9821\/revisions\/9831"}],"wp:attachment":[{"href":"https:\/\/www.reportedeprensa.utalca.cl\/index.php?rest_route=%2Fwp%2Fv2%2Fmedia&parent=9821"}],"wp:term":[{"taxonomy":"category","embeddable":true,"href":"https:\/\/www.reportedeprensa.utalca.cl\/index.php?rest_route=%2Fwp%2Fv2%2Fcategories&post=9821"},{"taxonomy":"post_tag","embeddable":true,"href":"https:\/\/www.reportedeprensa.utalca.cl\/index.php?rest_route=%2Fwp%2Fv2%2Ftags&post=9821"}],"curies":[{"name":"wp","href":"https:\/\/api.w.org\/{rel}","templated":true}]}}