{"id":9835,"date":"2024-05-24T13:27:34","date_gmt":"2024-05-24T16:27:34","guid":{"rendered":"https:\/\/www.reportedeprensa.utalca.cl\/?p=9835"},"modified":"2024-05-24T13:51:00","modified_gmt":"2024-05-24T16:51:00","slug":"24-de-mayo-de-2024","status":"publish","type":"post","link":"https:\/\/www.reportedeprensa.utalca.cl\/?p=9835","title":{"rendered":"24 de mayo de 2024"},"content":{"rendered":"\t\t<div data-elementor-type=\"wp-post\" data-elementor-id=\"9835\" class=\"elementor elementor-9835\" data-elementor-settings=\"[]\">\n\t\t\t\t\t\t\t<div class=\"elementor-section-wrap\">\n\t\t\t\t\t\t\t<section class=\"elementor-section elementor-top-section elementor-element elementor-element-bcea1a8 elementor-section-boxed elementor-section-height-default elementor-section-height-default\" data-id=\"bcea1a8\" data-element_type=\"section\">\n\t\t\t\t\t\t<div class=\"elementor-container elementor-column-gap-default\">\n\t\t\t\t\t<div class=\"elementor-column elementor-col-100 elementor-top-column elementor-element elementor-element-e7183bf\" data-id=\"e7183bf\" data-element_type=\"column\">\n\t\t\t<div class=\"elementor-widget-wrap elementor-element-populated\">\n\t\t\t\t\t\t\t\t<div class=\"elementor-element elementor-element-58d7315 elementor-widget elementor-widget-text-editor\" data-id=\"58d7315\" data-element_type=\"widget\" data-widget_type=\"text-editor.default\">\n\t\t\t\t<div class=\"elementor-widget-container\">\n\t\t\t\t\t\t\t\t<div><b>DIARIO VI REGI\u00d3N \u00a0<br \/><\/b><a href=\"https:\/\/www.litoralpress.cl\/paginaconsultas\/Servicios_NClipSitio\/Get_Imagen_Nota.aspx?LPKey=CETU6H3ERNKCKNSVQGRMLRISZ6WPYBBIXC3NALHV3JJPNAG7IYIKGBKIP6ALFAYHMZI5QIFVSTSSU\">UTalca fortalece vinculaci\u00f3n para el crecimiento de su Campus Colchagua. Se refiere Carlos Torres Fuchslocher, rector y Patricio G\u00f3mez, director del Campus Colchagua.\u00a0<\/a><b><br \/><\/b><b>\u00a0<\/b><\/div><div><b>MAULE HOY<\/b>\u00a0<br \/><a href=\"https:\/\/maulehoy.cl\/2024\/05\/22\/jardin-botanico-y-arboretum-de-la-utalca-retoman-sus-visitas-guiadas\/\">UTalca fortalece vinculaci\u00f3n para el crecimiento de su Campus Colchagua. Se refiere Carlos Torres Fuchslocher, rector y Patricio G\u00f3mez, director del Campus Colchagua.\u00a0<\/a><br \/><br \/><\/div><div><b>LA VOZ DE LA REGI\u00d3N<\/b>\u00a0<br \/><a href=\"https:\/\/lavozdelaregion.cl\/index.php\/8394-utalca-fortalece-vinculacion-para-el-crecimiento-de-su-campus-colchagua\">UTalca fortalece vinculaci\u00f3n para el crecimiento de su Campus Colchagua. Se refiere Carlos Torres Fuchslocher, rector y Patricio G\u00f3mez, director del Campus Colchagua.\u00a0<\/a><\/div><div>\u00a0<\/div><div><b>AM NOTICIAS\u00a0<br \/><\/b><a href=\"https:\/\/amnoticias.cl\/utalca-celebrara-el-dia-de-los-patrimonios-en-su-galeria-de-arte-nuga\/\">UTalca celebrar\u00e1 el D\u00eda de los Patrimonios en su Galer\u00eda de Arte NUGA. Se refiere Marcela Albornoz Dachelet, directora de Extensi\u00f3n Cultural-Art\u00edstica de la UTalca.\u00a0<\/a><b><br \/><\/b><\/div><div>\u00a0<\/div><div><b>DIARIO LA MA\u00d1ANA<\/b>\u00a0<br \/><a href=\"https:\/\/diariolama\u00f1ana.cl\/2024\/05\/22\/utalca-celebrara-el-dia-de-los-patrimonios-en-su-galeria-de-arte-nuga\/\">UTalca celebrar\u00e1 el D\u00eda de los Patrimonios en su Galer\u00eda de Arte NUGA. Se refiere Marcela Albornoz Dachelet, directora de Extensi\u00f3n Cultural-Art\u00edstica de la UTalca.\u00a0<\/a><br \/><br \/><\/div><div><b>MAULE HOY<\/b>\u00a0<br \/><a href=\"https:\/\/maulehoy.cl\/2024\/05\/23\/universidad-de-talca-celebrara-dia-de-los-patrimonios-en-su-galeria-de-arte-nuga\/\">Universidad de Talca Celebrar\u00e1 D\u00eda de los Patrimonios en su Galer\u00eda de Arte NUGA. Se refiere Marcela Albornoz Dachelet, directora de Extensi\u00f3n Cultural-Art\u00edstica de la UTalca.\u00a0<\/a><br \/><br \/><\/div><div><b>SOMOS MAULE<\/b>\u00a0<br \/><a href=\"http:\/\/somosmaule.cl\/publico\/ficha\/ficha.aspx?i=69939\">Jard\u00edn Bot\u00e1nico y Arboretum de la UTalca retoman sus visitas guiadas. Se refiere Karin Saavedra, directora General de Vinculaci\u00f3n con el Medio.\u00a0<\/a><\/div><div>\u00a0<\/div><div><b>MAULE HOY\u00a0<br \/><\/b><a href=\"https:\/\/maulehoy.cl\/2024\/05\/22\/jardin-botanico-y-arboretum-de-la-utalca-retoman-sus-visitas-guiadas\/\">Jard\u00edn Bot\u00e1nico y Arboretum de la UTalca retoman sus visitas guiadas. Se refiere Karin Saavedra, directora General de Vinculaci\u00f3n con el Medio.\u00a0<\/a><b><br \/><\/b><\/div><div>\u00a0<\/div><div><b>EL MERCURIO\u00a0<br \/><\/b><a href=\"https:\/\/www.litoralpress.cl\/paginaconsultas\/Servicios_NClipSitio\/Get_Imagen_Nota.aspx?LPKey=WAFTHGURFIB6Y3OALN3AYX2RZEVUEU4TFG5QTJAYXVH7KV3MW7HWWL6L3BZ4OLA5GLSCNY2EWDZZM\">Sistema frontal deja lluvias entre Coquimbo y Maule, pero genera graves problemas en la RM. Se refiere Patricio Gonz\u00e1lez Colville, agroclimat\u00f3logo y acad\u00e9mico del Centro de Investigaci\u00f3n y Transferencia en Riego y Agroclimatolog\u00eda (CITRA).\u202f\u00a0<\/a><b><br \/><\/b><\/div><div>\u00a0<\/div><div><b>AD PRENSA<\/b>\u00a0<br \/><a href=\"https:\/\/www.adprensa.cl\/cronica\/microbiota-intestinal-por-que-es-esencial-para-nuestra-salud\/\">Microbiota intestinal: Por qu\u00e9 es esencial para nuestra salud. Se refiere Jos\u00e9 Luis Pino Villal\u00f3n, Escuela de Nutrici\u00f3n y Diet\u00e9tica.\u00a0<\/a><br \/><br \/><\/div><div><b>MEDIABANCO<\/b>\u00a0<br \/><a href=\"https:\/\/www.mediabanco.com\/microbiota-intestinal-por-que-es-esencial-para-nuestra-salud\/\">Microbiota intestinal: Por qu\u00e9 es esencial para nuestra salud. Se refiere Jos\u00e9 Luis Pino Villal\u00f3n, Escuela de Nutrici\u00f3n y Diet\u00e9tica.\u00a0<\/a><br \/><br \/><\/div><div><b>TIERRA AMARILLANO<\/b>\u00a0<br \/><a href=\"https:\/\/tierramarillano.cl\/2024\/05\/23\/reduflacion-que-es-y-como-impacta-a-los-consumidores\/\">Reduflaci\u00f3n: \u00bfQu\u00e9 es y c\u00f3mo impacta a los consumidores? Se refiere Milton Inostroza, acad\u00e9mico de la Facultad de Econom\u00eda y Negocios.<\/a> \u00a0<br \/><br \/><\/div><div><b>PUNTO LONTU\u00c9<\/b>\u00a0<br \/><a href=\"https:\/\/puntolontue.cl\/?p=14168\">Reduflaci\u00f3n: \u00bfQu\u00e9 es y c\u00f3mo impacta a los consumidores? Se refiere Milton Inostroza, acad\u00e9mico de la Facultad de Econom\u00eda y Negocios. \u00a0<\/a><br \/><br \/><\/div><div><b>MEGANOTICIAS\u00a0<br \/><\/b><a href=\"https:\/\/www.meganoticias.cl\/nacional\/448235-reduflacion-que-es-y-como-afecta-a-los-consumidores-pdp-23-05-2024.html\">Reduflaci\u00f3n: La pr\u00e1ctica utilizada por las empresas que impacta a los consumidores. Se refiere Milton Inostroza, acad\u00e9mico de la Facultad de Econom\u00eda y Negocios.<\/a> <b><br \/><\/b><\/div><div>\u00a0<\/div><div><b>EL MAULE INFORMA<\/b>\u00a0<br \/><a href=\"https:\/\/elmauleinforma.cl\/reduflacion-que-es-y-como-impacta-a-los-consumidores\/\">Reduflaci\u00f3n: \u00bfQu\u00e9 es y c\u00f3mo impacta a los consumidores? Se refiere Milton Inostroza, acad\u00e9mico de la Facultad de Econom\u00eda y Negocios.<\/a> \u00a0<br \/><br \/><\/div><div><b>EL LECTOR<\/b>\u00a0<br \/><a href=\"https:\/\/www.litoralpress.cl\/paginaconsultas\/Servicios_NClipSitio\/Get_Imagen_Nota.aspx?LPKey=HVDGCDMHFNPYRGRJAZFD3NITIJAQKRUNK7URUBS7VMZ6B7LYDLMU4MCLDR6GPYADDNEOM3FY6RXHC\">Reduflaci\u00f3n: \u00bfQu\u00e9 es y c\u00f3mo impacta a los consumidores? Se refiere Milton Inostroza, acad\u00e9mico de la Facultad de Econom\u00eda y Negocios.<\/a> \u00a0<br \/><br \/><\/div><div><b>RADIO AMIGA<\/b>\u00a0<br \/><a href=\"https:\/\/www.litoralpress.cl\/sitio\/RadioTV_Detalles.cshtml?LPKey=HCBQPCSLIM6ELHHCIN6M6NBDNCP2ZLMPQ52CCVRJI3CMQZH2VNGHTE5DDB5UIVM4YWBLTPXXUNM7U\">La regi\u00f3n del Maule tuvo lluvia el lunes 20, como anunci\u00f3 la direcci\u00f3n meteorol\u00f3gica, las cuales se iniciaron en la noche del d\u00eda domingo. Se refiere Patricio Gonz\u00e1lez Colville, agroclimat\u00f3logo y acad\u00e9mico del Centro de Investigaci\u00f3n y Transferencia en Riego y Agroclimatolog\u00eda (CITRA).\u202f\u00a0<\/a><br \/><br \/><\/div><div><b>SOMOS MAULE<\/b>\u00a0<br \/><a href=\"http:\/\/somosmaule.cl\/publico\/ficha\/ficha.aspx?i=69966\">Estudio busca identificar las motivaciones que tienen los agricultores en la conservaci\u00f3n de recursos naturales. Se refiere Roberto Jara Rojas, acad\u00e9mico de la Facultad de Ciencias Agrarias.\u00a0<\/a><br \/><br \/><\/div><div><b>CIENCIA EN CHILE \u00a0<br \/><\/b><a href=\"https:\/\/www.cienciaenchile.cl\/busca-identificar-motivacion-de-los-agricultores-para-conservar-los-recursos-naturales\/\">Buscan identificar motivaci\u00f3n de los agricultores para conservar los recursos naturales. Se refiere Roberto Jara Rojas, acad\u00e9mico de la Facultad de Ciencias Agrarias.\u00a0<\/a><b><br \/><\/b><\/div><div>\u00a0<\/div><div><b>TIERRA AMARILLANO<\/b>\u00a0<br \/><a href=\"https:\/\/tierramarillano.cl\/2024\/05\/23\/estudio-busca-identificar-las-motivaciones-que-tienen-los-agricultores-en-la-conservacion-de-recursos-naturales\/\">Estudio busca identificar las motivaciones que tienen los agricultores en la conservaci\u00f3n de recursos naturales. Se refiere Roberto Jara Rojas, acad\u00e9mico de la Facultad de Ciencias Agrarias.\u00a0<\/a><br \/><br \/><\/div><div><b> ADN\u00a0RADIO<br \/><\/b><a href=\"https:\/\/www.litoralpress.cl\/sitio\/RadioTV_Detalles.cshtml?LPKey=WOFRWITKZZML6NBIFTNGM3MBOB7DTZL7JPEDUEG7VJBEH7ITGB7PKEOU3YWHSDWVRS3UUAFC7H2HG\">Se informa de 2 personas por complicaciones de la influenza. Se refiere Erika Retamal, directora de departamento de Salud P\u00fablica.\u00a0<\/a><b><br \/><\/b><\/div><div>\u00a0<\/div><div><b>ADN RADIO<\/b>\u00a0<br \/><a href=\"https:\/\/www.litoralpress.cl\/sitio\/RadioTV_Detalles.cshtml?LPKey=U37QRGUJXNGAX7N3ZGT52GY4W4ZZHXKKWCEOREIUJGAXJJLJZCQ6LC256B2EXXUFEUIVVRMJXDP74\">Fue enviada a casa y falleci\u00f3: Ni\u00f1a de seis a\u00f1os muere por influenza y se anuncia auditor\u00eda m\u00e9dica. Se refiere Erika Retamal, directora de departamento de Salud P\u00fablica.\u00a0<\/a><br \/><br \/><\/div><div><b>TV5 LINARES<\/b>\u00a0<br \/><a href=\"https:\/\/www.litoralpress.cl\/sitio\/RadioTV_Detalles.cshtml?LPKey=BABMYG4XIJK6PPGA2VIXSJPH4TNJB2JQHUCCPYGBZCBYG662BGKHTI3X6B5QDKKL5WB4PWKFS7UUU\">Aumento de enfermedades respiratorias. Se refiere Mar\u00eda Ester Mu\u00f1oz, acad\u00e9mica de la Escuela de Enfermer\u00eda.\u00a0<\/a><br \/><br \/><\/div><div><b>AGENCIA XINHUA EN ESPA\u00d1OL (CHINA)<\/b><br \/><a href=\"https:\/\/spanish.xinhuanet.com\/20240518\/a082505347204c2fa1c9f2445ffd1cc3\/c.html\">ESPECIAL: Alza de ventas digitales en Chile son impulsadas por alta conectividad y repunte econ\u00f3mico, destacan expertos. Se refiere Jorge Navarrete, acad\u00e9mico de la Facultad de Econom\u00eda y Negocios.\u00a0<\/a><\/div><div>\u00a0<\/div><div><b>CANAL TVN RED MAULE\u00a0<br \/><\/b><a href=\"https:\/\/www.litoralpress.cl\/sitio\/RadioTV_Detalles.cshtml?LPKey=XGW4LFXZEZCJ6NUDWWNFQZQASJ2HOSWUHS35NNSYEJHMGK76Q6YO76VIZ7DDKHFDNAZ5PX4NFCYQE\">A un a\u00f1o de implementada la ley Pensiones: 28% se ha puesto al d\u00eda. Se refiere Daniela Jarufe, acad\u00e9mica de la Facultad de Ciencias Jur\u00eddicas y Sociales. \u00a0<\/a><b><br \/><\/b><\/div><div>\u00a0<\/div><div><b>EL MAULE INFORMA\u00a0<br \/><\/b><a href=\"https:\/\/elmauleinforma.cl\/investigadores-destacan-beneficios-de-los-porotos-para-envejecer-saludablemente\/\">Investigadores destacan beneficios de los porotos para envejecer saludablemente. Se refiere Iv\u00e1n Palomo, acad\u00e9mico de la Facultad de Ciencias de la Salud.\u00a0<\/a><\/div><div>\u00a0<\/div><div><b>LOGISTICA 360 CHILE<\/b>\u00a0<br \/><a href=\"https:\/\/logistica360chile.cl\/crecen-en-el-primer-trimestre-un-06-las-ventas-digitales-del-comercio-minorista-chileno\/\">Crecen en el primer trimestre un 0,6% las ventas digitales del comercio minorista chileno. Se refiere Jorge Navarrete, acad\u00e9mico de la Facultad de Econom\u00eda y Negocios.\u00a0<\/a><br \/><br \/><\/div><div><b>LA \u00daLTIMAS NOTICIAS<\/b>\u00a0<br \/><a href=\"https:\/\/www.litoralpress.cl\/paginaconsultas\/Servicios_NClipSitio\/Get_Imagen_Nota.aspx?LPKey=BGBYLZDZEYLH6N4FPEF3A7QF4O42D3HPDZVBFVUKWNBRZ57LLWZNRI5A7QBDX2SXPMVF5YGABTZDK\">As\u00ed ser\u00e1 el examen nacional para alumnos de Odontolog\u00eda. Se menciona la Universidad de Talca.\u00a0<\/a><br \/><br \/><\/div><div class=\"x_elementToProof\"><b>RADIO LAUTARO<\/b>\u00a0<br \/><a href=\"https:\/\/www.litoralpress.cl\/sitio\/RadioTV_Detalles.cshtml?LPKey=6M3LVMGFBR5IVYUGJPW5ZZD4BYB3BRWTX4SG4TW4TCRH55WNFXCFGWLQR5E46PLFMWDKI5F6JS3PY\">Entrevista a Claudia M\u00e9ndez Chamorro, encargada del servicio profesional de las Cl\u00ednicas Odontol\u00f3gicas.\u00a0<\/a><\/div><div>\u00a0<\/div><div><b>RADIO INFINITA<\/b>\u00a0<br \/><a href=\"https:\/\/www.infinita.cl\/programas\/lo-que-faltaba\/2024\/05\/22\/lo-que-faltaba-22-de-mayo-del-2024.html\">Lo que faltaba. Se menciona a Mauricio Morales Quiroga, director del Centro de An\u00e1lisis Pol\u00edtico (CAP).\u00a0<\/a><br \/><br \/><\/div><div><b>RADIO INFINITA<\/b>\u00a0<br \/><a href=\"https:\/\/www.litoralpress.cl\/sitio\/RadioTV_Detalles.cshtml?LPKey=BBZRM2B2EM6PHJ6NDAO7SBD4TXRA7M76DL67HSCL2FAFFSVLN23NM3AAGTPRAZNTJEMN5QF4B54ZI\">Comentario de pol\u00edtica de Mauricio Morales Quiroga, director del Centro de An\u00e1lisis Pol\u00edtico (CAP). \u00a0<\/a><\/div><div>\u00a0<\/div><div><b>ACTUALIDAD JUR\u00cdDICA<\/b>\u00a0<br \/><a href=\"https:\/\/actualidadjuridica.doe.cl\/i-seminario-interclinicas-juridicas-de-la-universidad-de-talca-una-mirada-practica-de-la-representacion-juridica-de-ninas-ninos-y-adolescentes\/\">I Seminario Intercl\u00ednicas Jur\u00eddicas de la Universidad de Talca \u201cUna mirada pr\u00e1ctica de la representaci\u00f3n jur\u00eddica de ni\u00f1as, ni\u00f1os y adolescentes\u201d. Se menciona la Universidad de Talca.\u00a0<\/a><br \/><br \/><\/div><div><b>COOPERATIVA CIENCIA<\/b>\u00a0<br \/><a href=\"https:\/\/www.cooperativaciencia.cl\/medio-ambiente\/2024\/05\/23\/molecula-de-amoniaco-protagoniza-serie-infantil-sobre-energias-renovables\/\">Mol\u00e9cula de amoniaco protagoniza serie infantil sobre energ\u00edas renovables. Se menciona la Universidad de Talca.\u00a0<\/a><br \/><br \/><\/div><div><b>RADIO UNIVERSIDAD DE CHILE<\/b>\u00a0<br \/><a href=\"https:\/\/uchile.cl\/noticias\/216617\/universidades-publicas-presentaron-examen-nacional-odontologico-2025\">Universidades estatales presentan Examen Nacional Odontol\u00f3gico para medir competencias profesionales. Se menciona la Universidad de Talca.\u00a0<\/a><\/div><div>\u00a0<\/div><div class=\"x_elementToProof\"><b>MAULE HOY<\/b>\u00a0<br \/><a href=\"https:\/\/maulehoy.cl\/2024\/05\/23\/talca-se-consolida-como-polo-urbano-a-nivel-nacional\/\">Talca se consolida como polo urbano a nivel nacional. Se menciona la Universidad de Talca.\u00a0<\/a><br \/><br \/><\/div>\t\t\t\t\t\t<\/div>\n\t\t\t\t<\/div>\n\t\t\t\t\t<\/div>\n\t\t<\/div>\n\t\t\t\t\t\t\t<\/div>\n\t\t<\/section>\n\t\t\t\t\t\t<\/div>\n\t\t\t\t\t<\/div>\n\t\t","protected":false},"excerpt":{"rendered":"<p>DIARIO VI REGI\u00d3N \u00a0UTalca fortalece vinculaci\u00f3n para el crecimiento de su Campus Colchagua. Se refiere Carlos Torres Fuchslocher, rector y Patricio G\u00f3mez, director del Campus Colchagua.\u00a0\u00a0MAULE HOY\u00a0UTalca fortalece vinculaci\u00f3n para el crecimiento de su Campus Colchagua. Se refiere Carlos Torres Fuchslocher, rector y Patricio G\u00f3mez, director del Campus Colchagua.\u00a0 LA VOZ DE LA REGI\u00d3N\u00a0UTalca fortalece &hellip;<\/p>\n<p class=\"read-more\"> <a class=\"\" href=\"https:\/\/www.reportedeprensa.utalca.cl\/?p=9835\"> <span class=\"screen-reader-text\">24 de mayo de 2024<\/span> Read More &raquo;<\/a><\/p>\n","protected":false},"author":1,"featured_media":0,"comment_status":"closed","ping_status":"open","sticky":false,"template":"","format":"standard","meta":{"_monsterinsights_skip_tracking":false,"_monsterinsights_sitenote_active":false,"_monsterinsights_sitenote_note":"","_monsterinsights_sitenote_category":0},"categories":[48],"tags":[],"_links":{"self":[{"href":"https:\/\/www.reportedeprensa.utalca.cl\/index.php?rest_route=\/wp\/v2\/posts\/9835"}],"collection":[{"href":"https:\/\/www.reportedeprensa.utalca.cl\/index.php?rest_route=\/wp\/v2\/posts"}],"about":[{"href":"https:\/\/www.reportedeprensa.utalca.cl\/index.php?rest_route=\/wp\/v2\/types\/post"}],"author":[{"embeddable":true,"href":"https:\/\/www.reportedeprensa.utalca.cl\/index.php?rest_route=\/wp\/v2\/users\/1"}],"replies":[{"embeddable":true,"href":"https:\/\/www.reportedeprensa.utalca.cl\/index.php?rest_route=%2Fwp%2Fv2%2Fcomments&post=9835"}],"version-history":[{"count":4,"href":"https:\/\/www.reportedeprensa.utalca.cl\/index.php?rest_route=\/wp\/v2\/posts\/9835\/revisions"}],"predecessor-version":[{"id":9842,"href":"https:\/\/www.reportedeprensa.utalca.cl\/index.php?rest_route=\/wp\/v2\/posts\/9835\/revisions\/9842"}],"wp:attachment":[{"href":"https:\/\/www.reportedeprensa.utalca.cl\/index.php?rest_route=%2Fwp%2Fv2%2Fmedia&parent=9835"}],"wp:term":[{"taxonomy":"category","embeddable":true,"href":"https:\/\/www.reportedeprensa.utalca.cl\/index.php?rest_route=%2Fwp%2Fv2%2Fcategories&post=9835"},{"taxonomy":"post_tag","embeddable":true,"href":"https:\/\/www.reportedeprensa.utalca.cl\/index.php?rest_route=%2Fwp%2Fv2%2Ftags&post=9835"}],"curies":[{"name":"wp","href":"https:\/\/api.w.org\/{rel}","templated":true}]}}