{"id":9847,"date":"2024-05-27T13:22:06","date_gmt":"2024-05-27T16:22:06","guid":{"rendered":"https:\/\/www.reportedeprensa.utalca.cl\/?p=9847"},"modified":"2024-05-27T13:46:40","modified_gmt":"2024-05-27T16:46:40","slug":"27-de-mayo-de-2024","status":"publish","type":"post","link":"https:\/\/www.reportedeprensa.utalca.cl\/?p=9847","title":{"rendered":"27 de mayo de 2024"},"content":{"rendered":"\t\t<div data-elementor-type=\"wp-post\" data-elementor-id=\"9847\" class=\"elementor elementor-9847\" data-elementor-settings=\"[]\">\n\t\t\t\t\t\t\t<div class=\"elementor-section-wrap\">\n\t\t\t\t\t\t\t<section class=\"elementor-section elementor-top-section elementor-element elementor-element-bcea1a8 elementor-section-boxed elementor-section-height-default elementor-section-height-default\" data-id=\"bcea1a8\" data-element_type=\"section\">\n\t\t\t\t\t\t<div class=\"elementor-container elementor-column-gap-default\">\n\t\t\t\t\t<div class=\"elementor-column elementor-col-100 elementor-top-column elementor-element elementor-element-e7183bf\" data-id=\"e7183bf\" data-element_type=\"column\">\n\t\t\t<div class=\"elementor-widget-wrap elementor-element-populated\">\n\t\t\t\t\t\t\t\t<div class=\"elementor-element elementor-element-58d7315 elementor-widget elementor-widget-text-editor\" data-id=\"58d7315\" data-element_type=\"widget\" data-widget_type=\"text-editor.default\">\n\t\t\t\t<div class=\"elementor-widget-container\">\n\t\t\t\t\t\t\t\t<div><b>LA TERCERA\u00a0<br \/><\/b><a href=\"https:\/\/www.litoralpress.cl\/paginaconsultas\/Servicios_NClipSitio\/Get_Imagen_Nota.aspx?LPKey=YJB3IANKFZYPM3LQZ6LE4ZHLR4WZTYPGTLTC52QRX36I3BD2WKQLZLBPGYFYQFXB4B56ZLCIRHPE6\">Rectores cuestionan la posibilidad de nuevos aranceles regulados. Se refiere Carlos Torres Fuchslocher, rector.\u00a0<\/a><b><br \/><\/b><\/div><div><p>\u00a0<\/p><p><b>LA TERCERA ONLINE<\/b>\u00a0<br \/><a href=\"https:\/\/www.latercera.com\/la-tercera-sabado\/noticia\/rectores-cuestionan-la-posibilidad-de-nuevos-aranceles-regulados\/4KPIKVZEEFEUFLX3VT2TPKQZIE\/\">Rectores cuestionan la posibilidad de nuevos aranceles regulados. Se refiere Carlos Torres Fuchslocher, rector.\u00a0<\/a><\/p><\/div><div>\u00a0<\/div><div><b>MEDIABANCO\u00a0<br \/><\/b><a href=\"https:\/\/www.mediabanco.com\/utalca-y-hospital-de-curico-realizan-jornada-de-psiquiatria\/\">UTalca y Hospital de Curic\u00f3 realizan Jornada de Psiquiatr\u00eda. Se refiere Ernesto Sol\u00eds, director de la Escuela de Medicina y Ver\u00f3nica Vitriol, directora Especializaci\u00f3n en Psiquiatr\u00eda. \u00a0<\/a><b><br \/><\/b><\/div><div>\u00a0<\/div><div><p><b>AD PRENSA<\/b>\u00a0<br \/><a href=\"https:\/\/www.adprensa.cl\/cronica\/utalca-y-hospital-de-curico-realizan-jornada-de-psiquiatria\/\">UTalca y Hospital de Curic\u00f3 realizan Jornada de Psiquiatr\u00eda. Se refiere Ernesto Sol\u00eds, director de la Escuela de Medicina y Ver\u00f3nica Vitriol, directora Especializaci\u00f3n en Psiquiatr\u00eda.\u00a0<\/a><\/p><\/div><div>\u00a0<\/div><div><b>NEWSESEURO<\/b>\u00a0<br \/><a href=\"https:\/\/news.eseuro.com\/salud\/3429084.html\">Universidad forma nueva generaci\u00f3n de m\u00e9dicos especialistas. Se refiere Ernesto Sol\u00eds A\u00f1ez, director de la Facultad de Medicina. \u00a0<\/a><\/div><div>\u00a0<\/div><div><b>NOVACIENCIA (ESPA\u00d1A)<\/b>\u00a0<br \/><a href=\"https:\/\/novaciencia.es\/asi-funciona-el-dispositivo-que-avisa-de-la-presencia-de-quimicos-peligrosos\/\">As\u00ed funciona el dispositivo que avisa de la presencia de qu\u00edmicos peligrosos. Se refiere Carlos Zambra, acad\u00e9mico de la Facultad de Ingenier\u00eda. \u00a0<\/a><b><br \/><\/b><\/div><div>\u00a0<\/div><div><b>AGENCIA XINHUA EN ESPA\u00d1OL (CHINA)<\/b>\u00a0<\/div><div><a href=\"https:\/\/spanish.news.cn\/20240520\/f78ce4501c744ff68ec9cb92cffe0f8c\/c.html\">ESPECIAL: Chile sube proyecci\u00f3n de precio del cobre ante especulaci\u00f3n de mercado global. Se refiere Mois\u00e9s Gonz\u00e1lez Troncoso, acad\u00e9mico de la Facultad de Econom\u00eda y Negocios.\u00a0<\/a><b><br \/><\/b><\/div><div>\u00a0<\/div><div><p><b>MAULE HOY<\/b>\u00a0<br \/><a href=\"https:\/\/maulehoy.cl\/2024\/05\/23\/universidad-de-talca-celebrara-dia-de-los-patrimonios-en-su-galeria-de-arte-nuga\/\">Universidad de Talca celebrar\u00e1 el D\u00eda de los Patrimonios en su Galer\u00eda de Arte NUGA. Se refiere Marcela Albornoz Dachelet, directora de\u202f Extensi\u00f3n Cultural-Art\u00edstica.\u00a0<\/a><\/p><\/div><div><p>\u00a0<\/p><p><b>RADIO LAUTARIO<\/b>\u00a0<br \/><a href=\"https:\/\/radiolautarotalca.cl\/dia-de-los-patrimonios-utalca-invita-al-publico-a-su-galeria-de-arte-nuga\/\">D\u00eda de los Patrimonios: UTalca invita al p\u00fablico a su Galer\u00eda de Arte NUGA. Se refiere Marcela Albornoz Dachelet, directora de\u202f Extensi\u00f3n Cultural-Art\u00edstica.\u00a0<\/a><\/p><\/div><div><p>\u00a0<\/p><p><b>TVN RED MAULE<\/b>\u00a0<br \/><a href=\"https:\/\/www.litoralpress.cl\/sitio\/RadioTV_Detalles.cshtml?LPKey=BE3PWGMKRCJ36OK5XUUAEVBTV7QU2JLQONOTNF7VBR5ZJGUSD3YACZ3I7R2LO7G42P4QJA22VBV4E\">Retoman visitas guiadas a Jard\u00edn Bot\u00e1nico y Arboretum. Se menciona la Universidad de Talca.\u00a0<\/a><\/p><\/div><div><p>\u00a0<\/p><p><b>EL LECTOR<\/b>\u00a0<br \/><a href=\"https:\/\/www.litoralpress.cl\/sitio\/Prensa_Detalles.cshtml?LPKey=C25XTDBD6YPGRUDJHSCWUS6OIB42XY4KXP6FPOG2VPFXDUIVXWZA\">27F: Investigan impacto de terremoto en las habilidades matem\u00e1ticas de los ni\u00f1os. Se refiere Mauricio Sarrias, acad\u00e9mico Facultad de Econom\u00eda y Negocios y Pablo Rodr\u00edguez, estudiante Doctorado en Econom\u00eda.\u00a0<\/a><\/p><\/div><div><p>\u00a0<\/p><p><b>DIARIO EL HERALDO<\/b>\u00a0<br \/><a href=\"https:\/\/www.litoralpress.cl\/sitio\/Prensa_Detalles.cshtml?LPKey=LH6HSHFNMEE2MAGELVMMFJFBKZQKZ5EPKJIBQG46RFGZFRBRF2UA\">27F: Investigan impacto de terremoto en las habilidades matem\u00e1ticas de los ni\u00f1os. Se refiere Mauricio Sarrias, acad\u00e9mico Facultad de Econom\u00eda y Negocios y Pablo Rodr\u00edguez, estudiante Doctorado en Econom\u00eda. \u00a0<\/a><\/p><\/div><div><p>\u00a0<\/p><p><b>ELHERALDO.CL<\/b>\u00a0<br \/><a href=\"https:\/\/www.diarioelheraldo.cl\/noticia\/27f-investigan-impacto-de-terremoto-en-las-habilidades-matematicas-de-los-ninos-\">27F: Investigan impacto de terremoto en las habilidades matem\u00e1ticas de los ni\u00f1os. Se refiere Mauricio Sarrias, acad\u00e9mico Facultad de Econom\u00eda y Negocios y Pablo Rodr\u00edguez, estudiante Doctorado en Econom\u00eda.\u00a0<\/a><\/p><\/div><div><p>\u00a0<\/p><p><b>ELHERALDO.CL<\/b>\u00a0<br \/><a href=\"https:\/\/www.diarioelheraldo.cl\/noticia\/27f-investigan-impacto-de-terremoto-en-las-habilidades-matematicas-de-los-ninos-\">27F: Investigan impacto de terremoto en las habilidades matem\u00e1ticas de los ni\u00f1os.Se refiere Pablo Rodr\u00edguez, investigador de la Facultad de Econom\u00eda y Negocios.<\/a> \u00a0<\/p><\/div><div>\u00a0<\/div><div><b>LA RAZ\u00d3N\u00a0<br \/><\/b><a href=\"https:\/\/www.larazon.cl\/2024\/05\/24\/27f-investigan-impacto-de-terremoto-en-las-habilidades-matematicas-de-los-ninos\/\">27F: Investigan impacto de terremoto en las habilidades matem\u00e1ticas de los ni\u00f1os. Se refiere Pablo Rodr\u00edguez, investigador de la Facultad de Econom\u00eda y Negocios. \u00a0<\/a><b><br \/><\/b><\/div><div>\u00a0<\/div><div><p><b>EL DIARIO DE MAULE<\/b>\u00a0<br \/><a href=\"https:\/\/eldiariodemaule.cl\/27f-investigan-impacto-de-terremoto-en-las-habilidades-matematicas-de-los-ninos\/\">27F: Investigan impacto de terremoto en las habilidades matem\u00e1ticas de los ni\u00f1os.Se refiere Pablo Rodr\u00edguez, investigador de la Facultad de Econom\u00eda y Negocios. \u00a0<\/a><\/p><\/div><div><p>\u00a0<\/p><p><b>MEDIABANCO<\/b>\u00a0<br \/><a href=\"https:\/\/www.mediabanco.com\/27f-investigan-impacto-de-terremoto-en-las-habilidades-matematicas-de-los-ninos\/\">27F: Investigan impacto de terremoto en las habilidades matem\u00e1ticas de los ni\u00f1os.Se refiere Pablo Rodr\u00edguez, investigador de la Facultad de Econom\u00eda y Negocios. \u00a0<\/a><\/p><\/div><div><p>\u00a0<\/p><p><b>REVISTA ECOCIENCIAS<\/b>\u00a0<br \/><a href=\"https:\/\/revistaecociencias.cl\/2024\/05\/24\/investigacion-revela-el-impacto-del-terremoto-del-27f-en-las-habilidades-matematicas-de-los-ninos\/\">Investigaci\u00f3n revela el impacto del terremoto del 27F en las habilidades matem\u00e1ticas de los ni\u00f1os.Se refiere Pablo Rodr\u00edguez, investigador de la Facultad de Econom\u00eda y Negocios. \u00a0<\/a><\/p><\/div><div><b>TIERRA AMARILLANO<\/b>\u00a0<br \/><a href=\"https:\/\/tierramarillano.cl\/2024\/05\/25\/27f-investigan-impacto-de-terremoto-en-las-habilidades-matematicas-de-los-ninos\/\">27F: Investigan impacto de terremoto en las habilidades matem\u00e1ticas de los ni\u00f1os. Se refiere Mauricio Sarrias, acad\u00e9mico Facultad de Econom\u00eda y Negocios y Pablo Rodr\u00edguez, estudiante Doctorad en Econom\u00eda.\u00a0<\/a><\/div><div>\u00a0<\/div><div>\u00a0<\/div><div><b>EMOL\u00a0<br \/><\/b><a href=\"https:\/\/www.emol.com\/noticias\/Nacional\/2024\/05\/24\/1131626\/crisis-nuble-influenza-vacunacion.html\/\">\u00bfQu\u00e9 desat\u00f3 la crisis en \u00d1uble?: Expertos apuntan a &#8216;oportunidad de atenci\u00f3n&#8217; y &#8216;vacunaci\u00f3n lenta y reactiva&#8217;. Se refiere Daniel Jim\u00e9nez Acu\u00f1a, director Salud del Estudiante.\u00a0<\/a><\/div><div>\u00a0<\/div><div><p><b>EMOL\u00a0<br \/><\/b><a href=\"https:\/\/www.emol.com\/noticias\/Nacional\/2024\/05\/25\/1131643\/crisis-respiratoria-lecciones-virus-salud.html\">\u00bfQu\u00e9 no se aprendi\u00f3?: A un a\u00f1o del &#8216;desborde sanitario&#8217; que le cost\u00f3 el cargo al ex subsecretario de Redes Asistenciales. Se refiere Daniel Jim\u00e9nez Acu\u00f1a, director Salud del Estudiante.\u00a0<\/a><\/p><\/div><div><p>\u00a0<\/p><p><b>CANAL ANTOFAGASTA TELEVISI\u00d3N\u00a0<br \/><\/b><a href=\"https:\/\/www.litoralpress.cl\/sitio\/RadioTV_Detalles.cshtml?LPKey=IUSZTSAB42XFXGPPQHGR2B6H2TKY54WQ2CHDTYW5EMCUQSW72Y3ANPT4VLUNZS7R4LAVMYSNGCLQO\">Preocupaci\u00f3n por aumento de virus respiratorios. Se refiere Mar\u00eda Ester Mu\u00f1oz, acad\u00e9mica de la Escuela de Enfermer\u00eda. \u00a0<\/a><\/p><\/div><div>\u00a0<\/div><div><b>DIARIO LA TRIBUNA\u00a0<br \/><\/b><a href=\"https:\/\/www.latribuna.cl\/agroforestal\/2024\/05\/20\/estudio-busca-identificar-las-motivaciones-que-tienen-los-agricultores-en-la-conservacion-de-recursos-naturales.html\">Estudio busca identificar las motivaciones que tienen los agricultores en la conservaci\u00f3n de recursos naturales. Se refiere Roberto Jara Rojas, acad\u00e9mico Facultad de Ciencias Agrarias.\u00a0<\/a><b><br \/><\/b><\/div><div>\u00a0<\/div><div><p><b>EL LECTOR<\/b>\u00a0<br \/><a href=\"https:\/\/www.litoralpress.cl\/paginaconsultas\/Servicios_NClipSitio\/Get_Imagen_Nota.aspx?LPKey=BHXOARVR7L6HT3XMUM55QQ7WSC7PUL3HC5E6WA3X56AC4HO6Y6LRHAL6QWBQ7CQ2HNFQOAMVVYFCI\">Reduflaci\u00f3n: \u00bfQu\u00e9 es y c\u00f3mo impacta a los consumidores? Se refiere Milton Inostroza, acad\u00e9mico de la Facultad de Econom\u00eda y Negocios.<\/a>\u00a0<\/p><p>\u00a0<\/p><p><b>SOMOS MAULE<\/b>\u00a0<br \/><a href=\"http:\/\/somosmaule.cl\/publico\/ficha\/ficha.aspx?i=69985\">Reduflaci\u00f3n: \u00bfQu\u00e9 es y c\u00f3mo impacta a los consumidores? Se refiere Milton Inostroza, acad\u00e9mico de la Facultad de Econom\u00eda y Negocios.\u00a0<\/a><\/p><\/div><div>\u00a0<\/div><div><b>G5 NOTICIA\u00a0<br \/><\/b><a href=\"https:\/\/g5noticias.cl\/2024\/05\/24\/reduflacion-que-es-y-como-impacta-a-los-consumidores\/\">Reduflaci\u00f3n: \u00bfQu\u00e9 es y c\u00f3mo impacta a los consumidores? Se refiere Milton Inostroza, acad\u00e9mico de la Facultad de Econom\u00eda y Negocios.\u00a0<\/a><b><br \/><\/b><\/div><div>\u00a0<\/div><div><p><b>S\u00c9PTIMA P\u00c1GINA NOTICIAS<\/b>\u00a0<br \/><a href=\"http:\/\/somosmaule.cl\/publico\/ficha\/ficha.aspx?i=70004\">Reduflaci\u00f3n: \u00bfQu\u00e9 es y c\u00f3mo impacta a los consumidores? Se refiere Milton Inostroza, acad\u00e9mico de la Facultad de Econom\u00eda y Negocios.<\/a>\u00a0<\/p><\/div><div><p>\u00a0<\/p><p><b>SOMOS MAULE<\/b>\u00a0<br \/><a href=\"http:\/\/somosmaule.cl\/publico\/ficha\/ficha.aspx?i=70004\">Microbiota intestinal: \u00bfpor qu\u00e9 es esencial para nuestra salud? Se refiere Jos\u00e9 Luis Pino Villal\u00f3n, Escuela de Nutrici\u00f3n y Diet\u00e9tica.\u00a0<\/a><\/p><\/div><div>\u00a0<\/div><div><b>CIENCIA Y SALUD\u00a0<br \/><\/b><a href=\"https:\/\/cienciaysalud.cl\/2024\/05\/24\/microbiota-intestinal-por-que-es-esencial-para-nuestra-salud\">Ciencia y Salud Microbiota intestinal: \u00bfPor qu\u00e9 es esencial para nuestra salud? Se refiere Juan Pino Villal\u00f3n, acad\u00e9mico de la Escuela de Nutrici\u00f3n y Diet\u00e9tica.<\/a><b><br \/><\/b><\/div><div>\u00a0<\/div><div><b>VIDA Y SALUD<\/b>\u00a0<br \/><a href=\"https:\/\/vidaysalud.la\/bienestar-fisico\/2024\/05\/25\/microbiota-intestinal-por-que-es-esencial-para-nuestra-salud.html\">Microbiota intestinal: Por qu\u00e9 es esencial para nuestra salud. Se refiere Jos\u00e9 Pino VIllal\u00f3n, academico de la Escuela de Nutrici\u00f3n y Diet\u00e9tica.\u00a0<\/a><\/div><div>\u00a0<\/div><div>\u00a0<\/div><div><p><b>MEDIABANCO<\/b>\u00a0<br \/><a href=\"https:\/\/www.mediabanco.com\/utalca-potencia-la-investigacion-escolar-en-establecimientos-educativos-del-maule\/\">UTalca potencia la investigaci\u00f3n escolar en establecimientos educativos del Maule. Se refiere C\u00e9sar Retamal jefe de la Unidad de Divulgaci\u00f3n; Marcela V\u00e1squez, acad\u00e9mica de la Facultad de Ciencias de la Salud; y C\u00e9sar Astudillo, acad\u00e9mico de la Facultad de Ingenier\u00eda.<\/a> \u00a0\u00a0<\/p><\/div><div><p>\u00a0<\/p><p><b>CHILL\u00c1N ONLINE<\/b>\u00a0<br \/><a href=\"https:\/\/www.chillanonline.cl\/V7\/2024\/05\/25\/utalca-potencia-la-investigacion-escolar-en-establecimientos-educativos-del-maule\/\">UTalca potencia la investigaci\u00f3n escolar en establecimientos educativos del Maule. Se refiere C\u00e9sar Retamal jefe de la Unidad de Divulgaci\u00f3n; Marcela V\u00e1squez, acad\u00e9mica de la Facultad de Ciencias de la Salud; y C\u00e9sar Astudillo, acad\u00e9mico de la Facultad de Ingenier\u00eda.<\/a> \u00a0\u00a0<\/p><p>\u00a0<\/p><\/div><div><b>DIARIO EL HERALDO\u00a0<br \/><\/b><a href=\"https:\/\/www.litoralpress.cl\/sitio\/Prensa_Detalles.cshtml?LPKey=VSHZM64XIMHAKXYLOBSIG6JPZZGMENF4F7XZSUII5N2LSWJJUG7Q\">UTalca potencia la investigaci\u00f3n escolar en establecimientos educativos del Maule. Se refiere C\u00e9sar Retamal jefe de la Unidad de Divulgaci\u00f3n; Marcela V\u00e1squez, acad\u00e9mica de la Facultad de Ciencias de la Salud; y C\u00e9sar Astudillo, acad\u00e9mico de la Facultad de Ingenier\u00eda. \u00a0\u00a0<\/a><b><br \/><\/b><\/div><div>\u00a0<\/div><div><p><b>ELHERALDO.CL<\/b>\u00a0<br \/><a href=\"https:\/\/www.diarioelheraldo.cl\/noticia\/utalca-potencia-la-investigacion-escolar-en-establecimientos-educativos-del-maule\">UTalca potencia la investigaci\u00f3n escolar en establecimientos educativos del Maule. Se refiere C\u00e9sar Retamal jefe de la Unidad de Divulgaci\u00f3n; Marcela V\u00e1squez, acad\u00e9mica de la Facultad de Ciencias de la Salud; y C\u00e9sar Astudillo, acad\u00e9mico de la Facultad de Ingenier\u00eda.<\/a> \u00a0\u00a0<\/p><p>\u00a0<\/p><p><b>AD PRENSA<\/b>\u00a0<br \/><a href=\"https:\/\/www.adprensa.cl\/cronica\/utalca-potencia-la-investigacion-escolar-en-establecimientos-educativos-del-maule\/\">UTalca potencia la investigaci\u00f3n escolar en establecimientos educativos del Maule. Se refiere C\u00e9sar Retamal jefe de la Unidad de Divulgaci\u00f3n; Marcela V\u00e1squez, acad\u00e9mica de la Facultad de Ciencias de la Salud; y C\u00e9sar Astudillo, acad\u00e9mico de la Facultad de Ingenier\u00eda<\/a>. \u00a0\u00a0\u00a0<\/p><\/div><div><p>\u00a0<\/p><p><b>RADIO LAUTARO<\/b>\u00a0<br \/><a href=\"https:\/\/www.litoralpress.cl\/sitio\/RadioTV_Detalles.cshtml?LPKey=XPPFS6AM7ZWIU5A32ODUFMEDULGCAZHMOHRIAVQEDN75GAM6IE6HSHZAF25E7AH5T5MRTDBCKERQG\">Entrevista a Jessica Z\u00fa\u00f1iga, investigadora del Laboratorio de Farmacolog\u00eda.\u00a0<\/a><\/p><\/div><div><p>\u00a0<\/p><p><b>OPIA.FIA.CL<\/b>\u00a0<br \/><a href=\"https:\/\/opia.fia.cl\/601\/w3-article-125618.html\">Investigaci\u00f3n UTalca busca mejorar el comportamiento t\u00e9rmico de aceites vegetales comestibles no refinados. Se refiere Marcos Flores Garc\u00eda, acad\u00e9mico de la Facultad de Ciencias Agrarias.\u00a0<\/a><\/p><\/div><div><p>\u00a0<\/p><p><b>M\u00daSICA Y NOTICIAS<\/b>\u00a0<br \/><a href=\"https:\/\/www.musicaynoticias.cl\/investigadores-destacan-los-beneficios-de-los-porotos-para-un-envejecimiento-saludable-en-la-iii-jornada-cientifica-internacional\/\">Investigadores destacan los beneficios de los porotos para un envejecimiento saludable en la III Jornada Cient\u00edfica Internacional. Se refiere Iv\u00e1n Palomo, acad\u00e9mico de la Facultad de Ciencias de la Salud.\u00a0<\/a><\/p><\/div><div>\u00a0<\/div><div><b>RADIO LAUTARIO<\/b>\u00a0<br \/><a href=\"https:\/\/radiolautarotalca.cl\/como-ayudan-los-porotos-a-envejecer-saludablemente\/\">\u00bfC\u00f3mo ayudan los porotos a envejecer saludablemente? Se refiere Iv\u00e1n Palomo Gonz\u00e1lez, Facultad de Ciencias\u202fde la Salud.\u00a0<\/a><\/div><div>\u00a0<\/div><div><b>S\u00c9PTIMA P\u00c1GINA NOTICIAS<\/b>\u00a0<br \/><a href=\"https:\/\/www.septimapaginanoticias.cl\/investigadores-destacan-beneficios-de-los-porotos-para-envejecer-saludablemente\">Investigadores destacan beneficios de los porotos para envejecer saludablemente. Se refiere Iv\u00e1n Palomo Gonz\u00e1lez, Facultad de Ciencias\u202fde la Salud.\u00a0<\/a><\/div><div>\u00a0<\/div><div><p><b>MEGANOTICIAS<\/b><br \/><a href=\"https:\/\/www.meganoticias.cl\/nacional\/448433-mauricio-morales-cadem-chile-vamos-elecciones-matthei-kast-fds01-26-05-2024.html\">Columna &#8220;Chile Vamos, el adulto a cargo&#8221;. Se refiere de Mauricio Morales, director Centro de An\u00e1lisis Pol\u00edtico (CAP). \u00a0<\/a><\/p><\/div><div><p>\u00a0<\/p><p><b>EL MERCURIO<\/b>\u00a0<br \/><a href=\"https:\/\/www.litoralpress.cl\/paginaconsultas\/Servicios_NClipSitio\/Get_Imagen_Nota.aspx?LPKey=VA66WNI6BGRO266RVINJ56LZPTMWYYWGDXL3SGPG735KVSC4ITPVUHBTNTWXVFF6CNAZZTLA75HVG\">&#8220;Debilidad&#8221; legislativa antes de la Cuenta P\u00fablica: C\u00e1mara vota acuerdos y d\u00eda de la cueca porte\u00f1a. Se refiere Mauricio Morales Quiroga, director Centro de An\u00e1lisis Pol\u00edtico (CAP). \u00a0<\/a><\/p><\/div><div><p>\u00a0<\/p><p><b>LA SEGUNDA<\/b>\u00a0<br \/><a href=\"https:\/\/www.litoralpress.cl\/paginaconsultas\/Servicios_NClipSitio\/Get_Imagen_Nota.aspx?LPKey=2WZS4RFWNJFALECDOU6LLNSYDCNUIAWM676I6WW74A7GTELB7E6MUBPUGKOHSGJS4MMYXWL5V446Y\">Mantener o caer poco: La lucha PS por sortear el fantasma de La Moneda en las municipales.Se refiere Mauricio Morales Quiroga,\u00a0director Centro de An\u00e1lisis Pol\u00edtico (CAP).\u00a0\u00a0<\/a><\/p><\/div><div><p>\u00a0<\/p><p><b>LA TERCERA<\/b>\u00a0<br \/><a href=\"https:\/\/litoralpress.cl\/paginaconsultas\/Servicios_NClipSitio\/Get_Imagen_Nota.aspx?LPKey=BRNYHWTJLTA74L2WKNEZEKFHS23MDE7KHEDDNDO7LG3F3N63FXVBUBVA2KD5G5EWXETUXVVLDZHOK\">Lo que pas\u00f3 en la semana. Se refiere Mauricio Morales Quiroga, director Centro de An\u00e1lisis Pol\u00edtico (CAP). \u00a0<\/a><\/p><\/div><div><p>\u00a0<\/p><p><b>LA TERCERA ONLINE<\/b>\u00a0<br \/><a href=\"https:\/\/www.latercera.com\/la-tercera-sabado\/noticia\/columna-de-mauricio-morales-no-es-travestismo-es-pragmatismo\/FNSTDHH7BFHYTGT72PBG4KS55M\/\">No es travestismo, es pragmatismo. Se refiere Mauricio Morales Quiroga, director Centro de An\u00e1lisis Pol\u00edtico (CAP). \u00a0<\/a><\/p><\/div><div>\u00a0<\/div><div><b>EN L\u00cdNEA MAULE<\/b>\u00a0<br \/><a href=\"https:\/\/www.litoralpress.cl\/sitio\/RadioTV_Detalles.cshtml?LPKey=FGN4EDQW3VMPAILDC55EG2RHT22DZACGQOSUAL7C3S7S6EICE7F3DHEWUQR4OBCQG4E5LQ2KXKVOU\">Ley que regul\u00f3 el divorcio en Chile: \u00bfCu\u00e1les fueron los avances en esta materia? Se refiere Jorge del Pic\u00f3 Rubio, director del Centro de Derechos de las Minor\u00edas y Gesti\u00f3n de la Diversidad.\u00a0<\/a><\/div><div>\u00a0<\/div><div><p><b>LA TERCERA<\/b>\u00a0<br \/><a href=\"https:\/\/www.litoralpress.cl\/sitio\/Prensa_Detalles.cshtml?LPKey=VLNBAALO37W5WGICCJ4IWLJHF4FAG6A6PIGNOQ5RRX3EHOUVY3MA\">Sobre nuestra justicia. Se refiere Diego Palomo, acad\u00e9mico Facultad de Ciencias Jur\u00eddicas y Sociales. \u00a0<\/a><\/p><\/div><div><p>\u00a0<\/p><p><b>LA TERCERA ONLINE<\/b>\u00a0<br \/><a href=\"https:\/\/www.latercera.com\/opinion\/noticia\/sobre-nuestra-justicia\/VWYXXKUFFFDILAC3CI3FISVXGQ\/\">Sobre nuestra justicia. Se refiere Diego Palomo, acad\u00e9mico Facultad de Ciencias Jur\u00eddicas y Sociales.\u00a0<\/a><\/p><\/div><div><p>\u00a0<\/p><p><b>CLARIN (ARGENTINA)<\/b>\u00a0<br \/><a href=\"https:\/\/www.clarin.com\/rural\/congreso-aapresid-2024-conectara-experiencia-ciencia-tecnologia-argentina-mundo_0_LlryIUGBNq.html\">El congreso Aapresid 2024 conectar\u00e1 la experiencia, la ciencia y la tecnolog\u00eda de Argentina con el mundo.Se menciona la Universidad de Talca.\u00a0<\/a><\/p><\/div><div><p>\u00a0<\/p><p><b>RADIO B\u00cdO B\u00cdO<\/b>\u00a0<br \/><a href=\"https:\/\/www.biobiochile.cl\/noticias\/artes-y-cultura\/actualidad-cultural\/2024\/05\/24\/muestras-de-obras-clasicas-de-talca-y-linares-sintetizan-vitalidad-del-teatro-maulino.shtml\">Muestras de obras cl\u00e1sicas de Talca y Linares sintetizan vitalidad del teatro maulino.\u202f Se refiere Francisca Or\u00f3stica, encargada de la gesti\u00f3n cultural de Extensi\u00f3n Cultural y Art\u00edstica. \u00a0<\/a><\/p><\/div><div><p>\u00a0<\/p><p><b>EL MAULE INFORMA<\/b>\u00a0<br \/><a href=\"https:\/\/elmauleinforma.cl\/guia-completa-de-actividades-en-el-maule-por-dia-del-patrimonio\/\">Gu\u00eda completa de actividades en el Maule por D\u00eda del Patrimonio 2024. Se menciona la Universidad de Talca. \u00a0<\/a><\/p><\/div><div><p>\u00a0<\/p><p><b>RADIO LAUTARO<\/b>\u00a0<br \/><a href=\"https:\/\/radiolautarotalca.cl\/se-efectuo-la-premiacion-del-concurso-literario-nacional-stella-corvalan-2023\/\">Se efectu\u00f3 la premiaci\u00f3n del Concurso Literario Nacional Stella Corval\u00e1n 2023. Se menciona la Universidad de Talca.\u00a0<\/a><\/p><\/div><div><p>\u00a0<\/p><p><b>MAULE HOY<\/b>\u00a0<br \/><a href=\"https:\/\/maulehoy.cl\/2024\/05\/24\/ilustre-municipalidad-de-talca-realizo-premiacion-del-concurso-literario-nacional-stella-corvalan-2023\/\">Ilustre Municipalidad de Talca realiz\u00f3 premiaci\u00f3n del Concurso Literario Nacional Stella Corval\u00e1n 2023.Se menciona la Universidad de Talca. \u00a0<\/a><\/p><\/div><div><p>\u00a0<\/p><p><b>DIARIOS EN RED<\/b>\u00a0<br \/><a href=\"https:\/\/diariosenred.com\/regional\/ilustre-municipalidad-de-talca-realizo-premiacion-del-concurso-literario\">Ilustre Municipalidad de Talca realiz\u00f3 premiaci\u00f3n del Concurso Literario Nacional Stella Corval\u00e1n 2023.Se menciona la Universidad de Talca. \u00a0<\/a><\/p><\/div><div><p>\u00a0<\/p><p><b>RED MAULE<\/b>\u00a0<br \/><a href=\"https:\/\/redmaule.com\/regional\/ilustre-municipalidad-de-talca-realizo-premiacion-del-concurso-literario\">Ilustre Municipalidad de Talca realiz\u00f3 premiaci\u00f3n del Concurso Literario Nacional Stella Corval\u00e1n 2023.Se menciona la Universidad de Talca. \u00a0<\/a><\/p><\/div><div><p>\u00a0<\/p><p><b>RED O\u00b4HIGGINS<\/b>\u00a0<br \/><a href=\"https:\/\/redohiggins.com\/regional\/ilustre-municipalidad-de-talca-realizo-premiacion-del-concurso-literario\">Ilustre Municipalidad de Talca realiz\u00f3 premiaci\u00f3n del Concurso Literario Nacional Stella Corval\u00e1n 2023.Se menciona la Universidad de Talca. \u00a0<\/a><\/p><\/div><div><p>\u00a0<\/p><p><b>RED VALPARA\u00cdSO<\/b>\u00a0<br \/><a href=\"https:\/\/redcalparaiso.com\/regional\/ilustre-municipalidad-de-talca-realizo-premiacion-del-concurso-literario\">Ilustre Municipalidad de Talca realiz\u00f3 premiaci\u00f3n del Concurso Literario Nacional Stella. Corval\u00e1n 2023.Se menciona la Universidad de Talca. \u00a0<\/a><\/p><\/div><div><p>\u00a0<\/p><p><b>TVN RED MAULE<\/b>\u00a0<br \/><a href=\"https:\/\/www.litoralpress.cl\/sitio\/RadioTV_Detalles.cshtml?LPKey=2W2UKRUBN6OMDAAB7YYLFWOQHFWXGEJAIJOKOH436US25YW2QHBVZTDRYDWZ7RISWV6KPJG7SA32K\">El Dulce Meneo&#8221; de Teatro al Margen en el marco del Mini Ciclo. Se menciona la Universidad de Talca.\u00a0<\/a><\/p><\/div><div>\u00a0<\/div><div><b>TVN RED MAULE<\/b>\u00a0<br \/><a href=\"https:\/\/www.litoralpress.cl\/sitio\/RadioTV_Detalles.cshtml?LPKey=JCKSHBE2BQWLTDZLGYHMOUYJT27RHMT7QP6XLX4CQ7J2NU26RFQJB7YPX3CKAECJP3JRWL5IOICMO\">La piel de la incomodidad&#8221; de la artista Paola Podest\u00e1 Mart\u00ed. Se menciona la Universidad de Talca.\u00a0<\/a>\u00a0<\/div><div><p>\u00a0<\/p><p><b>TVN RED MAULE<\/b>\u00a0<br \/><a href=\"https:\/\/www.litoralpress.cl\/sitio\/RadioTV_Detalles.cshtml?LPKey=54GEOE46VS42DVKOQCTTSONFPH4MONDXHYAVHNLBOS7PLFXAJYPGML2DNSSH2V6YOQW73UTEGIQBQ\">Contin\u00faa la Muestra Esc\u00e9nica Maulina en el centro de extensi\u00f3n de la U de Talca. Se menciona la Universidad de Talca.\u00a0<\/a><\/p><\/div><div><p>\u00a0<\/p><p><b>DIARIO TALCA<\/b>\u00a0<br \/><a href=\"https:\/\/www.litoralpress.cl\/sitio\/Prensa_PaginaCompleta.cshtml?LPKey=6JRQOKGR5DFCO6LOGOVAKG33EILGQ2AGLBPAW5V3ZDBOJBJDRJOA\">Libro Her\u00e1ldico de Talca: \u00bfqu\u00e9 es y qu\u00e9 hacer con \u00e9l? Se menciona la Universidad de Talca\u00a0<\/a><\/p><\/div><div><p>\u00a0<\/p><p><b>DIARIO TALCA<\/b>\u00a0<br \/><a href=\"https:\/\/diariotalca.cl\/conozca-la-agenda-de-45-eventos-en-talca-para-el-dia-de-los-patrimonios-2024\/\">Conozca la agenda de 45 eventos en Talca para el D\u00eda de los Patrimonios 2024. Se menciona la Universidad de Talca.<\/a> \u00a0<\/p><\/div><div><p>\u00a0<\/p><p><b>DIARIO TALCA<\/b>\u00a0<br \/><a href=\"https:\/\/www.litoralpress.cl\/sitio\/Prensa_PaginaCompleta.cshtml?LPKey=CGOZT5OJZHAXT43UVVU6LZXUDQXGQDQMEKVBH4D7Y6YMEOYCU6CA\">500 rutas patrimoniales en bicicleta. Se menciona la Universidad de Talca\u00a0<\/a><\/p><\/div><div>\u00a0<\/div><div><b>EL CALBUCANO<\/b>\u00a0<br \/><a href=\"https:\/\/www.elcalbucano.cl\/2024\/05\/sostenibilidad-del-patrimonio-en-la-educacion\/\">Sostenibilidad del Patrimonio en la Educaci\u00f3n. Se menciona la Universidad de Talca. \u00a0<\/a><\/div><div>\u00a0<\/div><div><p>\u00a0<\/p><p><b>EL RANCAGUINO<\/b>\u00a0<br \/><a href=\"https:\/\/www.elrancaguino.cl\/2024\/05\/26\/el-mal-clima-no-opaco-el-dia-de-los-patrimonios\/\">El mal clima no opac\u00f3 el D\u00eda de los Patrimonios. Se menciona la Universidad de Talca\u00a0<\/a><\/p><\/div><div><p>\u00a0<\/p><p><b>REVISTA SANTIAGO<\/b>\u00a0<br \/><a href=\"https:\/\/revistasantiago.cl\/literatura\/carmen-berenguer-1942-2024-la-escritura-el-cuerpo-la-urbe\/\">Carmen Berenguer (1942-2024): La escritura, el cuerpo, la urbe. Se menciona la Universidad de Talca.\u00a0<\/a><\/p><\/div><div><p>\u00a0<\/p><p><b>DIARIO TALCA<\/b>\u00a0<br \/><a href=\"https:\/\/www.litoralpress.cl\/sitio\/Prensa_PaginaCompleta.cshtml?LPKey=GKHSV2ECV5Q4NDR2RTQP563TMPSKKU4IKEKR5ATYRKQP2PXR4YEA\">C\u00e9lebres mujeres de ayer y siempre. Se menciona la Universidad de Talca\u00a0<\/a><\/p><\/div><div><p>\u00a0<\/p><p><b>SEMANARIO LOCAL<\/b>\u00a0<br \/><a href=\"https:\/\/www.semanariolocal.cl\/?p=21467\">Sostenibilidad del Patrimonio en la Educaci\u00f3n. Se menciona la Universidad de Talca\u00a0<\/a><\/p><p>\u00a0<\/p><p><b>MAULE HOY<\/b>\u00a0<br \/><a href=\"https:\/\/maulehoy.cl\/2024\/05\/23\/talca-se-consolida-como-polo-urbano-a-nivel-nacional\/\">Talca se consolida como polo urbano a nivel nacional.Se menciona la Universidad de Talca. \u00a0<\/a><br \/><b><\/b><\/p><p><b>INSTITUTO CIENCIAS BIOM\u00c9DICAS UNIVERSIDAD DE CHILE<\/b>\u00a0<br \/><a href=\"https:\/\/icbm.med.uchile.cl\/seminario\/lanzamiento-de-la-plataforma-de-salud-mental-aqui-contigo\/\">Lanzamiento de la plataforma de salud mental \u00abAqu\u00ed Contigo\u00bb. Se menciona la Universidad de Talca. \u00a0<\/a><\/p><\/div><div><p>\u00a0<\/p><p><b>MAULE HOY<\/b>\u00a0<br \/><a href=\"https:\/\/maulehoy.cl\/2024\/05\/23\/direccion-regional-del-sernac-destaco-los-mas-de-1-261-reclamos-recibidos-de-parte-de-los-consumidores-durante-su-gestion-2023\/\">Direcci\u00f3n regional del Sernac destac\u00f3 los m\u00e1s de 1.261 reclamos recibidos de parte de los consumidores durante su gesti\u00f3n 2023. Se menciona la Universidad de Talca. \u00a0<\/a><\/p><\/div>\t\t\t\t\t\t<\/div>\n\t\t\t\t<\/div>\n\t\t\t\t\t<\/div>\n\t\t<\/div>\n\t\t\t\t\t\t\t<\/div>\n\t\t<\/section>\n\t\t\t\t\t\t<\/div>\n\t\t\t\t\t<\/div>\n\t\t","protected":false},"excerpt":{"rendered":"<p>LA TERCERA\u00a0Rectores cuestionan la posibilidad de nuevos aranceles regulados. Se refiere Carlos Torres Fuchslocher, rector.\u00a0 \u00a0 LA TERCERA ONLINE\u00a0Rectores cuestionan la posibilidad de nuevos aranceles regulados. Se refiere Carlos Torres Fuchslocher, rector.\u00a0 \u00a0MEDIABANCO\u00a0UTalca y Hospital de Curic\u00f3 realizan Jornada de Psiquiatr\u00eda. Se refiere Ernesto Sol\u00eds, director de la Escuela de Medicina y Ver\u00f3nica Vitriol, directora &hellip;<\/p>\n<p class=\"read-more\"> <a class=\"\" href=\"https:\/\/www.reportedeprensa.utalca.cl\/?p=9847\"> <span class=\"screen-reader-text\">27 de mayo de 2024<\/span> Read More &raquo;<\/a><\/p>\n","protected":false},"author":1,"featured_media":0,"comment_status":"closed","ping_status":"open","sticky":false,"template":"","format":"standard","meta":{"_monsterinsights_skip_tracking":false,"_monsterinsights_sitenote_active":false,"_monsterinsights_sitenote_note":"","_monsterinsights_sitenote_category":0},"categories":[48],"tags":[],"_links":{"self":[{"href":"https:\/\/www.reportedeprensa.utalca.cl\/index.php?rest_route=\/wp\/v2\/posts\/9847"}],"collection":[{"href":"https:\/\/www.reportedeprensa.utalca.cl\/index.php?rest_route=\/wp\/v2\/posts"}],"about":[{"href":"https:\/\/www.reportedeprensa.utalca.cl\/index.php?rest_route=\/wp\/v2\/types\/post"}],"author":[{"embeddable":true,"href":"https:\/\/www.reportedeprensa.utalca.cl\/index.php?rest_route=\/wp\/v2\/users\/1"}],"replies":[{"embeddable":true,"href":"https:\/\/www.reportedeprensa.utalca.cl\/index.php?rest_route=%2Fwp%2Fv2%2Fcomments&post=9847"}],"version-history":[{"count":7,"href":"https:\/\/www.reportedeprensa.utalca.cl\/index.php?rest_route=\/wp\/v2\/posts\/9847\/revisions"}],"predecessor-version":[{"id":9855,"href":"https:\/\/www.reportedeprensa.utalca.cl\/index.php?rest_route=\/wp\/v2\/posts\/9847\/revisions\/9855"}],"wp:attachment":[{"href":"https:\/\/www.reportedeprensa.utalca.cl\/index.php?rest_route=%2Fwp%2Fv2%2Fmedia&parent=9847"}],"wp:term":[{"taxonomy":"category","embeddable":true,"href":"https:\/\/www.reportedeprensa.utalca.cl\/index.php?rest_route=%2Fwp%2Fv2%2Fcategories&post=9847"},{"taxonomy":"post_tag","embeddable":true,"href":"https:\/\/www.reportedeprensa.utalca.cl\/index.php?rest_route=%2Fwp%2Fv2%2Ftags&post=9847"}],"curies":[{"name":"wp","href":"https:\/\/api.w.org\/{rel}","templated":true}]}}