{"id":9865,"date":"2024-05-28T12:24:49","date_gmt":"2024-05-28T15:24:49","guid":{"rendered":"https:\/\/www.reportedeprensa.utalca.cl\/?p=9865"},"modified":"2024-05-28T12:32:51","modified_gmt":"2024-05-28T15:32:51","slug":"28-de-mayo-de-2024","status":"publish","type":"post","link":"https:\/\/www.reportedeprensa.utalca.cl\/?p=9865","title":{"rendered":"28 de mayo de 2024"},"content":{"rendered":"\t\t<div data-elementor-type=\"wp-post\" data-elementor-id=\"9865\" class=\"elementor elementor-9865\" data-elementor-settings=\"[]\">\n\t\t\t\t\t\t\t<div class=\"elementor-section-wrap\">\n\t\t\t\t\t\t\t<section class=\"elementor-section elementor-top-section elementor-element elementor-element-bcea1a8 elementor-section-boxed elementor-section-height-default elementor-section-height-default\" data-id=\"bcea1a8\" data-element_type=\"section\">\n\t\t\t\t\t\t<div class=\"elementor-container elementor-column-gap-default\">\n\t\t\t\t\t<div class=\"elementor-column elementor-col-100 elementor-top-column elementor-element elementor-element-e7183bf\" data-id=\"e7183bf\" data-element_type=\"column\">\n\t\t\t<div class=\"elementor-widget-wrap elementor-element-populated\">\n\t\t\t\t\t\t\t\t<div class=\"elementor-element elementor-element-58d7315 elementor-widget elementor-widget-text-editor\" data-id=\"58d7315\" data-element_type=\"widget\" data-widget_type=\"text-editor.default\">\n\t\t\t\t<div class=\"elementor-widget-container\">\n\t\t\t\t\t\t\t\t<div><b>HOY X HOY\u00a0<br \/><\/b><a href=\"https:\/\/www.litoralpress.cl\/paginaconsultas\/Servicios_NClipSitio\/Get_Imagen_Nota.aspx?LPKey=ZDS3ORRJNWXIW3GS4XV5E5LRCYDXWLZQV7TLBSU3WJJAWML7TE5EBW4YTTOBWCAB4PQVUR4X2J7JY\">Expertos indican los cuidados que hay que tener con la piel durante el invierno. Se refiere Emily Rojo, acad\u00e9mica de la Facultad de Ciencias de la Salud.\u00a0<\/a><b><br \/><\/b><\/div><div>\u00a0<\/div><div><b>HOY X HOY ANTOFAGASTA<\/b>\u00a0<br \/><a href=\"https:\/\/www.litoralpress.cl\/paginaconsultas\/Servicios_NClipSitio\/Get_Imagen_Nota.aspx?LPKey=ODUIHNUZQWGUU7GYBW7246FFHWNEDGKKAS5V7M7NHTLO5NWCEIRUUH5MG2OOMLNBJ2UL4OWXXJFWO\">Expertos indican los cuidados que hay que tener con la piel durante el invierno. Se refiere Emily Rojo, acad\u00e9mica de la Facultad de Ciencias de la Salud.\u00a0<\/a><br \/><br \/><\/div><div><b>HOY X HOY CONCEPCI\u00d3N<\/b>\u00a0<br \/><a href=\"https:\/\/www.litoralpress.cl\/paginaconsultas\/Servicios_NClipSitio\/Get_Imagen_Nota.aspx?LPKey=M7C7QSPAKLFMT4I4RP5GZ6C3WAZLPW7WWFJV6EG34JLLIC2CLGUVNGGTWQNDMRCU4NXQQJHDCFU54\">Expertos indican los cuidados que hay que tener con la piel durante el invierno. Se refiere Emily rojo, acad\u00e9mica de la Facultad de Ciencias de la Salud.\u00a0<\/a><br \/><br \/><\/div><div><b>LA ESTRELLA DE ANTOFAGASTA<\/b>\u00a0<br \/><a href=\"https:\/\/www.litoralpress.cl\/paginaconsultas\/Servicios_NClipSitio\/Get_Imagen_Nota.aspx?LPKey=DQYNVNVSFN73U7EU3UXEPODT43UR7VCHDSWDJKBZ7GZ2S6RNVVO23QOT6FK4FSPSCZZUMMBXRV2VQ\">Expertos indican los cuidados que hay que tener con la piel durante el invierno. Se refiere Emily Rojo, acad\u00e9mica de la Facultad de Ciencias de la Salud.\u00a0<\/a><br \/><br \/><\/div><div><b>LA ESTRELLA DE TOCOPILLA<\/b>\u00a0<br \/><a href=\"https:\/\/www.litoralpress.cl\/paginaconsultas\/Servicios_NClipSitio\/Get_Imagen_Nota.aspx?LPKey=2JH7PTF4R7U6FTQDSJU757527IVWA3EUSC3BTFE2SATJNVCSX4QX7X4KRHUVA5OYQPRJ7CKK46VEO\">Expertos indican los cuidados que hay que tener con la piel durante el invierno. Se refiere Emily Rojo, acad\u00e9mica de la Facultad de Ciencias de la Salud.\u00a0<\/a><br \/><br \/><\/div><div><b>SOY CHILE<\/b>\u00a0<br \/><a href=\"https:\/\/www.soychile.cl\/Santiago\/Tendencias\/2024\/05\/27\/861830\/cuidados-piel-durante-el-invierno.html\">Expertos indican los cuidados que hay que tener con la piel durante el invierno. Se refiere Emily Rojo, acad\u00e9mica de la Facultad de Ciencias de la Salud.\u00a0<\/a><br \/><br \/><\/div><div><b>MEDIABANCO<\/b>\u00a0<br \/><a href=\"https:\/\/www.mediabanco.com\/elecciones-primarias-que-condiciones-rigen-para-este-proceso\/\">Elecciones primarias: \u00bfQu\u00e9 condiciones rigen para este proceso? Se refiere Mario Herrera Mu\u00f1oz, acad\u00e9mico de la Facultad de Ciencias Jur\u00eddicas y sociales.\u00a0<\/a><br \/><br \/><\/div><div><b>DIARIOS EN RED\u00a0<br \/><\/b><a href=\"https:\/\/www.diariosenred.com\/politica\/elecciones-primarias-que-condiciones-rigen-para-este-proceso\">Elecciones primarias: \u00bfQu\u00e9 condiciones rigen para este proceso? Se refiere Mario Herrera Mu\u00f1oz, acad\u00e9mico de la Facultad de Ciencias Jur\u00eddicas y sociales.\u00a0<\/a><b><br \/><\/b><\/div><div>\u00a0<\/div><div><b>RED AYS\u00c9N<\/b>\u00a0<br \/><a href=\"https:\/\/www.redaysen.com\/politica\/elecciones-primarias-que-condiciones-rigen-para-este-proceso\">Elecciones primarias: \u00bfQu\u00e9 condiciones rigen para este proceso? Se refiere Mario Herrera Mu\u00f1oz, acad\u00e9mico de la Facultad de Ciencias Jur\u00eddicas y sociales.\u00a0<\/a><br \/><br \/><\/div><div><b>RED VALPARA\u00cdSO<\/b>\u00a0<br \/><a href=\"https:\/\/www.redvalparaiso.com\/politica\/elecciones-primarias-que-condiciones-rigen-para-este-proceso\">Elecciones primarias: \u00bfQu\u00e9 condiciones rigen para este proceso? Se refiere Mario Herrera Mu\u00f1oz, acad\u00e9mico de la Facultad de Ciencias Jur\u00eddicas y sociales\u00a0<\/a><br \/><br \/><\/div><div><b>RED MAULE<\/b>\u00a0<br \/><a href=\"https:\/\/www.redmaule.com\/politica\/elecciones-primarias-que-condiciones-rigen-para-este-proceso\">Elecciones primarias: \u00bfQu\u00e9 condiciones rigen para este proceso? Se refiere Mario Herrera Mu\u00f1oz, acad\u00e9mico de la Facultad de Ciencias Jur\u00eddicas y sociales\u00a0<\/a><br \/><br \/><\/div><div><b>RED \u00d1UBLE<\/b>\u00a0<br \/><a href=\"https:\/\/www.rednuble.com\/politica\/elecciones-primarias-que-condiciones-rigen-para-este-proceso\">Elecciones primarias: \u00bfQu\u00e9 condiciones rigen para este proceso? Se refiere Mario Herrera Mu\u00f1oz, acad\u00e9mico de la Facultad de Ciencias Jur\u00eddicas y sociales.\u00a0<\/a><\/div><div>\u00a0<\/div><div><b>RED ARICA<\/b>\u00a0<br \/><a href=\"https:\/\/www.redarica.com\/politica\/elecciones-primarias-que-condiciones-rigen-para-este-proceso\">Elecciones primarias: \u00bfQu\u00e9 condiciones rigen para este proceso? Se refiere Mario Herrera Mu\u00f1oz, acad\u00e9mico de la Facultad de Ciencias Jur\u00eddicas y sociales\u00a0<\/a><br \/><br \/><\/div><div><b>AD PRENSA<\/b>\u00a0<br \/><a href=\"https:\/\/www.adprensa.cl\/cronica\/elecciones-primarias-que-condiciones-rigen-para-este-proceso\/\">Elecciones primarias: \u00bfQu\u00e9 condiciones rigen para este proceso? Se refiere Mario Herrera Mu\u00f1oz, acad\u00e9mico de la Facultad de Ciencias Jur\u00eddicas y sociales.\u00a0<\/a><br \/><br \/><\/div><div><b>LA RAZ\u00d3N <\/b>\u00a0<br \/><a href=\"https:\/\/www.larazon.cl\/2024\/05\/27\/elecciones-primarias-que-condiciones-rigen-para-este-proceso\/\">Elecciones primarias: \u00bfQu\u00e9 condiciones rigen para este proceso? Se refiere Mario Herrera Mu\u00f1oz, acad\u00e9mico de la Facultad de Ciencias Jur\u00eddicas y sociales.\u00a0<\/a><br \/><br \/><\/div><div><b>G5 NOTICIAS<\/b>\u00a0<br \/><a href=\"https:\/\/g5noticias.cl\/2024\/05\/27\/elecciones-primarias-que-condiciones-rigen-para-este-proceso\/\">Elecciones primarias: \u00bfQu\u00e9 condiciones rigen para este proceso? Se refiere Mario Herrera Mu\u00f1oz, acad\u00e9mico de la Facultad de Ciencias Jur\u00eddicas y sociales.\u00a0<\/a><br \/><br \/><\/div><div><b>RADIO ALLEN<\/b>\u00a0<br \/><a href=\"https:\/\/radioallen.cl\/elecciones-primarias-que-condiciones-rigen-para-este-proceso\/\">Elecciones primarias: \u00bfQu\u00e9 condiciones rigen para este proceso? Se refiere Mario Herrera Mu\u00f1oz, acad\u00e9mico de la Facultad de Ciencias Jur\u00eddicas y sociales.\u00a0<\/a><br \/><br \/><\/div><div><b>RADIO AGRICULTURA<\/b>\u00a0<br \/><a href=\"https:\/\/www.radioagricultura.cl\/dato-practico\/2024\/05\/27\/elecciones-primarias-todo-lo-que-se-debe-saber-para-los-sufragios\/\">Elecciones primarias: Todo lo que se debe saber para los sufragios<b>.<\/b> Se refiere Mario Herrera Mu\u00f1oz, acad\u00e9mico de la Facultad de Ciencias Jur\u00eddicas y sociales.<\/a><\/div><div>\u00a0<\/div><div><b>\u00daLTIMA HORA<\/b>\u00a0<br \/><a href=\"https:\/\/www.ultimahora.cl\/elecciones-primarias-que-condiciones-rigen-para-este-proceso\/\">Elecciones primarias: \u00bfQu\u00e9 condiciones rigen para este proceso? Se refiere Mario Herrera Mu\u00f1oz, acad\u00e9mico de la Facultad de Ciencias Jur\u00eddicas y sociales.\u00a0<\/a><br \/><br \/><\/div><div><b>EL MAULE INFORME<\/b>\u00a0<br \/><a href=\"https:\/\/elmauleinforma.cl\/elecciones-primarias-que-condiciones-rigen-para-este-proceso\/\">Elecciones primarias: \u00bfQu\u00e9 condiciones rigen para este proceso? Se refiere Mario Herrera Mu\u00f1oz, acad\u00e9mico de la Facultad de Ciencias Jur\u00eddicas y sociales.\u00a0<\/a><br \/><br \/><\/div><div><b>LA PRENSA DE CURIC\u00d3\u00a0<br \/><\/b><a href=\"https:\/\/www.litoralpress.cl\/paginaconsultas\/Servicios_NClipSitio\/Get_Imagen_Nota.aspx?LPKey=NMWJXGNUTVQ25Q3KQ46BIRJ7RWHQAL2ABIJHM5VEUZAPHYJISL5OPT6RRLDOROTO6M5T5SRT6EVVE\">UTalca y Hospital de Curic\u00f3 realizaron Jornada de Psiquiatr\u00eda. Se refiere Ernesto Sol\u00eds, director de la Escuela de Medicina y Ver\u00f3nica Vitriol, directora Especializaci\u00f3n en Psiquiatr\u00eda.\u00a0 \u00a0<\/a><b><br \/><\/b><b>\u00a0<\/b><\/div><div><b>MAULE NEWS<\/b>\u00a0<br \/><a href=\"https:\/\/www.maulenews.com\/2024\/05\/utalca-y-hospital-de-curico-realizan.html\">UTalca y Hospital de Curic\u00f3 realizan Jornada de Psiquiatr\u00eda. Se refiere Ernesto Sol\u00eds, director de la Escuela de Medicina y Ver\u00f3nica Vitriol, directora Especializaci\u00f3n en Psiquiatr\u00eda.\u00a0 \u00a0<\/a><br \/><br \/><\/div><div><b>PUBLIMICRO<\/b>\u00a0<br \/><a href=\"https:\/\/publimicro.cl\/universidad-de-talca-y-hospital-de-curico-realizan-conjuntamente-jornada-de-psiquiatria-para-forjar-especialistas-en-el-area\/\">Universidad de Talca y Hospital de Curic\u00f3 realizan conjuntamente Jornada de Psiquiatr\u00eda para forjar especialistas en el \u00e1rea. Se refiere Ernesto Sol\u00eds, director de la Escuela de Medicina y Ver\u00f3nica Vitriol, directora Especializaci\u00f3n en Psiquiatr\u00eda.\u00a0 \u00a0<\/a><br \/><br \/><\/div><div><b>SOMOS MAULE<\/b>\u00a0<br \/><a href=\"http:\/\/somosmaule.cl\/publico\/ficha\/ficha.aspx?i=70015\">UTalca y Hospital de Curic\u00f3 realizan Jornada de Psiquiatr\u00eda. Se refiere Ernesto Sol\u00eds, director de la Escuela de Medicina y Ver\u00f3nica Vitriol, directora Especializaci\u00f3n en Psiquiatr\u00eda.\u00a0 \u00a0<\/a><\/div><div>\u00a0<\/div><div><b>PORTAL INNOVA<\/b>\u00a0<br \/><a href=\"https:\/\/portalinnova.cl\/reduflacion-que-es-y-como-impacta-a-los-consumidores\/\">Reduflaci\u00f3n: \u00bfQu\u00e9 es y c\u00f3mo impacta a los consumidores? Se refiere Milton Inostroza, acad\u00e9mico de la Facultad de Econom\u00eda y Negocios.\u00a0<\/a><\/div><div>\u00a0<\/div><div><b>PORTAL RED SALUD\u00a0<br \/><\/b><a href=\"https:\/\/portalprensasalud.cl\/2024\/05\/27\/microbiota-intestinal-por-que-es-esencial-para-nuestra-salud\/\">Microbiota intestinal: Por qu\u00e9 es esencial para nuestra salud. Se refiere Jos\u00e9 Pino Villal\u00f3n, acad\u00e9mico Escuela de Nutrici\u00f3n y Diet\u00e9tica.\u00a0<\/a><b><br \/><\/b><\/div><div>\u00a0<\/div><div><b>RADIO CRISTALINA<\/b>\u00a0<br \/><a href=\"https:\/\/radiocristalina.cl\/microbiota-intestinal-por-que-es-esencial-para-nuestra-salud-mantenerla-equilibrada\/\">Microbiota intestinal: por qu\u00e9 es esencial para nuestra salud mantenerla equilibrada. Se refiere Jos\u00e9 Pino Villal\u00f3n, acad\u00e9mico Escuela de Nutrici\u00f3n y Diet\u00e9tica.\u00a0<\/a><br \/><br \/><\/div><div><b>RADIO INFINITA<\/b>\u00a0<br \/><a href=\"https:\/\/www.litoralpress.cl\/sitio\/RadioTV_Detalles.cshtml?LPKey=4SAZG4LG2DOO7HJ4EF3Y25UUUEFKA5AATNKNHRPLNNHCVUSVWNA6IOU427RZRZ37RUI3YGMMLE3BU\">Comentario de pol\u00edtica de Mauricio Morales Quiroga, director Centro de An\u00e1lisis Pol\u00edtico (CAP).\u00a0<\/a><br \/><br \/><\/div><div><b>CANAL CNN CHILE<\/b>\u00a0<br \/><a href=\"https:\/\/www.litoralpress.cl\/sitio\/RadioTV_Detalles.cshtml?LPKey=5YSKN5YXM3MO5XZIBF6OSBK3RNFKYM43JPX6HPJGBMDTXY5U3P2ZZGZHY55TJ2IV4FZ35UC65TESE\">Expectaci\u00f3n por la tercera cuenta p\u00fablica del Presidente Gabriel Boric. Se refiere Mauricio Morales Quiroga, director Centro de An\u00e1lisis Pol\u00edtico (CAP).\u00a0<\/a><br \/><br \/><\/div><div><b>MEGANOTICIAS<\/b>\u00a0<br \/><a href=\"https:\/\/www.meganoticias.cl\/nacional\/448433-mauricio-morales-cadem-chile-vamos-elecciones-matthei-kast-fds01-26-05-2024.html\">&#8220;Chile Vamos, el adulto a cargo&#8221;. Columna de Mauricio Morales Quiroga, director Centro de An\u00e1lisis Pol\u00edtico (CAP).\u00a0<\/a><br \/><br \/><\/div><div><b>PUBLIMICRO<\/b>\u00a0<br \/><a href=\"https:\/\/publimicro.cl\/universidad-de-talca-potencia-la-investigacion-escolar-en-establecimientos-educativos-del-maule\/\">Universidad de Talca potencia la investigaci\u00f3n escolar en establecimientos educativos del Maule. Se refiere C\u00e9sar Retamal jefe de la Unidad de Divulgaci\u00f3n.\u00a0<\/a><br \/><br \/><\/div><div><b>RADIO LAUTARO\u00a0<br \/><\/b><a href=\"https:\/\/radiolautarotalca.cl\/explora-maule-promueve-la-investigacion-escolar-en-el-maule\/\">Explora Maule promueve la investigaci\u00f3n escolar en el Maule. Se refiere C\u00e9sar Retamal jefe de la Unidad de Divulgaci\u00f3n y Marcela V\u00e1squez, acad\u00e9mica de la Facultad de Ciencias de la Salud. \u202f\u00a0<\/a><\/div><div>\u00a0<\/div><div><b>RADIO CRISTALINA\u00a0<br \/><\/b><a href=\"https:\/\/radiocristalina.cl\/investigadores-destacan-beneficios-de-los-porotos-para-envejecer-saludablemente\/\">Investigadores destacan beneficios de los porotos para envejecer saludablemente. Se refiere Iv\u00e1n Palomo Gonz\u00e1lez, acad\u00e9mico de la Facultad de Ciencias\u202fde la Salud.\u202f\u00a0<\/a><b><br \/><\/b><b><a id=\"OWA162be013-2527-8876-ebce-cac97cfc401f\" class=\"x_x_Hyperlink x_x_SCXW75656549 x_x_BCX0 x_x_OWAAutoLink\" href=\"https:\/\/radiocristalina.cl\/investigadores-destacan-beneficios-de-los-porotos-para-envejecer-saludablemente\/t\" target=\"_blank\" rel=\"noopener noreferrer\" data-auth=\"NotApplicable\" data-loopstyle=\"linkonly\" data-linkindex=\"33\"><\/a><\/b><b>\u00a0<\/b><\/div><div><b>EL RANCAG\u00dcINO<\/b>\u00a0<br \/><a href=\"https:\/\/www.litoralpress.cl\/paginaconsultas\/Servicios_NClipSitio\/Get_Imagen_Nota.aspx?LPKey=2YVPWBAZTQ3XS6R7IEILAWESJAQCBK6XIWA3AUM7NW3ZJ5XLP7ZXZCYXGIWI7PNKDEO3E6DCDRJXG\">El mal clima no opac\u00f3 el D\u00eda de los Patrimonios. Se menciona la Universidad de Talca. \u00a0<\/a><br \/><br \/><\/div><div><b>CANAL TVN RED MAULE\u00a0<br \/><\/b><a href=\"https:\/\/www.litoralpress.cl\/sitio\/RadioTV_Detalles.cshtml?LPKey=BE3PWGMKRCJ36OK5XUUAEVBTV7QU2JLQONOTNF7VBR5ZJGUSD3YACZ3I7R2LO7G42P4QJA22VBV4E\">Retoman visitas guiadas a Jard\u00edn Bot\u00e1nico y Arboretum. Se menciona la Universidad de Talca. \u00a0<\/a><\/div><div>\u00a0<\/div><div><b>LA TERCERA ONLINE\u00a0<br \/><\/b><a href=\"https:\/\/www.latercera.com\/opinion\/noticia\/sobre-nuestra-justicia\/VWYXXKUFFFDILAC3CI3FISVXGQ\/\">Sobre nuestra justicia. Se refiere Diego Palomo, acad\u00e9mico Facultad de Ciencias Jur\u00eddicas y Sociales.\u00a0<\/a><\/div><div>\u00a0<\/div><div><b>RADIO B\u00cdO B\u00cdO\u00a0<br \/><\/b><a href=\"https:\/\/www.biobiochile.cl\/noticias\/artes-y-cultura\/actualidad-cultural\/2024\/05\/24\/muestras-de-obras-clasicas-de-talca-y-linares-sintetizan-vitalidad-del-teatro-maulino.shtml\">Muestras de obras cl\u00e1sicas de Talca y Linares sintetizan vitalidad del teatro maulino.\u202f Se refiere Francisca Or\u00f3stica, encargada de la gesti\u00f3n cultural de la Direcci\u00f3n de Extensi\u00f3n Cultural y Art\u00edstica.<\/a> <b><br \/><\/b><\/div><div>\u00a0<\/div><div><b>CANAL TVN RED MAULE<\/b>\u00a0<br \/><a href=\"https:\/\/www.litoralpress.cl\/sitio\/RadioTV_Detalles.cshtml?LPKey=2W2UKRUBN6OMDAAB7YYLFWOQHFWXGEJAIJOKOH436US25YW2QHBVZTDRYDWZ7RISWV6KPJG7SA32K\">El Dulce Meneo&#8221; de Teatro al Margen en el marco del Mini Ciclo. Se menciona la Universidad de Talca. \u00a0<\/a><br \/><br \/><\/div><div><b>CANAL TVN RED MAULE<\/b>\u00a0<br \/><a href=\"https:\/\/www.litoralpress.cl\/sitio\/RadioTV_Detalles.cshtml?LPKey=JCKSHBE2BQWLTDZLGYHMOUYJT27RHMT7QP6XLX4CQ7J2NU26RFQJB7YPX3CKAECJP3JRWL5IOICMO\">La piel de la incomodidad&#8221; de la artista Paola Podest\u00e1 Mart\u00ed. Se menciona la Universidad de Talca. \u00a0<\/a><br \/><br \/><\/div><div><b>CANAL TVN RED MAULE<\/b>\u00a0<br \/><a href=\"https:\/\/www.litoralpress.cl\/sitio\/RadioTV_Detalles.cshtml?LPKey=54GEOE46VS42DVKOQCTTSONFPH4MONDXHYAVHNLBOS7PLFXAJYPGML2DNSSH2V6YOQW73UTEGIQBQ\">Contin\u00faa la Muestra Esc\u00e9nica Maulina en el centro de extensi\u00f3n de la U de Talca. Se menciona la Universidad de Talca.\u00a0<\/a><br \/><br \/><\/div><div><b>EMOL TV<\/b>\u00a0<br \/><a href=\"https:\/\/www.litoralpress.cl\/sitio\/RadioTV_Detalles.cshtml?LPKey=S3ZSHA5NLVQCCJAVDD4QNV75QZRA5RBSVD7GAO7RPTQ3SXU4URYF3VTJYAED2C3U5HUETWGPF2NF4\">La Semana Econ\u00f3mica de ICARE. Se menciona la Universidad de Talca.\u00a0<\/a><\/div><div>\u00a0<\/div><div><b>DIARIO EL CENTRO<\/b>\u00a0<br \/><a href=\"https:\/\/www.diarioelcentro.cl\/2024\/05\/27\/concierto-especial-mozart-se-presentara-en-talca-y-linares-esta-semana\/\">Concierto \u2018Especial Mozart se presentar\u00e1 en Talca y Linares esta semana. Se menciona la Universidad de Talca. \u00a0<\/a><br \/><br \/><\/div><div><b>DIARIO USACH<\/b>\u00a0<br \/><a href=\"https:\/\/www.diariousach.cl\/usach-sera-parte-del-i-congreso-nacional-de-ciencia-tecnologia\">USACH ser\u00e1 parte del I Congreso Nacional de Ciencia, Tecnolog\u00eda, Conocimiento e Innovaci\u00f3n con perspectiva de g\u00e9nero. Se menciona la Universidad de Talca. \u00a0<\/a><br \/><br \/><\/div><div><b>DERECHO.UC<\/b>\u00a0<br \/><a href=\"https:\/\/derecho.uc.cl\/es\/noticias\/36303-centro-uc-de-la-familia-realizo-con-exito-seminario-20-anos-de-la-ley-de-matrimonio-civil-reflexiones-a-la-luz-de-los-principios-del-derecho-de-familia\">Centro UC de la Familia realiz\u00f3 con \u00e9xito seminario 20 a\u00f1os de la Ley de Matrimonio Civil: Reflexiones a la luz de los principios del Derecho de Familia. Se refiere Jorge del Pic\u00f3 Rubio, director del Centro de Derechos de las Minor\u00edas y Gesti\u00f3n de la Diversidad.\u202f \u00a0<\/a><br \/><br \/><\/div><div class=\"x_elementToProof\"><b>RADIO PRESIDENTE IB\u00c1\u00d1EZ<\/b>\u00a0<br \/><a href=\"https:\/\/www.radiopresidenteibanez.cl\/web\/cere-umag-inauguro-curso-gratuito-tecnologias-de-produccion-de-hidrogeno-verde-y-derivados-oportunidades-de-negocios-para-emprender-e-innovar\/\">CERE-UMAG inaugur\u00f3 curso gratuito \u201ctecnolog\u00edas de producci\u00f3n de hidr\u00f3geno verde y derivados: oportunidades de negocios para emprender e innovar\u00bb. Se menciona la Universidad de Talca. \u00a0<\/a><br \/><a id=\"OWA8a343a84-614b-1173-7ddc-120351e35cd3\" class=\"x_x_Hyperlink x_x_SCXW75656549 x_x_BCX0 x_x_OWAAutoLink\" href=\"https:\/\/www.radiopresidenteibanez.cl\/web\/cere-umag-inauguro-curso-gratuito-tecnologias-de-produccion-de-hidrogeno-verde-y-derivados-oportunidades-de-negocios-para-emprender-e-innovar\/\" target=\"_blank\" rel=\"noopener noreferrer\" data-auth=\"NotApplicable\" data-loopstyle=\"linkonly\" data-linkindex=\"45\"><\/a> \u00a0<\/div>\t\t\t\t\t\t<\/div>\n\t\t\t\t<\/div>\n\t\t\t\t\t<\/div>\n\t\t<\/div>\n\t\t\t\t\t\t\t<\/div>\n\t\t<\/section>\n\t\t\t\t\t\t<\/div>\n\t\t\t\t\t<\/div>\n\t\t","protected":false},"excerpt":{"rendered":"<p>HOY X HOY\u00a0Expertos indican los cuidados que hay que tener con la piel durante el invierno. Se refiere Emily Rojo, acad\u00e9mica de la Facultad de Ciencias de la Salud.\u00a0\u00a0HOY X HOY ANTOFAGASTA\u00a0Expertos indican los cuidados que hay que tener con la piel durante el invierno. Se refiere Emily Rojo, acad\u00e9mica de la Facultad de Ciencias &hellip;<\/p>\n<p class=\"read-more\"> <a class=\"\" href=\"https:\/\/www.reportedeprensa.utalca.cl\/?p=9865\"> <span class=\"screen-reader-text\">28 de mayo de 2024<\/span> Read More &raquo;<\/a><\/p>\n","protected":false},"author":1,"featured_media":0,"comment_status":"closed","ping_status":"open","sticky":false,"template":"","format":"standard","meta":{"_monsterinsights_skip_tracking":false,"_monsterinsights_sitenote_active":false,"_monsterinsights_sitenote_note":"","_monsterinsights_sitenote_category":0},"categories":[48],"tags":[],"_links":{"self":[{"href":"https:\/\/www.reportedeprensa.utalca.cl\/index.php?rest_route=\/wp\/v2\/posts\/9865"}],"collection":[{"href":"https:\/\/www.reportedeprensa.utalca.cl\/index.php?rest_route=\/wp\/v2\/posts"}],"about":[{"href":"https:\/\/www.reportedeprensa.utalca.cl\/index.php?rest_route=\/wp\/v2\/types\/post"}],"author":[{"embeddable":true,"href":"https:\/\/www.reportedeprensa.utalca.cl\/index.php?rest_route=\/wp\/v2\/users\/1"}],"replies":[{"embeddable":true,"href":"https:\/\/www.reportedeprensa.utalca.cl\/index.php?rest_route=%2Fwp%2Fv2%2Fcomments&post=9865"}],"version-history":[{"count":4,"href":"https:\/\/www.reportedeprensa.utalca.cl\/index.php?rest_route=\/wp\/v2\/posts\/9865\/revisions"}],"predecessor-version":[{"id":9869,"href":"https:\/\/www.reportedeprensa.utalca.cl\/index.php?rest_route=\/wp\/v2\/posts\/9865\/revisions\/9869"}],"wp:attachment":[{"href":"https:\/\/www.reportedeprensa.utalca.cl\/index.php?rest_route=%2Fwp%2Fv2%2Fmedia&parent=9865"}],"wp:term":[{"taxonomy":"category","embeddable":true,"href":"https:\/\/www.reportedeprensa.utalca.cl\/index.php?rest_route=%2Fwp%2Fv2%2Fcategories&post=9865"},{"taxonomy":"post_tag","embeddable":true,"href":"https:\/\/www.reportedeprensa.utalca.cl\/index.php?rest_route=%2Fwp%2Fv2%2Ftags&post=9865"}],"curies":[{"name":"wp","href":"https:\/\/api.w.org\/{rel}","templated":true}]}}