{"id":9873,"date":"2024-05-29T10:42:30","date_gmt":"2024-05-29T13:42:30","guid":{"rendered":"https:\/\/www.reportedeprensa.utalca.cl\/?p=9873"},"modified":"2024-05-29T11:25:00","modified_gmt":"2024-05-29T14:25:00","slug":"29-de-mayo-de-2024","status":"publish","type":"post","link":"https:\/\/www.reportedeprensa.utalca.cl\/?p=9873","title":{"rendered":"29 de mayo de 2024"},"content":{"rendered":"\t\t<div data-elementor-type=\"wp-post\" data-elementor-id=\"9873\" class=\"elementor elementor-9873\" data-elementor-settings=\"[]\">\n\t\t\t\t\t\t\t<div class=\"elementor-section-wrap\">\n\t\t\t\t\t\t\t<section class=\"elementor-section elementor-top-section elementor-element elementor-element-bcea1a8 elementor-section-boxed elementor-section-height-default elementor-section-height-default\" data-id=\"bcea1a8\" data-element_type=\"section\">\n\t\t\t\t\t\t<div class=\"elementor-container elementor-column-gap-default\">\n\t\t\t\t\t<div class=\"elementor-column elementor-col-100 elementor-top-column elementor-element elementor-element-e7183bf\" data-id=\"e7183bf\" data-element_type=\"column\">\n\t\t\t<div class=\"elementor-widget-wrap elementor-element-populated\">\n\t\t\t\t\t\t\t\t<div class=\"elementor-element elementor-element-58d7315 elementor-widget elementor-widget-text-editor\" data-id=\"58d7315\" data-element_type=\"widget\" data-widget_type=\"text-editor.default\">\n\t\t\t\t<div class=\"elementor-widget-container\">\n\t\t\t\t\t\t\t\t<div><b>RADIO ADN\u00a0<br \/><\/b><a href=\"https:\/\/www.litoralpress.cl\/sitio\/RadioTV_Detalles.cshtml?LPKey=N56WZCBYOVZZZ7RVMJF7EYB4YGOZ6RK6O76SFG7TKAXSTILRQ4NWFSHVPNLNYLUREMQMF5KTVN5ZY\">ISP informa sobre las ciudades con m\u00e1s contagios de influenza. Se refiere Erika Retamal Contreras, directora del departamento de Salud P\u00fablica.\u00a0<\/a><b><br \/><\/b><b><a id=\"OWA8e1fc8a7-7719-53a9-0d05-2ad8ad91a7d4\" class=\"x_x_Hyperlink x_x_SCXW149062093 x_x_BCX0 x_x_OWAAutoLink\" href=\"https:\/\/www.litoralpress.cl\/sitio\/RadioTV_Detalles.cshtml?LPKey=N56WZCBYOVZZZ7RVMJF7EYB4YGOZ6RK6O76SFG7TKAXSTILRQ4NWFSHVPNLNYLUREMQMF5KTVN5ZY\" target=\"_blank\" rel=\"noopener noreferrer\" data-auth=\"NotApplicable\" data-loopstyle=\"linkonly\" data-linkindex=\"0\"><\/a><\/b><b>\u00a0<\/b><\/div><div><b>RADIO LAUTARO\u00a0<br \/><\/b><a href=\"https:\/\/www.litoralpress.cl\/sitio\/RadioTV_Detalles.cshtml?LPKey=3UTU7A53XRU6AHCWWG7C2CUJGMA5MYYLFSKERSJK2FF6SALCQANBEGWPHVU4Y4VNCZH7DVDI45Y4M\">Situaci\u00f3n actual de las enfermedades respiratorias. Entrevista a Erika Retamal Contreras, directora del Departamento de Salud P\u00fablica.\u00a0<\/a><\/div><div>\u00a0<\/div><div><b>AD PRENSA <\/b>\u00a0<\/div><div><a href=\"https:\/\/www.adprensa.cl\/cronica\/salud-menstrual-cuanto-hemos-avanzado-en-chile\/\">Salud menstrual: \u00bfCu\u00e1nto hemos avanzado en Chile? Se refiere Mar\u00eda del Carmen Briones Lorca de la Escuela de Obstetricia y Puericultura<\/a>.\u00a0<br \/><br \/><\/div><div><b>MEDIABANCO<\/b>\u00a0<br \/><a href=\"https:\/\/www.mediabanco.com\/salud-menstrual-cuanto-hemos-avanzado-en-chile\/\">Salud menstrual: \u00bfCu\u00e1nto hemos avanzado en Chile? Se refiere Mar\u00eda del Carmen Briones Lorca de la Escuela de Obstetricia y Puericultura.<\/a>\u00a0<br \/><br \/><\/div><div><b>CIENCIA Y SALUD\u00a0<br \/><\/b><a href=\"https:\/\/cienciaysalud.cl\/2024\/05\/28\/experta-plantea-que-chile-tiene-mucho-que-avanzar-en-cuanto-a-salud-menstrual\/\">Experta plantea que Chile tiene mucho que avanzar en cuanto a salud menstrual. Se refiere Mar\u00eda del Carmen Briones Lorca de la Escuela de Obstetricia y Puericultura.<\/a><b><br \/><\/b><\/div><div>\u00a0<\/div><div><b>LA RAZ\u00d3N<\/b>\u00a0<br \/><a href=\"https:\/\/www.larazon.cl\/2024\/05\/28\/salud-menstrual-cuanto-hemos-avanzado-en-chile\/\">Salud menstrual: \u00bfCu\u00e1nto hemos avanzado en Chile? Se refiere Mar\u00eda del Carmen Briones Lorca de la Escuela de Obstetricia y Puericultura.\u00a0<\/a><br \/><br \/><\/div><div><b>CHILLAN ONLINE<\/b>\u00a0<br \/><a href=\"https:\/\/www.chillanonline.cl\/V7\/2024\/05\/28\/salud-menstrual-cuanto-hemos-avanzado-en-chile\/\">Salud menstrual: \u00bfCu\u00e1nto hemos avanzado en Chile? Se refiere Mar\u00eda del Carmen Briones Lorca de la Escuela de Obstetricia y Puericultura.<\/a>\u00a0<\/div><div>\u00a0<\/div><div><b>RADIO AGRICULTURA\u00a0<br \/><\/b><a href=\"https:\/\/www.radioagricultura.cl\/dato-practico\/2024\/05\/27\/elecciones-primarias-todo-lo-que-se-debe-saber-para-los-sufragios\/\">Elecciones primarias: Todo lo que se debe saber para los sufragios. Se refiere Mario Herrera Mu\u00f1oz, acad\u00e9mico de la Facultad de Ciencias Jur\u00eddicas y Sociales. \u00a0<\/a><b><br \/><\/b><\/div><div>\u00a0<\/div><div><b>ULTIMA HORA<\/b>\u00a0<br \/><a href=\"https:\/\/www.ultimahora.cl\/elecciones-primarias-que-condiciones-rigen-para-este-proceso\/\">Elecciones primarias: \u00bfQu\u00e9 condiciones rigen para este proceso? Se refiere Mario Herrera Mu\u00f1oz, acad\u00e9mico de la Facultad de Ciencias Jur\u00eddicas y Sociales. \u00a0<\/a><br \/><br \/><\/div><div><b>EL MAULE INFORMA<\/b>\u00a0<br \/><a href=\"https:\/\/elmauleinforma.cl\/elecciones-primarias-que-condiciones-rigen-para-este-proceso\/\">Elecciones primarias: \u00bfQu\u00e9 condiciones rigen para este proceso? Se refiere Mario Herrera Mu\u00f1oz, acad\u00e9mico de la Facultad de Ciencias Jur\u00eddicas y Sociales. \u00a0<\/a><br \/><br \/><\/div><div><b>LA PRENSA DE CURIC\u00d3<\/b>\u00a0<br \/><a href=\"https:\/\/www.litoralpress.cl\/paginaconsultas\/Servicios_NClipSitio\/Get_Imagen_Nota.aspx?LPKey=3O3ON25BSKOS3XF6AHFE7MG3LLTCDUROZCU5ZIUR4W2ZSH2MPIU7EYNBOY3U4JAKWDAZYVLOUWQZ4\">Acad\u00e9mico aborda proceso ligado a elecciones primarias. Se refiere Mario Herrera Mu\u00f1oz, acad\u00e9mico de la Facultad de Ciencias Jur\u00eddicas y Sociales. \u00a0<\/a><br \/><br \/><\/div><div><b>DIARIO TALCA<\/b>\u00a0<br \/><a href=\"https:\/\/diariotalca.cl\/elecciones-primarias-que-condiciones-rigen-para-este-proceso\/\">Elecciones primarias: \u00bfQu\u00e9 condiciones rigen para este proceso? ? Se refiere Mario Herrera Mu\u00f1oz, acad\u00e9mico de la Facultad de Ciencias Jur\u00eddicas y Sociales. \u00a0<\/a><\/div><div>\u00a0<\/div><div><b>LA ESTRELLA DE CHILO\u00c9\u00a0<br \/><\/b><a href=\"https:\/\/www.litoralpress.cl\/paginaconsultas\/Servicios_NClipSitio\/Get_Imagen_Nota.aspx?LPKey=JAXUHK5NNNXHLNTXF2NR4OO6AWPMJIASNJ53PZUJMCZYIOCMWTUHHLUHFZJVRATVRZJHWNJL47N3C\">Expertos indican los cuidados que hay que tener con la piel durante el invierno. Se refiere Emily Rojo, acad\u00e9mica de la Facultad de Ciencias de la Salud.\u00a0<\/a><b><br \/><\/b><\/div><div>\u00a0<\/div><div><b>RADIO GUAYAC\u00c1N\u00a0<br \/><\/b><a href=\"https:\/\/www.litoralpress.cl\/sitio\/RadioTV_Detalles.cshtml?LPKey=J7LD2VMO5ABQQBAYLWM5X3XLS2IJLKQJYACDTVK3HOKHO6UXYQDORGV42CU2UYCHKIIRV4DIRPDXQ\">\u00bfQu\u00e9 es la Reduflaci\u00f3n? Entrevista a Milton Inostroza, acad\u00e9mico de la Facultad de Econom\u00eda y Negocios.\u00a0<\/a><b><br \/><\/b><\/div><div>\u00a0<\/div><div><b>LADERA SUR\u00a0<br \/><\/b><a href=\"https:\/\/laderasur.com\/articulo\/especial-chile-araucaria-el-arbol-sagrado-que-es-memoria-viva-y-se-resiste-a-desaparecer\/\">Araucaria: el \u00e1rbol sagrado que es memoria viva y se resiste a desaparecer. Se refiere Frida Piper, acad\u00e9mica del Instituto Biodiversidad, Biolog\u00eda Molecular y Biotecnolog\u00eda\u00a0<\/a><b><br \/><\/b><\/div><div>\u00a0<\/div><div><b>CANAL TVN\u00a0<br \/><\/b><a href=\"https:\/\/www.litoralpress.cl\/sitio\/RadioTV_Detalles.cshtml?LPKey=S5KD4MVHIR3CGYX2QQ66QETZBCMHQD3TNKLL453BFFF5K6FYK7T6EWU2HHFDHCVZGTAIFZHQNFGOM\">Pir\u00f3mano estadounidense y su parecido con incendios en Vi\u00f1a del Mar. Se refiere Nadia\u202fRamos\u202fAlvarado,\u202facad\u00e9mica Facultad de Psicolog\u00eda.\u00a0<\/a><b><br \/><\/b><\/div><div>\u00a0<\/div><div><b>G5 NOTICIAS\u00a0<br \/><\/b><a href=\"https:\/\/g5noticias.cl\/2024\/05\/28\/27f-investigan-impacto-de-terremoto-en-las-habilidades-matematicas-de-los-ninos\/\">27F: Investigan impacto de terremoto en las habilidades matem\u00e1ticas de los ni\u00f1os. Se refiere Mauricio Sarrias, acad\u00e9mico de la Facultad de Econom\u00eda y Negocios. \u00a0<\/a><b><br \/><\/b><\/div><div>\u00a0<\/div><div><b>EXPLORA SUR PONIENTE<\/b>\u00a0<br \/><a href=\"https:\/\/www.explora.cl\/maule\/universidad-potencia-la-investigacion-escolar-en-establecimientos-educativos-del-maule-2\/\">Explora Maule potencia la investigaci\u00f3n escolar en establecimientos educativos del Maule. Se refiere C\u00e9sar Retamal jefe de la Unidad de Divulgaci\u00f3n; Marcela V\u00e1squez, acad\u00e9mica de la Facultad de Ciencias de la Salud.\u00a0<\/a><br \/><br \/><\/div><div><b>DIARIO EL CENTRO<\/b>\u00a0<br \/><a href=\"https:\/\/www.diarioelcentro.cl\/2024\/05\/28\/actividad-abierta-al-publico-seminario-de-ciberseguridad-se-realizara-en-talca\/\">\u00a1Actividad abierta al p\u00fablico! Seminario de Ciberseguridad se realizar\u00e1 en Talca. Se refiere Paulo Gonz\u00e1lez, director de la Escuela de Ingenier\u00eda en Inform\u00e1tica Empresarial\u00a0<\/a><\/div><div>\u00a0<\/div><div><b>EL LECTOR<\/b>\u00a0<br \/><a href=\"https:\/\/www.litoralpress.cl\/paginaconsultas\/Servicios_NClipSitio\/Get_Imagen_Nota.aspx?LPKey=ZJC3WENXAW3AOUHGU4B4I3RL4FLHEGV6JWF7ZKEOIV2BQXFH6ZLV4NSKAIBU6YLYIYB357OXT3EH4\">&#8220;Mozart es un visionario inspirador&#8221;. Se refiere Dorian Lamotte, acad\u00e9mico de la Escuela de M\u00fasica.\u00a0<\/a><br \/><br \/><\/div><div><b>PUBLIMICRO<\/b>\u00a0<br \/><a href=\"https:\/\/publimicro.cl\/especial-mozart-orquesta-clasica-del-maule-se-presenta-en-el-teatro-regional-del-maule-y-en-el-municipal-de-linares-en-el-marco-del-aniversario-230-de-la-ciudad\/\">\u201cEspecial Mozart\u201d: Orquesta Cl\u00e1sica del Maule, se presenta en el Teatro Regional del Maule y en el Municipal de Linares, en el marco del aniversario 230 de la ciudad. Se menciona la Universidad de Talca.\u00a0<\/a><\/div><div>\u00a0<\/div><div><b>RADIO INFINITA<\/b>\u00a0<br \/><a href=\"https:\/\/www.litoralpress.cl\/sitio\/RadioTV_Detalles.cshtml?LPKey=4SAZG4LG2DOO7HJ4EF3Y25UUUEFKA5AATNKNHRPLNNHCVUSVWNA6IOU427RZRZ37RUI3YGMMLE3BU\">Comentario de pol\u00edtica. Se refiere Mauricio Morales Quiroga, director del Centro de An\u00e1lisis Pol\u00edtico (CAP)<b>.<\/b>\u00a0<\/a><br \/><br \/><\/div><div><b>EMOL\u00a0<br \/><\/b><a href=\"https:\/\/www.emol.com\/noticias\/Nacional\/2024\/05\/28\/1132062\/cuenta-publica-y-elecciones-municipales.html\">Posible efecto de la Cuenta P\u00fablica en las elecciones municipales: Un diagn\u00f3stico que divide a expertos. Se refiere Mauricio Morales Quiroga, director del Centro de An\u00e1lisis Pol\u00edtico (CAP).<\/a><\/div><div>\u00a0<\/div><div><b>CANAL CNN<\/b>\u00a0<br \/><a href=\"https:\/\/www.litoralpress.cl\/sitio\/RadioTV_Detalles.cshtml?LPKey=5YSKN5YXM3MO5XZIBF6OSBK3RNFKYM43JPX6HPJGBMDTXY5U3P2ZZGZHY55TJ2IV4FZ35UC65TESE\">Expectaci\u00f3n por la tercera cuenta p\u00fablica del Presidente Gabriel Boric. Se refiere Mauricio Morales Quiroga, director del Centro de An\u00e1lisis Pol\u00edtico (CAP).\u00a0<\/a><br \/><br \/><\/div><div><b>ENTREPRENERD<\/b>\u00a0<br \/><a href=\"https:\/\/www.entnerd.com\/nafsa-2024-chile-feria-educacion\/\">NAFSA 2024: Chile destaca por su calidad acad\u00e9mica en la mayor feria internacional de educaci\u00f3n superior con 20 universidades. Se menciona la Universidad de Talca.\u00a0<\/a><br \/><br \/><\/div><div><b>TOUR INNOVACI\u00d3N<\/b>\u00a0<br \/><a href=\"https:\/\/www.tourinnovacion.cl\/eventos\/nafsa-2024-chile-destaca-por-su-calidad-academica-en-la-mayor-feria-internacional-de-educacion-superior-con-20-universidades\/\">NAFSA 2024: Chile destaca por su calidad acad\u00e9mica en la mayor feria internacional de educaci\u00f3n superior con 20 universidades. Se menciona la Universidad de Talca. \u00a0<\/a><br \/><br \/><\/div><div class=\"x_elementToProof\"><b>LAS \u00daLTIMAS NOTICIAS<\/b>\u00a0<br \/><a href=\"https:\/\/www.litoralpress.cl\/paginaconsultas\/Servicios_NClipSitio\/Get_Imagen_Nota.aspx?LPKey=QRIYAMWAMCJAXQCBELP6F3TKWI3AUAILWLEKLTPXK7ULXFNON54Z3QKXUK3OL2JAMC64WRXRZSJQG\">M\u00e1s de 30 programas permiten estudiar Pedagog\u00eda sin puntaje PAES. Se menciona la Universidad de Talca.\u00a0<\/a><br \/><br \/><\/div>\t\t\t\t\t\t<\/div>\n\t\t\t\t<\/div>\n\t\t\t\t\t<\/div>\n\t\t<\/div>\n\t\t\t\t\t\t\t<\/div>\n\t\t<\/section>\n\t\t\t\t\t\t<\/div>\n\t\t\t\t\t<\/div>\n\t\t","protected":false},"excerpt":{"rendered":"<p>RADIO ADN\u00a0ISP informa sobre las ciudades con m\u00e1s contagios de influenza. Se refiere Erika Retamal Contreras, directora del departamento de Salud P\u00fablica.\u00a0\u00a0RADIO LAUTARO\u00a0Situaci\u00f3n actual de las enfermedades respiratorias. Entrevista a Erika Retamal Contreras, directora del Departamento de Salud P\u00fablica.\u00a0\u00a0AD PRENSA \u00a0Salud menstrual: \u00bfCu\u00e1nto hemos avanzado en Chile? Se refiere Mar\u00eda del Carmen Briones Lorca de &hellip;<\/p>\n<p class=\"read-more\"> <a class=\"\" href=\"https:\/\/www.reportedeprensa.utalca.cl\/?p=9873\"> <span class=\"screen-reader-text\">29 de mayo de 2024<\/span> Read More &raquo;<\/a><\/p>\n","protected":false},"author":1,"featured_media":0,"comment_status":"closed","ping_status":"open","sticky":false,"template":"","format":"standard","meta":{"_monsterinsights_skip_tracking":false,"_monsterinsights_sitenote_active":false,"_monsterinsights_sitenote_note":"","_monsterinsights_sitenote_category":0},"categories":[48],"tags":[],"_links":{"self":[{"href":"https:\/\/www.reportedeprensa.utalca.cl\/index.php?rest_route=\/wp\/v2\/posts\/9873"}],"collection":[{"href":"https:\/\/www.reportedeprensa.utalca.cl\/index.php?rest_route=\/wp\/v2\/posts"}],"about":[{"href":"https:\/\/www.reportedeprensa.utalca.cl\/index.php?rest_route=\/wp\/v2\/types\/post"}],"author":[{"embeddable":true,"href":"https:\/\/www.reportedeprensa.utalca.cl\/index.php?rest_route=\/wp\/v2\/users\/1"}],"replies":[{"embeddable":true,"href":"https:\/\/www.reportedeprensa.utalca.cl\/index.php?rest_route=%2Fwp%2Fv2%2Fcomments&post=9873"}],"version-history":[{"count":4,"href":"https:\/\/www.reportedeprensa.utalca.cl\/index.php?rest_route=\/wp\/v2\/posts\/9873\/revisions"}],"predecessor-version":[{"id":9878,"href":"https:\/\/www.reportedeprensa.utalca.cl\/index.php?rest_route=\/wp\/v2\/posts\/9873\/revisions\/9878"}],"wp:attachment":[{"href":"https:\/\/www.reportedeprensa.utalca.cl\/index.php?rest_route=%2Fwp%2Fv2%2Fmedia&parent=9873"}],"wp:term":[{"taxonomy":"category","embeddable":true,"href":"https:\/\/www.reportedeprensa.utalca.cl\/index.php?rest_route=%2Fwp%2Fv2%2Fcategories&post=9873"},{"taxonomy":"post_tag","embeddable":true,"href":"https:\/\/www.reportedeprensa.utalca.cl\/index.php?rest_route=%2Fwp%2Fv2%2Ftags&post=9873"}],"curies":[{"name":"wp","href":"https:\/\/api.w.org\/{rel}","templated":true}]}}