{"id":9882,"date":"2024-05-30T11:41:52","date_gmt":"2024-05-30T14:41:52","guid":{"rendered":"https:\/\/www.reportedeprensa.utalca.cl\/?p=9882"},"modified":"2024-05-31T10:37:50","modified_gmt":"2024-05-31T13:37:50","slug":"30-de-mayo-de-2024","status":"publish","type":"post","link":"https:\/\/www.reportedeprensa.utalca.cl\/?p=9882","title":{"rendered":"30 de mayo de 2024"},"content":{"rendered":"\t\t<div data-elementor-type=\"wp-post\" data-elementor-id=\"9882\" class=\"elementor elementor-9882\" data-elementor-settings=\"[]\">\n\t\t\t\t\t\t\t<div class=\"elementor-section-wrap\">\n\t\t\t\t\t\t\t<section class=\"elementor-section elementor-top-section elementor-element elementor-element-bcea1a8 elementor-section-boxed elementor-section-height-default elementor-section-height-default\" data-id=\"bcea1a8\" data-element_type=\"section\">\n\t\t\t\t\t\t<div class=\"elementor-container elementor-column-gap-default\">\n\t\t\t\t\t<div class=\"elementor-column elementor-col-100 elementor-top-column elementor-element elementor-element-e7183bf\" data-id=\"e7183bf\" data-element_type=\"column\">\n\t\t\t<div class=\"elementor-widget-wrap elementor-element-populated\">\n\t\t\t\t\t\t\t\t<div class=\"elementor-element elementor-element-58d7315 elementor-widget elementor-widget-text-editor\" data-id=\"58d7315\" data-element_type=\"widget\" data-widget_type=\"text-editor.default\">\n\t\t\t\t<div class=\"elementor-widget-container\">\n\t\t\t\t\t\t\t\t<div><b>RADIO ALLEN<\/b>\u00a0<\/div><div><a href=\"https:\/\/radioallen.cl\/maule-unica-vendimia-universitaria-del-pais-cumplio-su-decima-version\/\">Maule: \u00danica vendimia universitaria del pa\u00eds cumpli\u00f3 su d\u00e9cima versi\u00f3n. Se refiere Carlos Torres Fuchslocher, rector y Angelina Riveros L\u00f3pez, coordinadora de la carrera t\u00e9cnico superior en Turismo Enol\u00f3gico.\u00a0<\/a><\/div><div><br \/><b>MEDIABANCO<\/b>\u00a0<\/div><div><a href=\"https:\/\/www.mediabanco.com\/unica-vendimia-universitaria-del-pais-cumplio-su-decima-version\/\">\u00danica vendimia universitaria del pa\u00eds cumpli\u00f3 su d\u00e9cima versi\u00f3n. Se refiere Carlos Torres Fuchslocher, rector y Angelina Riveros L\u00f3pez, coordinadora de la carrera t\u00e9cnico superior en Turismo Enol\u00f3gico.<\/a>\u00a0<\/div><div>\u00a0<\/div><div><b>EL DIARIO DE SANTIAGO<\/b>\u00a0<br \/><a href=\"https:\/\/www.eldiariosantiago.cl\/unica-vendimia-universitaria-del-pais-cumplio-su-decima-version\/\">\u00danica vendimia universitaria del pa\u00eds cumpli\u00f3 su d\u00e9cima versi\u00f3n. Se refiere Carlos Torres Fuchslocher, rector y Angelina Riveros L\u00f3pez, coordinadora de la carrera t\u00e9cnico superior en Turismo Enol\u00f3gico.<\/a>\u00a0<\/div><div>\u00a0<\/div><div><b>EL LECTOR<\/b>\u00a0<\/div><div><a href=\"https:\/\/www.litoralpress.cl\/paginaconsultas\/Servicios_NClipSitio\/Get_Imagen_Nota.aspx?LPKey=5E4YF66YIBA2OPZTF6UTRKM7T62V4KJJMJMDGICMWSZGGRZGFDM6Z7KPDW6K3PCMXBWW3Q6JJKRTE\">Salud menstrual: \u00bfCu\u00e1nto hemos avanzado en Chile? Se refiere Carmen Briones Lorca, acad\u00e9mica de la Escuela de Obstetricia y Puericultura.\u00a0<\/a><\/div><div>\u00a0<br \/><b>PUNTO LONTUE<\/b>\u00a0<\/div><div><a href=\"https:\/\/puntolontue.cl\/?p=14264\">Salud menstrual: \u00bfcu\u00e1nto hemos avanzado en chile? Se refiere Mar\u00eda del Carmen Briones Lorca, acad\u00e9mica de la Escuela de Obstetricia y Puericultura.\u00a0<\/a><\/div><div>\u00a0<\/div><div><b>EST\u00c1 PASANDO<\/b>\u00a0<\/div><div><a href=\"https:\/\/estapasando.cl\/salud-menstrual-cuanto-hemos-avanzado-en-chile\/\">Salud menstrual. \u00bfCu\u00e1nto hemos avanzado en Chile? Se refiere Mar\u00eda del\u00a0Carmen Briones Lorca, acad\u00e9mica de la Escuela de Obstetricia y Puericultura.\u00a0<\/a><\/div><div aria-hidden=\"true\">\u00a0<\/div><div><b>MAULE NEWS<\/b>\u00a0<\/div><div><a href=\"https:\/\/www.maulenews.com\/2024\/05\/salud-menstrual-cuanto-hemos-avanzado.html\">Salud menstrual: \u00bfCu\u00e1nto hemos avanzado en Chile? Se refiere Mar\u00eda del\u00a0Carmen Briones Lorca, acad\u00e9mica de la Escuela de Obstetricia y Puericultura.\u00a0<\/a><\/div><div>\u00a0<\/div><div><b>RADIO CRISTALINA<\/b>\u00a0<\/div><div><a href=\"https:\/\/radiocristalina.cl\/salud-menstrual-cuanto-hemos-avanzado-en-visibilizar-esta-realidad-en-chile\/\">Salud menstrual: \u00bfcu\u00e1nto hemos avanzado en visibilizar esta realidad en chile? Se refiere Mar\u00eda del\u00a0Carmen Briones Lorca, acad\u00e9mica de la Escuela de Obstetricia y Puericultura.\u00a0<\/a><\/div><div>\u00a0<\/div><div><b>G5 NOTICIA<\/b>\u00a0<\/div><div><a href=\"https:\/\/g5noticias.cl\/2024\/05\/29\/proyecto-utalca-de-divulgacion-astronomica-recorrera-las-comunas-del-maule\/\">Proyecto UTalca de divulgaci\u00f3n astron\u00f3mica recorrer\u00e1 las comunas del Maule. Se refiere Roy Slater, acad\u00e9mico de la Facultad de Ingenier\u00eda. \u00a0<\/a><\/div><div>\u00a0<\/div><div><b>DIARIO EL HERALDO<\/b>\u00a0<br \/><a href=\"https:\/\/www.diarioelheraldo.cl\/noticia\/proyecto-utalca-de-divulgacion-astronomica-recorrera-las-comunas-del-maule\">Proyecto UTalca de divulgaci\u00f3n astron\u00f3mica recorrer\u00e1 las comunas del Maule. Se refiere Roy Slater, acad\u00e9mico de la Facultad de Ingenier\u00eda.\u00a0\u00a0<\/a><\/div><div>\u00a0<\/div><div><b>HORA DE NOTICIAS<\/b>\u00a0<\/div><div><a href=\"https:\/\/horadenoticias.cl\/politica\/elecciones-primarias-que-condiciones-rigen-para-este-proceso\">Elecciones primarias. \u00bfQu\u00e9 condiciones rigen para este proceso? Se refiere Mario Herrera mu\u00f1oz, acad\u00e9mico de la Facultad de Ciencias Jur\u00eddicas y Sociales.\u00a0<\/a><\/div><div>\u00a0<\/div><div><b>AM NOTICIAS<\/b>\u00a0<\/div><div><a href=\"https:\/\/amnoticias.cl\/elecciones-primarias-que-condiciones-rigen-para-este-proceso\/\">Elecciones primarias. \u00bfQu\u00e9 condiciones rigen para este proceso? Se refiere Mario Herrera mu\u00f1oz, acad\u00e9mico de la Facultad de Ciencias Jur\u00eddicas y Sociales.\u00a0<\/a><\/div><div>\u00a0<\/div><div><b>EST\u00c1 PASANDO<\/b>\u00a0<\/div><div><a href=\"https:\/\/estapasando.cl\/elecciones-primarias-que-condiciones-rigen-para-este-proceso\/\">Elecciones primarias. \u00bfQu\u00e9 condiciones rigen para este proceso? Se refiere Mario Herrera mu\u00f1oz, acad\u00e9mico de la Facultad de Ciencias Jur\u00eddicas y Sociales.\u00a0<\/a><\/div><div>\u00a0<\/div><div><b>DIARIO LA MA\u00d1ANA<\/b>\u00a0<\/div><div><a href=\"https:\/\/diariolama\u00f1ana.cl\/2024\/05\/28\/elecciones-primarias-que-condiciones-rigen-para-este-proceso\/\">Elecciones primarias: \u00bfQu\u00e9 condiciones rigen para este proceso? Se refiere Mario Herrera mu\u00f1oz, acad\u00e9mico de la Facultad de Ciencias Jur\u00eddicas y Sociales.\u00a0<\/a><\/div><div>\u00a0<\/div><div><b>RADIO LILA<\/b>\u00a0<\/div><div><a href=\"https:\/\/radiolila.cl\/elecciones-primarias-que-condiciones-rigen-para-este-proceso\/\">Elecciones primarias: \u00bfQu\u00e9 condiciones rigen para este proceso? Se refiere Mario Herrera mu\u00f1oz, acad\u00e9mico de la Facultad de Ciencias Jur\u00eddicas y Sociales.\u00a0<\/a><\/div><div>\u00a0<\/div><div><b>TV5 (LINARES)<\/b>\u00a0<\/div><div><a href=\"https:\/\/www.litoralpress.cl\/sitio\/RadioTV_Detalles.cshtml?LPKey=ZNTMNM7SEFSUWOYXDM6F5XMMHVU3BK6ZQ5CTER4JUJDG5NLD5ROAOQLXPV7HULWVY4G3SC4CRBOEG\">Cuidados por enfermedades respiratorias. Se refiere \u00c9rika Retamal Contreras, director de Salud P\u00fablica.\u00a0<\/a><\/div><div aria-hidden=\"true\">\u00a0<\/div><div><b>TV5 (LINARES)<\/b>\u00a0<\/div><div><a href=\"https:\/\/www.litoralpress.cl\/sitio\/RadioTV_Detalles.cshtml?LPKey=LPWEJJCCRP3QSSTVEWAXY6NXOGWY6FIGLHDXJHZWKYRET2QDSOQCQK27KUDZF7JFBWLROUSUBQCP2\">Enfermedades respiratorias. Se refiere Mar\u00eda Ester Mu\u00f1oz, acad\u00e9mica de la Escuela de Enfermer\u00eda.\u00a0<\/a><\/div><div aria-hidden=\"true\">\u00a0<\/div><div><b>MEDIABANCO<\/b>\u00a0<br \/><a href=\"https:\/\/www.mediabanco.com\/universidad-de-talca-inicia-ciclo-de-tours-para-familias-maulinas\/\">Universidad de Talca inicia ciclo de tours para familias maulinas. Se refiere Paola Morales Norambuena, directora del Ciclo de Vida del Estudiante.\u00a0<\/a><br \/><br \/><\/div><div><b>CIENCIA EN CHILE<\/b>\u00a0<\/div><div><a href=\"https:\/\/www.cienciaenchile.cl\/universidad-potencia-la-investigacion-escolar-en-establecimientos-educativos-del-maule\/\">Universidad potencia la investigaci\u00f3n escolar en establecimientos educativos del Maule. Se refiere C\u00e9sar Retamal jefe de la Unidad de Divulgaci\u00f3n; Marcela V\u00e1squez, acad\u00e9mica de la Facultad de Ciencias de la Salud; y C\u00e9sar Astudillo, acad\u00e9mico de la Facultad de Ingenier\u00eda.\u00a0\u00a0 \u00a0<\/a><br \/><br \/><\/div><div><b>EL MAULE INFORMA<\/b>\u00a0<\/div><div><a href=\"https:\/\/elmauleinforma.cl\/seminario-gratuito-sobre-ciberseguridad-inteligencia-artificial-y-delitos-economicos\/\">Seminario gratuito sobre ciberseguridad, Inteligencia Artificial y delitos econ\u00f3micos. Paulo Gonz\u00e1lez, director de Escuela de Ingenier\u00eda en Inform\u00e1tica Empresarial\u00a0<\/a><\/div><div>\u00a0<\/div><div><b>MAULE HOY<\/b>\u00a0<br \/><a href=\"https:\/\/maulehoy.cl\/2024\/05\/29\/utalca-y-pdi-invitan-a-seminario-sobre-ciberseguridad-ia-y-delitos-economicos\/\">UTALCA y PDI invitan a seminario sobre ciberseguridad, IA y delitos econ\u00f3micos. Se refiere Paulo Gonz\u00e1lez, director de Escuela de Ingenier\u00eda en Inform\u00e1tica Empresarial.\u00a0<\/a><\/div><div>\u00a0<\/div><div><b>RADIO INFINITA<\/b>\u00a0<\/div><div><a href=\"https:\/\/www.litoralpress.cl\/sitio\/RadioTV_Detalles.cshtml?LPKey=K6I3KQCW7AJAEKVHMIMB5LLGY3UC6IIO4CFJGI6V2HGA7VDDZ75K2AF76XRMEFQPKBRGV3E5VGEGG\">Comentario de pol\u00edtica de Mauricio Morales Quiroga, acad\u00e9mico de la Facultad de Ciencias Jur\u00eddicas y Sociales. \u00a0<\/a><\/div><div>\u00a0<\/div><div><b>EMOL<\/b>\u00a0<\/div><div><a href=\"https:\/\/www.emol.com\/noticias\/Nacional\/2024\/05\/28\/1132062\/cuenta-publica-y-elecciones-municipales.html\">Posible efecto de la Cuenta P\u00fablica en las elecciones municipales: Un diagn\u00f3stico que divide a expertos. Se refiere Mauricio Morales Quiroga, acad\u00e9mico de la Facultad de Ciencias Jur\u00eddicas y Sociales. \u00a0<\/a><\/div><div>\u00a0<\/div><div><b>RADIO MAGALLANES<\/b>\u00a0<\/div><div><a href=\"https:\/\/radiomagallanes.cl\/noticia.php?id_not=110492\">Posible efecto de la cuenta p\u00fablica en las elecciones municipales: un diagn\u00f3stico que divide a expertos. Se refiere Mauricio Morales Quiroga, acad\u00e9mico de la Facultad de Ciencias Jur\u00eddicas y Sociales.<\/a> \u00a0<\/div><div>\u00a0<\/div><div><b>RADIO INFINITA<\/b>\u00a0<\/div><div><a href=\"https:\/\/www.infinita.cl\/programas\/dejate-caer-neme\/2024\/05\/29\/dejate-caer-con-neme-29-de-mayo-del-2024.html\">D\u00e9jate caer con Neme. Se refiere Mauricio Morales Quiroga, acad\u00e9mico de la Facultad de Ciencias Jur\u00eddicas y Sociales. \u00a0<\/a><\/div><div>\u00a0<\/div><div><b>LAS \u00daLTIMAS NOTICIAS<\/b>\u00a0<\/div><div><a href=\"https:\/\/www.litoralpress.cl\/paginaconsultas\/Servicios_NClipSitio\/Get_Imagen_Nota.aspx?LPKey=QRIYAMWAMCJAXQCBELP6F3TKWI3AUAILWLEKLTPXK7ULXFNON54Z3QKXUK3OL2JAMC64WRXRZSJQG\">M\u00e1s de 30 programas permiten estudiar Pedagog\u00eda sin puntaje PAES. Se menciona la Universidad de Talca. \u00a0<\/a><\/div><div>\u00a0<\/div><div><b>LA PRENSA DE CURIC\u00d3<\/b>\u00a0<\/div><div><a href=\"https:\/\/www.litoralpress.cl\/paginaconsultas\/Servicios_NClipSitio\/Get_Imagen_Nota.aspx?LPKey=2GPKCE6NG7ZH34LIIEUG2MWC4MPUKV6LNVLOVPOXYQ43OSCLN3CNIHQU2AWLRUBYW3FWLKT2MPSFO\">Se realiz\u00f3 la 15\u00b0 versi\u00f3n de la Feria Universitaria Expomarista. Se menciona la Universidad de Talca.\u00a0<\/a><\/div><div aria-hidden=\"true\">\u00a0<\/div><div><b>CANAL TVN RED MAULE<\/b>\u00a0<\/div><div><a href=\"https:\/\/www.litoralpress.cl\/sitio\/RadioTV_Detalles.cshtml?LPKey=L6RMW6VN3BLYF7B4FKOYHHBUUKUNGYXOEYUD2FJN7KBVIFWC3BAOWKK52XYU7QUECIMLIRGMLR4FW\">Madre pide recuperar cuidado personal de su hijo. Isaac Ravetllat Ballest\u00e9, director del Centro de Estudios sobre los Derechos de la Infancia y la Adolescencia (CEDIA).\u00a0<\/a><\/div><div>\u00a0<\/div><div><b>30 TV (SAN JAVIER)<\/b>\u00a0<\/div><div><a href=\"https:\/\/www.litoralpress.cl\/sitio\/RadioTV_Detalles.cshtml?LPKey=TWNIZ64FGKDH2FZAYGVLXP43RJPCRCL3AWOPCUAOUPGQR4A7MFT2GBWA5LLDHL2NP7BY5M2XE4QVK\">Cuenta p\u00fablica participativa. Se menciona la Universidad de Talca. \u00a0<\/a><\/div><div>\u00a0<\/div><div><b>TV5 (LINARES)<\/b>\u00a0<\/div><div><a href=\"https:\/\/www.litoralpress.cl\/sitio\/RadioTV_Detalles.cshtml?LPKey=6LGIOY45SEQBWUN7LE5X7RYCQES7GAYTOVTF7GTAN6CZC7D5IOINWDTP3PLQ6FWGBZTSZ76XK6JGW\">Advierten por heladas. Se refiere Patricio Gonz\u00e1lez Colville, agroclimat\u00f3logo y acad\u00e9mico del Centro de Investigaci\u00f3n y Transferencia en Riego y Agroclimatolog\u00eda (CITRA).\u202f\u202f\u00a0<\/a><\/div><div>\u00a0<\/div><div><b>NINA FM<\/b>\u00a0<\/div><div><a href=\"https:\/\/ninafm.cl\/2024\/05\/28\/unab-anuncio-que-alcanzara-la-carbono-neutralidad-en-2038\/\">UNAB anunci\u00f3 que alcanzar\u00e1 la carbono neutralidad en 2038. Se menciona la Universidad de Talca.\u00a0<\/a><br \/><br \/><\/div><div><b>RADIO INFINITA<\/b>\u00a0<\/div><div><a href=\"https:\/\/www.litoralpress.cl\/sitio\/MediosOnline_Detalles.cshtml?LPKey=XAGBFNEIATTQZG7II3EEQIZ4CMB3GG34ZCRMD5UPGLN2AFSBM7VJA46IE6A37UOKY3EN6H3267IEQ\">Lo que faltaba del d\u00eda. Se refiere Mauricio Morales Quiroga, acad\u00e9mico de la Facultad de Ciencias Jur\u00eddicas y Sociales. \u00a0<\/a><\/div><div>\u00a0<\/div><div><b>RADIO CRISTALINA<\/b>\u00a0<\/div><div><a href=\"https:\/\/radiocristalina.cl\/orquesta-clasica-del-maule-presenta-concierto-especial-mozart-el-31-de-mayo\/\">Orquesta Cl\u00e1sica del Maule presenta concierto \u201cEspecial Mozart\u201d el 31 de mayo. Se refiere Dorian Lamotte, acad\u00e9mico de la Escuela de M\u00fasica.\u00a0<\/a><\/div><div aria-hidden=\"true\">\u00a0<\/div><div><b>EL MAULE INFORMA<\/b>\u00a0<br \/><a href=\"https:\/\/elmauleinforma.cl\/jovenes-talquinos-organizados-por-la-fundacion-pacto-social-reunen-a-actores-sociales-a-dialogar-sobre-los-espacios-publicos\/\">J\u00f3venes talquinos organizados por la Fundaci\u00f3n Pacto Social re\u00fanen a actores sociales a dialogar sobre los Espacios P\u00fablicos. Se menciona la Universidad de Talca.\u00a0<\/a><\/div><div>\u00a0<\/div><div><b>MAULE HOY<\/b>\u00a0<\/div><div><a href=\"https:\/\/maulehoy.cl\/2024\/05\/29\/jovenes-talquinos-organizados-por-la-fundacion-pacto-social-reunen-a-actores-sociales-a-dialogar-sobre-los-espacios-publicos\/\">J\u00f3venes talquinos organizados por la Fundaci\u00f3n Pacto Social re\u00fanen a actores sociales a dialogar sobre los Espacios P\u00fablicos. Se menciona la Universidad de Talca.\u00a0<\/a><br \/><br \/><\/div>\t\t\t\t\t\t<\/div>\n\t\t\t\t<\/div>\n\t\t\t\t\t<\/div>\n\t\t<\/div>\n\t\t\t\t\t\t\t<\/div>\n\t\t<\/section>\n\t\t\t\t\t\t<\/div>\n\t\t\t\t\t<\/div>\n\t\t","protected":false},"excerpt":{"rendered":"<p>RADIO ALLEN\u00a0Maule: \u00danica vendimia universitaria del pa\u00eds cumpli\u00f3 su d\u00e9cima versi\u00f3n. Se refiere Carlos Torres Fuchslocher, rector y Angelina Riveros L\u00f3pez, coordinadora de la carrera t\u00e9cnico superior en Turismo Enol\u00f3gico.\u00a0MEDIABANCO\u00a0\u00danica vendimia universitaria del pa\u00eds cumpli\u00f3 su d\u00e9cima versi\u00f3n. Se refiere Carlos Torres Fuchslocher, rector y Angelina Riveros L\u00f3pez, coordinadora de la carrera t\u00e9cnico superior en &hellip;<\/p>\n<p class=\"read-more\"> <a class=\"\" href=\"https:\/\/www.reportedeprensa.utalca.cl\/?p=9882\"> <span class=\"screen-reader-text\">30 de mayo de 2024<\/span> Read More &raquo;<\/a><\/p>\n","protected":false},"author":1,"featured_media":0,"comment_status":"closed","ping_status":"open","sticky":false,"template":"","format":"standard","meta":{"_monsterinsights_skip_tracking":false,"_monsterinsights_sitenote_active":false,"_monsterinsights_sitenote_note":"","_monsterinsights_sitenote_category":0},"categories":[48],"tags":[],"_links":{"self":[{"href":"https:\/\/www.reportedeprensa.utalca.cl\/index.php?rest_route=\/wp\/v2\/posts\/9882"}],"collection":[{"href":"https:\/\/www.reportedeprensa.utalca.cl\/index.php?rest_route=\/wp\/v2\/posts"}],"about":[{"href":"https:\/\/www.reportedeprensa.utalca.cl\/index.php?rest_route=\/wp\/v2\/types\/post"}],"author":[{"embeddable":true,"href":"https:\/\/www.reportedeprensa.utalca.cl\/index.php?rest_route=\/wp\/v2\/users\/1"}],"replies":[{"embeddable":true,"href":"https:\/\/www.reportedeprensa.utalca.cl\/index.php?rest_route=%2Fwp%2Fv2%2Fcomments&post=9882"}],"version-history":[{"count":4,"href":"https:\/\/www.reportedeprensa.utalca.cl\/index.php?rest_route=\/wp\/v2\/posts\/9882\/revisions"}],"predecessor-version":[{"id":9894,"href":"https:\/\/www.reportedeprensa.utalca.cl\/index.php?rest_route=\/wp\/v2\/posts\/9882\/revisions\/9894"}],"wp:attachment":[{"href":"https:\/\/www.reportedeprensa.utalca.cl\/index.php?rest_route=%2Fwp%2Fv2%2Fmedia&parent=9882"}],"wp:term":[{"taxonomy":"category","embeddable":true,"href":"https:\/\/www.reportedeprensa.utalca.cl\/index.php?rest_route=%2Fwp%2Fv2%2Fcategories&post=9882"},{"taxonomy":"post_tag","embeddable":true,"href":"https:\/\/www.reportedeprensa.utalca.cl\/index.php?rest_route=%2Fwp%2Fv2%2Ftags&post=9882"}],"curies":[{"name":"wp","href":"https:\/\/api.w.org\/{rel}","templated":true}]}}