{"id":9901,"date":"2024-05-31T10:39:53","date_gmt":"2024-05-31T13:39:53","guid":{"rendered":"https:\/\/www.reportedeprensa.utalca.cl\/?p=9901"},"modified":"2024-05-31T12:33:44","modified_gmt":"2024-05-31T15:33:44","slug":"31-de-mayo-de-2024","status":"publish","type":"post","link":"https:\/\/www.reportedeprensa.utalca.cl\/?p=9901","title":{"rendered":"31 de mayo de 2024"},"content":{"rendered":"\t\t<div data-elementor-type=\"wp-post\" data-elementor-id=\"9901\" class=\"elementor elementor-9901\" data-elementor-settings=\"[]\">\n\t\t\t\t\t\t\t<div class=\"elementor-section-wrap\">\n\t\t\t\t\t\t\t<section class=\"elementor-section elementor-top-section elementor-element elementor-element-bcea1a8 elementor-section-boxed elementor-section-height-default elementor-section-height-default\" data-id=\"bcea1a8\" data-element_type=\"section\">\n\t\t\t\t\t\t<div class=\"elementor-container elementor-column-gap-default\">\n\t\t\t\t\t<div class=\"elementor-column elementor-col-100 elementor-top-column elementor-element elementor-element-e7183bf\" data-id=\"e7183bf\" data-element_type=\"column\">\n\t\t\t<div class=\"elementor-widget-wrap elementor-element-populated\">\n\t\t\t\t\t\t\t\t<div class=\"elementor-element elementor-element-58d7315 elementor-widget elementor-widget-text-editor\" data-id=\"58d7315\" data-element_type=\"widget\" data-widget_type=\"text-editor.default\">\n\t\t\t\t<div class=\"elementor-widget-container\">\n\t\t\t\t\t\t\t\t<div><b>EL DIARIO SANTIAGO\u00a0<br \/><\/b><a href=\"https:\/\/www.eldiariosantiago.cl\/unica-vendimia-universitaria-del-pais-cumplio-su-decima-version\/\">\u00danica vendimia universitaria del pa\u00eds cumpli\u00f3 su d\u00e9cima versi\u00f3n. Se refiere Carlos Torres Fuchslocher, rector y Angelina Riveros L\u00f3pez, coordinadora de la carrera t\u00e9cnico superior en Turismo Enol\u00f3gico.\u00a0<\/a><b><br \/><\/b><\/div><div><b><br \/>DE MAR A CORDILLERA\u00a0<br \/><\/b><a href=\"https:\/\/demaracordilleratv.cl\/2024\/05\/30\/realizan-la-decima-version-de-la-vendimia-universitaria-en-santa-cruz\/\">Realizan la d\u00e9cima versi\u00f3n de la vendimia universitaria en Santa Cruz. Se refiere Carlos Torres Fuchslocher, rector y Angelina Riveros L\u00f3pez, coordinadora de la carrera t\u00e9cnico superior en Turismo Enol\u00f3gico.\u00a0<\/a><br \/><br \/><\/div><div><b>TIERRA AMARILLANO\u00a0<br \/><\/b><a href=\"https:\/\/tierramarillano.cl\/2024\/05\/30\/unica-vendimia-universitaria-del-pais-cumplio-su-decima-version\/\">\u00danica vendimia universitaria del pa\u00eds cumpli\u00f3 su d\u00e9cima versi\u00f3n. Se refiere Carlos Torres Fuchslocher, rector y Angelina Riveros L\u00f3pez, coordinadora de la carrera t\u00e9cnico superior en Turismo Enol\u00f3gico.<\/a>\u00a0<\/div><div><br \/><b>EL LECTOR<\/b>\u00a0<\/div><div><a href=\"https:\/\/www.litoralpress.cl\/paginaconsultas\/Servicios_NClipSitio\/Get_Imagen_Nota.aspx?LPKey=54RPGJ2WRMZNKUFLZ7FJT5MQSGKXENJ7ION7FZVWBYFXORJNBNC4OZGPUUV6ICMFLXCXCTPKPCCXK\">\u00danica vendimia universitaria del pa\u00eds cumpli\u00f3 su d\u00e9cima versi\u00f3n. Se refiere Carlos Torres Fuchslocher, rector y Angelina Riveros L\u00f3pez, coordinadora de la carrera t\u00e9cnico superior en Turismo Enol\u00f3gico<\/a>.\u00a0<br \/><br \/><\/div><div><b>LA PRENSA DE CURIC\u00d3\u00a0<br \/><\/b><a href=\"https:\/\/www.litoralpress.cl\/paginaconsultas\/Servicios_NClipSitio\/Get_Imagen_Nota.aspx?LPKey=3ZFB3Y5CLLAXDM6JSYS7CIG67YR73GEJBU323K236JZAH7DMTPBHIRQG46YSDOMOOJVKA7T2D2HMG\">UTalca inicia ciclo de tours para las familias maulinas. Se refiere Paola Morales Norambuena, directora del Ciclo de Vida Estudiantil.\u00a0<\/a><b><br \/><\/b><b><a id=\"OWAcd47b31c-624f-b96a-74dd-6408d1ff289e\" class=\"x_x_Hyperlink x_x_SCXW84689872 x_x_BCX0 x_x_OWAAutoLink\" href=\"https:\/\/www.litoralpress.cl\/paginaconsultas\/Servicios_NClipSitio\/Get_Imagen_Nota.aspx?LPKey=3ZFB3Y5CLLAXDM6JSYS7CIG67YR73GEJBU323K236JZAH7DMTPBHIRQG46YSDOMOOJVKA7T2D2HMG\" target=\"_blank\" rel=\"noopener noreferrer\" data-auth=\"NotApplicable\" data-loopstyle=\"linkonly\" data-linkindex=\"4\"><\/a><\/b><b>\u00a0<\/b><\/div><div><b>MEDIABANCO<\/b>\u00a0<br \/><a href=\"https:\/\/www.mediabanco.com\/universidad-de-talca-inicia-ciclo-de-tours-para-familias-maulinas\/\">Universidad de Talca inicia ciclo de tours para familias maulinas. Se refiere Paola Morales Norambuena, directora del Ciclo de Vida Estudiantil.\u00a0<\/a><br \/><br \/><\/div><div><b>DIARIO EL HERALDO<\/b>\u00a0<br \/><a href=\"https:\/\/www.diarioelheraldo.cl\/noticia\/universidad-de-talca-inicia-ciclo-de-tours-para-familias-maulinas\">Universidad de Talca inicia ciclo de tours para familias maulinas. Se refiere Paola Morales Norambuena, directora del Ciclo de Vida Estudiantil.<\/a><br \/><br \/><\/div><div><b>CANAL TVN 24 TARDE\u00a0<br \/><\/b><a href=\"https:\/\/www.litoralpress.cl\/sitio\/RadioTV_Detalles.cshtml?LPKey=C3IW2FREG22JFFSSJDKEGK25HIDITXV3ZCY3P4HSG3XKYGUB76UJCBOJ2BZAC46YMKWU5T726F7HQ\">Camas cr\u00edticas en la red p\u00fablica de salud llegaron a un 93% de ocupaci\u00f3n. Se refiere \u00c9rika Retamal Contreras, directora de Salud P\u00fablica. \u00a0<\/a><\/div><div><b>\u00a0<\/b><\/div><div><b>RADIO COOPERATIVA\u00a0<br \/><\/b><a href=\"https:\/\/www.cooperativa.cl\/noticias\/pais\/salud\/enfermedades-respiratorias\/epidemiologa-afirma-que-casos-de-influenza-ya-duplican-los-de-2023\/2024-05-30\/192240.html\">Epidemi\u00f3loga afirma que casos de influenza ya duplican los de 2023. Se refiere \u00c9rika Retamal Contreras, directora de Salud P\u00fablica. \u00a0<\/a><b><br \/><\/b><\/div><div>\u00a0<\/div><div><b>AD PRENSA <\/b>\u00a0<br \/><a href=\"https:\/\/www.adprensa.cl\/cronica\/advierten-sobre-el-actual-peak-de-la-influenza-y-el-aumento-de-casos-por-virus-sincicial\/\">Advierten sobre el actual peak de la influenza y el aumento de casos por virus sincicial. Se refiere \u00c9rika Retamal Contreras, directora de Salud P\u00fablica. \u00a0<\/a><br \/><br \/><\/div><div><b>MEDIABANCO<\/b>\u00a0<br \/><a href=\"https:\/\/www.mediabanco.com\/advierten-sobre-el-actual-peak-de-la-influenza-y-el-aumento-de-casos-por-virus-sincicial\/\">Advierten sobre el actual peak de la influenza y el aumento de casos por virus sincicial. Se refiere \u00c9rika Retamal Contreras, directora de Salud P\u00fablica. \u00a0<\/a><br \/><br \/><\/div><div><b>DIARIOS EN RED<\/b>\u00a0<br \/><a href=\"https:\/\/diariosenred.com\/nacional\/advierten-sobre-el-actual-peak-de-la-influenza-y-el-aumento-de-casos-por\">Advierten sobre el actual peak de la influenza y el aumento de casos por virus sincicial. Se refiere \u00c9rika Retamal Contreras, directora de Salud P\u00fablica.<\/a> \u00a0<br \/><br \/><\/div><div><b>RED VALPARA\u00cdSO<\/b>\u00a0<br \/><a href=\"https:\/\/redvalparaiso.com\/nacional\/advierten-sobre-el-actual-peak-de-la-influenza-y-el-aumento-de-casos-por\">Advierten sobre el actual peak de la influenza y el aumento de casos por virus sincicial. Se refiere \u00c9rika Retamal Contreras, directora de Salud P\u00fablica. \u00a0<\/a><br \/><br \/><\/div><div><b>RED O\u00b4HIGGINS<\/b>\u00a0<br \/><a href=\"https:\/\/redohiggins.com\/nacional\/advierten-sobre-el-actual-peak-de-la-influenza-y-el-aumento-de-casos-por\">Advierten sobre el actual peak de la influenza y el aumento de casos por virus sincicial. Se refiere \u00c9rika Retamal Contreras, directora de Salud P\u00fablica. \u00a0<\/a><br \/><br \/><\/div><div><b>RED MAULE<\/b>\u00a0<br \/><a href=\"https:\/\/redmaule.com\/nacional\/advierten-sobre-el-actual-peak-de-la-influenza-y-el-aumento-de-casos-por\">Advierten sobre el actual peak de la influenza y el aumento de casos por virus sincicial. Se refiere \u00c9rika Retamal Contreras, directora de Salud P\u00fablica. \u00a0<\/a><br \/><br \/><\/div><div><b>NOTICIAS BIOB\u00cdO<\/b>\u00a0<br \/><a href=\"https:\/\/noticiasbiobio.cl\/2024\/05\/30\/advierten-sobre-el-actual-peak-de-la-influenza-y-el-aumento-de-casos-por-virus-sincicial\/25558\">Advierten sobre el actual peak de la influenza y el aumento de casos por virus sincicial. Se refiere \u00c9rika Retamal Contreras, directora de Salud P\u00fablica. \u00a0<\/a><br \/><br \/><\/div><div><b>COQUIMBO NOTICIAS<\/b>\u00a0<br \/><a href=\"https:\/\/www.coquimbonoticias.cl\/2024\/05\/30\/advierten-sobre-el-actual-peak-de-la-influenza-y-el-aumento-de-casos-por-virus-sincicial\/18272\">Advierten sobre el actual peak de la influenza y el aumento de casos por virus sincicial. Se refiere \u00c9rika Retamal Contreras, directora de Salud P\u00fablica. \u00a0<\/a><br \/><br \/><\/div><div><b>NOTICIAS DEL LAGO<\/b>\u00a0<br \/><a href=\"https:\/\/www.noticiasdellago.cl\/2024\/advierten-sobre-el-actual-peak-de-la-influenza-y-el-aumento-de-casos-por-virus-sincicial\/053069149\">Advierten sobre el actual peak de la influenza y el aumento de casos por virus sincicial. Se refiere \u00c9rika Retamal Contreras, directora de Salud P\u00fablica. \u00a0<\/a><br \/><br \/><\/div><div><b>ANTOFAGASTA NOTICIAS<\/b>\u00a0<br \/><a href=\"https:\/\/www.antofagastanoticias.cl\/2024\/05\/30\/advierten-sobre-el-actual-peak-de-la-influenza-y-el-aumento-de-casos-por-virus-sincicial\/29709\">Advierten sobre el actual peak de la influenza y el aumento de casos por virus sincicial. Se refiere \u00c9rika Retamal Contreras, directora de Salud P\u00fablica. \u00a0<\/a><br \/><br \/><\/div><div><b>LOS R\u00cdOS NOTICIAS<\/b>\u00a0<br \/><a href=\"https:\/\/www.losriosnoticias.cl\/2024\/05\/30\/advierten-sobre-el-actual-peak-de-la-influenza-y-el-aumento-de-casos-por-virus-sincicial\/19334\">Advierten sobre el actual peak de la influenza y el aumento de casos por virus sincicial. Se refiere \u00c9rika Retamal Contreras, directora de Salud P\u00fablica. \u00a0<\/a><br \/><br \/><\/div><div><b>VALPARA\u00cdSO NOTICIAS<\/b>\u00a0<br \/><a href=\"https:\/\/www.valparaisonoticias.cl\/2024\/05\/30\/advierten-sobre-el-actual-peak-de-la-influenza-y-el-aumento-de-casos-por-virus-sincicial\/16089\">Advierten sobre el actual peak de la influenza y el aumento de casos por virus sincicial. Se refiere \u00c9rika Retamal Contreras, directora de Salud P\u00fablica. \u00a0<\/a><br \/><br \/><\/div><div><b>RADIO ANCOA<\/b>\u00a0<br \/><a href=\"https:\/\/www.radioancoa.cl\/categoria\/salud\/advierten-actual-peak-influenza-aumento-casos-virus-sincicial\">Advierten sobre el actual peak de la influenza y el aumento de casos por virus sincicial. Se refiere \u00c9rika Retamal Contreras, directora de Salud P\u00fablica. \u00a0<\/a><br \/><br \/><\/div><div><b>REGIONES NOTICIAS<\/b>\u00a0<br \/><a href=\"https:\/\/regionesnoticias.cl\/antofagasta\/2024\/05\/30\/advierten-sobre-el-actual-peak-de-la-influenza-y-el-aumento-de-casos-por-virus-sincicial\/40503\">Advierten sobre el actual peak de la influenza y el aumento de casos por virus sincicial. Se refiere \u00c9rika Retamal Contreras, directora de Salud P\u00fablica. \u00a0<\/a><\/div><div>\u00a0<\/div><div><b>NOTICIAS CHILO\u00c9<\/b>\u00a0<br \/><a href=\"https:\/\/www.noticiaschiloe.cl\/2024\/advierten-sobre-el-actual-peak-de-la-influenza-y-el-aumento-de-casos-por-virus-sincicial\/053020107\">Advierten sobre el actual peak de la influenza y el aumento de casos por virus sincicial. Se refiere \u00c9rika Retamal Contreras, directora de Salud P\u00fablica. \u00a0<\/a><br \/><br \/><\/div><div><b>S\u00c9PTIMA DE P\u00c1GINA NOTICIAS<\/b>\u00a0<br \/><a href=\"https:\/\/www.septimapaginanoticias.cl\/advierten-sobre-el-actual-peak-de-la-influenza-y-el-aumento-de-casos-por-virus-sincicial\">Advierten sobre el actual peak de la influenza y el aumento de casos por virus sincicial. Se refiere \u00c9rika Retamal Contreras, directora de Salud P\u00fablica. \u00a0<\/a><br \/><br \/><\/div><div><b>LA RAZ\u00d3N<\/b>\u00a0<br \/><a href=\"https:\/\/www.larazon.cl\/2024\/05\/30\/advierten-sobre-el-actual-peak-de-la-influenza-y-el-aumento-de-casos-por-virus-sincicial\/\">Advierten sobre el actual peak de la influenza y el aumento de casos por virus sincicial. Se refiere \u00c9rika Retamal Contreras, directora de Salud P\u00fablica. \u00a0<\/a><br \/><br \/><\/div><div><b>PRIMERA FUENTE NOTICIAS<\/b>\u00a0<br \/><a href=\"https:\/\/primerafuente.cl\/2024\/05\/epidemiologa-afirma-que-casos-de-influenza-ya-duplican-los-de-2023\/\">Epidemi\u00f3loga afirma que casos de influenza ya duplican los de 2023. Se refiere \u00c9rika Retamal Contreras, directora de Salud P\u00fablica. \u00a0<\/a><br \/><br \/><\/div><div><b>DIARIO EL HERALDO<\/b>\u00a0<br \/><a href=\"https:\/\/www.diarioelheraldo.cl\/noticia\/advierten-sobre-el-actual-peak-de-la-influenza-y-el-aumento-de-casos-por-virus-sincicial-\">Advierten sobre el actual peak de la influenza y el aumento de casos por virus sincicial. Se refiere \u00c9rika Retamal Contreras, directora de Salud P\u00fablica. \u00a0<\/a><br \/><br \/><\/div><div><b>RADIO MARAY<\/b>\u00a0<br \/><a href=\"https:\/\/www.maray.cl\/epidemiologa-afirma-que-casos-de-influenza-ya-duplican-los-de-2023\/\">Epidemi\u00f3loga afirma que casos de influenza ya duplican los de 2023. Se refiere \u00c9rika Retamal Contreras, directora de Salud P\u00fablica. \u00a0<\/a><br \/><br \/><\/div><div><b>PORTAL RED SALUD<\/b>\u00a0<br \/><a href=\"https:\/\/www.portalredsalud.cl\/2024\/05\/30\/advierten-sobre-el-actual-peak-de-la-influenza-y-el-aumento-de-casos-por-virus-sincicial\/\">Advierten sobre el actual peak de la influenza y el aumento de casos por virus sincicial. Se refiere \u00c9rika Retamal Contreras, directora de Salud P\u00fablica.\u00a0<\/a><\/div><div>\u00a0<\/div><div><b>RADIO AMIGA DE VALLENAR<\/b>\u00a0<br \/><a href=\"https:\/\/www.radioamigavallenar.cl\/?p=82186\">Epidemi\u00f3loga afirma que casos de influenza ya duplican los de 2023. Se refiere \u00c9rika Retamal Contreras, directora de Salud P\u00fablica. \u00a0<\/a><\/div><div>\u00a0<\/div><div><b>EL MERCURIO\u00a0<br \/><\/b><a href=\"https:\/\/www.litoralpress.cl\/paginaconsultas\/Servicios_NClipSitio\/Get_Imagen_Nota.aspx?LPKey=NIMS4WU237CDV4DVVRBANHDVHSNGOZ5U7VFHFCL6D2LQ7LY6SLZ3WEQXDOBS5YS7KJSDS7PZN7DHE\">Maule: La regi\u00f3n busca un liderazgo. Se refiere Carlos Sanhueza, jefe de emprendimiento de la Direcci\u00f3n de Innovaci\u00f3n y Transferencia. \u00a0<\/a><\/div><div><b>\u00a0<\/b><b><\/b><\/div><div><b>RADIO LAUTARO\u00a0<\/b><\/div><div><a href=\"https:\/\/radiolautarotalca.cl\/jornada-de-psiquiatria-busca-apoyar-en-la-formacion-de-especialistas-en-el-maule\/\">Jornada de Psiquiatr\u00eda busca apoyar en la formaci\u00f3n de especialistas en el Maule. Se refiere Ver\u00f3nica Vitriol, directora de Especializaci\u00f3n en Psiquiatr\u00eda Adultos de la Escuela de Medicina.<\/a><\/div><div>\u00a0<\/div><div><b>DIARIO EL HERALDO\u00a0<\/b><\/div><div><a href=\"https:\/\/www.litoralpress.cl\/paginaconsultas\/Servicios_NClipSitio\/Get_Imagen_Nota.aspx?LPKey=HMDG5ABJK4JP65343O4F5SKAQ5ABSL7LMI4YMJ2PPDBT7INDPBAVWQGNPWZJZSS4F4F5VKL7DVTF2\">Proyecto UTalca de divulgaci\u00f3n astron\u00f3mica recorrer\u00e1 las comunas del Maule. Se refiere Roy Slater, acad\u00e9mico de la Facultad de Ingenier\u00eda. \u00a0<\/a><b><br \/><\/b><\/div><div>\u00a0<\/div><div><b>EL MAULE INFORMA<\/b>\u00a0<br \/><a href=\"https:\/\/elmauleinforma.cl\/proyecto-utalca-de-divulgacion-astronomica-recorrera-las-comunas-del-maule\/\">Proyecto UTalca de divulgaci\u00f3n astron\u00f3mica recorrer\u00e1 las comunas del Maule. Se refiere Roy Slater, acad\u00e9mico de la Facultad de Ingenier\u00eda. \u00a0<\/a><\/div><div>\u00a0<\/div><div><b>RADIO LAUTARO\u00a0<br \/><\/b><a href=\"https:\/\/radiolautarotalca.cl\/pronostican-lluvias-para-la-proxima-semana-en-el-maule\/\">Pronostican lluvias para la pr\u00f3xima semana en el Maule. Se refiere Patricio Gonz\u00e1lez Colville, agroclimat\u00f3logo y acad\u00e9mico del Centro de Investigaci\u00f3n y Transferencia en Riego y Agroclimatolog\u00eda (CITRA).\u202f\u202f\u00a0<\/a><b><br \/><\/b><\/div><div>\u00a0<\/div><div><b>REVISTA ECOCIENCIAS\u00a0<br \/><\/b><a href=\"https:\/\/revistaecociencias.cl\/2024\/05\/30\/la-importancia-de-la-microbiota-intestinal-por-que-es-esencial-para-nuestra-salud\/\">La importancia de la microbiota intestinal: Por qu\u00e9 es esencial para nuestra salud. Se refiere Jos\u00e9 Luis Pino Villal\u00f3n, Escuela de Nutrici\u00f3n y Diet\u00e9tica.\u00a0<\/a><b><br \/><\/b><\/div><div>\u00a0<\/div><div><b>RADIO INFINITA<\/b>\u00a0<br \/><a href=\"https:\/\/www.litoralpress.cl\/sitio\/RadioTV_Detalles.cshtml?LPKey=N6D5RPTLBGMFWWZ67TFREWIHN4CGWXHR2D3N2BD4JMHUUBWZIKTGXA5RKF5UTFKCK5ID7EGYPTXMK\">Comentario de pol\u00edtica de Mauricio Morales Quiroga, acad\u00e9mico de la Facultad de Ciencias Jur\u00eddicas y Sociales.<\/a> \u00a0<br \/><br \/><\/div><div><b>LA SEGUNDA<\/b>\u00a0<br \/><a href=\"https:\/\/www.litoralpress.cl\/paginaconsultas\/Servicios_NClipSitio\/Get_Imagen_Nota.aspx?LPKey=O3UNHQXVHVUCNR4PLT34SPMNWG7V3FK6XQ52AHQRSVEW2A3J5CR24C7ET6IPNJ7QFDBBKXIBWEOC4\">Crecimiento puntual: La cautelosa apuesta del FA para capear las municipales. Se refiere Mauricio Morales, acad\u00e9mico de la Facultad de Ciencias Jur\u00eddicas y Sociales.\u00a0<\/a><br \/><br \/><\/div><div><b>EL MERCURIO<\/b>\u00a0<br \/><a href=\"https:\/\/www.litoralpress.cl\/paginaconsultas\/Servicios_NClipSitio\/Get_Imagen_Nota.aspx?LPKey=RB3OKGGJ4Y5RK3SMZYQSFX6KUC7JW5N3GBXNJP3WPVLYQXYSN7WO4KBDEFA64YVJWRWWZMAOGEBLS\">La Moneda se distancia de apoyo cerrado a Jadue y manifestaciones del PC en tribunales. Se refiere Mauricio Morales Quiroga, acad\u00e9mico de la Facultad de Ciencias Jur\u00eddicas y Sociales. \u00a0<\/a><br \/><br \/><\/div><div><b>RADIO BIOB\u00cdO<\/b>\u00a0<br \/><a href=\"https:\/\/www.biobiochile.cl\/noticias\/nacional\/chile\/2024\/05\/30\/imprudente-empuje-del-pc-la-caravana-por-jadue-que-tensiono-semana-crucial-para-boric.shtml\">\u00bfImprudente empuje del PC? La caravana por Jadue que tension\u00f3 semana crucial para Boric. Se refiere Mauricio Morales Quiroga, acad\u00e9mico de la Facultad de Ciencias Jur\u00eddicas y Sociales.\u00a0<\/a><\/div><div>\u00a0<\/div><div><b>MAULE HOY<\/b>\u00a0<br \/><a href=\"https:\/\/maulehoy.cl\/2024\/05\/29\/utalca-y-pdi-invitan-a-seminario-sobre-ciberseguridad-ia-y-delitos-economicos\/\">UTALCA y PDI invitan a seminario sobre ciberseguridad, IA y delitos econ\u00f3micos. Se refiere Paulo Gonz\u00e1lez, director de Escuela de Ingenier\u00eda en Inform\u00e1tica Empresarial.\u00a0<\/a><br \/><br \/><\/div><div><b>EL HERALDO\u00a0<br \/><\/b><a href=\"https:\/\/www.litoralpress.cl\/paginaconsultas\/Servicios_NClipSitio\/Get_Imagen_Nota.aspx?LPKey=OJCP32RKOSY52OOIVZPH26TOR6IFJIYVEZ577MQNGXQWL6H32SVS4I3YZUGEGJOG6M3YEBET3SU54\">UTALCA Y PDI invitan A Seminario Sobre Ciberseguridad, lA Y Delitos \u2013 Econ\u00f3micos. Se refiere Paulo Gonz\u00e1lez, director de Escuela de Ingenier\u00eda en Inform\u00e1tica Empresarial.\u00a0<\/a><b><br \/><\/b><\/div><div>\u00a0<\/div><div><b>EXPRESO DE LA COSTA<\/b>\u00a0<br \/><a href=\"http:\/\/www.expresodelacosta.cl\/descubre-instituto-railef-excelencia-educativa-desde-parvulos-hasta-educacion-media\/\">Descubre Instituto Railef: \u00a1Excelencia Educativa desde P\u00e1rvulos hasta Educaci\u00f3n Media! Se menciona la Universidad de Talca.\u00a0<\/a><br \/><br \/><\/div><div><b>MAULE HOY<\/b>\u00a0<br \/><a href=\"https:\/\/maulehoy.cl\/2024\/05\/29\/jovenes-talquinos-organizados-por-la-fundacion-pacto-social-reunen-a-actores-sociales-a-dialogar-sobre-los-espacios-publicos\/\">J\u00f3venes talquinos organizados por la Fundaci\u00f3n Pacto Social re\u00fanen a actores sociales a dialogar sobre los Espacios P\u00fablicos. Se menciona la Universidad de Talca.\u00a0<\/a><br \/><br \/><\/div><div><b>EL MAULE INFORMA<\/b>\u00a0<br \/><a href=\"https:\/\/elmauleinforma.cl\/jovenes-talquinos-organizados-por-la-fundacion-pacto-social-reunen-a-actores-sociales-a-dialogar-sobre-los-espacios-publicos\/\">J\u00f3venes talquinos organizados por la Fundaci\u00f3n Pacto Social re\u00fanen a actores sociales a dialogar sobre los Espacios P\u00fablicos. Se menciona la Universidad de Talca.\u00a0<\/a><br \/><br \/><\/div>\t\t\t\t\t\t<\/div>\n\t\t\t\t<\/div>\n\t\t\t\t\t<\/div>\n\t\t<\/div>\n\t\t\t\t\t\t\t<\/div>\n\t\t<\/section>\n\t\t\t\t\t\t<\/div>\n\t\t\t\t\t<\/div>\n\t\t","protected":false},"excerpt":{"rendered":"<p>EL DIARIO SANTIAGO\u00a0\u00danica vendimia universitaria del pa\u00eds cumpli\u00f3 su d\u00e9cima versi\u00f3n. Se refiere Carlos Torres Fuchslocher, rector y Angelina Riveros L\u00f3pez, coordinadora de la carrera t\u00e9cnico superior en Turismo Enol\u00f3gico.\u00a0DE MAR A CORDILLERA\u00a0Realizan la d\u00e9cima versi\u00f3n de la vendimia universitaria en Santa Cruz. Se refiere Carlos Torres Fuchslocher, rector y Angelina Riveros L\u00f3pez, coordinadora de &hellip;<\/p>\n<p class=\"read-more\"> <a class=\"\" href=\"https:\/\/www.reportedeprensa.utalca.cl\/?p=9901\"> <span class=\"screen-reader-text\">31 de mayo de 2024<\/span> Read More &raquo;<\/a><\/p>\n","protected":false},"author":1,"featured_media":0,"comment_status":"closed","ping_status":"open","sticky":false,"template":"","format":"standard","meta":{"_monsterinsights_skip_tracking":false,"_monsterinsights_sitenote_active":false,"_monsterinsights_sitenote_note":"","_monsterinsights_sitenote_category":0},"categories":[48],"tags":[],"_links":{"self":[{"href":"https:\/\/www.reportedeprensa.utalca.cl\/index.php?rest_route=\/wp\/v2\/posts\/9901"}],"collection":[{"href":"https:\/\/www.reportedeprensa.utalca.cl\/index.php?rest_route=\/wp\/v2\/posts"}],"about":[{"href":"https:\/\/www.reportedeprensa.utalca.cl\/index.php?rest_route=\/wp\/v2\/types\/post"}],"author":[{"embeddable":true,"href":"https:\/\/www.reportedeprensa.utalca.cl\/index.php?rest_route=\/wp\/v2\/users\/1"}],"replies":[{"embeddable":true,"href":"https:\/\/www.reportedeprensa.utalca.cl\/index.php?rest_route=%2Fwp%2Fv2%2Fcomments&post=9901"}],"version-history":[{"count":4,"href":"https:\/\/www.reportedeprensa.utalca.cl\/index.php?rest_route=\/wp\/v2\/posts\/9901\/revisions"}],"predecessor-version":[{"id":9905,"href":"https:\/\/www.reportedeprensa.utalca.cl\/index.php?rest_route=\/wp\/v2\/posts\/9901\/revisions\/9905"}],"wp:attachment":[{"href":"https:\/\/www.reportedeprensa.utalca.cl\/index.php?rest_route=%2Fwp%2Fv2%2Fmedia&parent=9901"}],"wp:term":[{"taxonomy":"category","embeddable":true,"href":"https:\/\/www.reportedeprensa.utalca.cl\/index.php?rest_route=%2Fwp%2Fv2%2Fcategories&post=9901"},{"taxonomy":"post_tag","embeddable":true,"href":"https:\/\/www.reportedeprensa.utalca.cl\/index.php?rest_route=%2Fwp%2Fv2%2Ftags&post=9901"}],"curies":[{"name":"wp","href":"https:\/\/api.w.org\/{rel}","templated":true}]}}