{"id":9912,"date":"2024-06-03T12:57:47","date_gmt":"2024-06-03T15:57:47","guid":{"rendered":"https:\/\/www.reportedeprensa.utalca.cl\/?p=9912"},"modified":"2024-06-03T16:16:34","modified_gmt":"2024-06-03T19:16:34","slug":"03-de-junio-de-2024","status":"publish","type":"post","link":"https:\/\/www.reportedeprensa.utalca.cl\/?p=9912","title":{"rendered":"03 de junio de 2024"},"content":{"rendered":"\t\t<div data-elementor-type=\"wp-post\" data-elementor-id=\"9912\" class=\"elementor elementor-9912\" data-elementor-settings=\"[]\">\n\t\t\t\t\t\t\t<div class=\"elementor-section-wrap\">\n\t\t\t\t\t\t\t<section class=\"elementor-section elementor-top-section elementor-element elementor-element-bcea1a8 elementor-section-boxed elementor-section-height-default elementor-section-height-default\" data-id=\"bcea1a8\" data-element_type=\"section\">\n\t\t\t\t\t\t<div class=\"elementor-container elementor-column-gap-default\">\n\t\t\t\t\t<div class=\"elementor-column elementor-col-100 elementor-top-column elementor-element elementor-element-e7183bf\" data-id=\"e7183bf\" data-element_type=\"column\">\n\t\t\t<div class=\"elementor-widget-wrap elementor-element-populated\">\n\t\t\t\t\t\t\t\t<div class=\"elementor-element elementor-element-58d7315 elementor-widget elementor-widget-text-editor\" data-id=\"58d7315\" data-element_type=\"widget\" data-widget_type=\"text-editor.default\">\n\t\t\t\t<div class=\"elementor-widget-container\">\n\t\t\t\t\t\t\t\t<div class=\"x_elementToProof\"><b>AD PRENSA\u00a0<br \/><\/b><a href=\"https:\/\/www.adprensa.cl\/cronica\/utalca-capacito-a-los-13-hospitales-del-maule-sobre-su-modelo-de-gestion-en-competencias\/\">UTalca capacit\u00f3 a los 13 hospitales del Maule sobre su modelo de gesti\u00f3n en competencias. Se refiere Carlos Torres Fuchslocher, rector y Stefanie San Mart\u00edn, jefa de Departamento de Desarrollo de Personas.\u00a0<\/a><b><br \/><\/b><\/div><div>\u00a0<\/div><div><b>MEDIABANCO<\/b>\u00a0<br \/><a href=\"https:\/\/www.mediabanco.com\/utalca-capacito-a-los-13-hospitales-del-maule-sobre-su-modelo-de-gestion-en-competencias\/\">UTalca capacit\u00f3 a los 13 hospitales del Maule sobre su modelo de gesti\u00f3n en competencias. Se refiere Carlos Torres Fuchslocher, rector y Stefanie San Mart\u00edn, jefa de Departamento de Desarrollo de Personas.\u00a0<\/a><\/div><div>\u00a0<\/div><div><b>CNN CHILE\u00a0<br \/><\/b><a href=\"https:\/\/www.litoralpress.cl\/sitio\/RadioTV_Detalles.cshtml?LPKey=HC5GEGSCI2A236HQWD5DIW6NKAZEWN4MG6NNWGSNDQ7EBXYAMA6C3ZNK3A2SHSQ3FLGSHMEJM2K2O\">Recomendaciones para este Cyberday 2024. Se refiere Milton Inostroza, director Escuela de Ingenier\u00eda Comercial.<\/a><b><br \/><\/b><\/div><div>\u00a0<\/div><div><b>EMOL\u00a0<br \/><\/b><a href=\"https:\/\/www.emol.com\/noticias\/Economia\/2024\/06\/02\/1132561\/proyecciones-economistas-imacec-abril-2024.html\">Este lunes se conoce la cifra del Imacec de abril: Economistas proyectan que podr\u00eda acercarse hasta el 4%. Se refiere Rodrigo Saens, acad\u00e9mico Facultad de Econom\u00eda y Negocios.\u00a0<\/a><\/div><div><b>\u00a0<\/b><\/div><div><b>24 HORAS\u00a0<br \/><\/b><a href=\"https:\/\/www.24horas.cl\/actualidad\/nacional\/temporal-en-camino-expectativa-de-fuertes-lluvias-y-vientos-desde-el\">Temporal en camino: expectativa de fuertes lluvias y vientos desde el martes. Se refiere Patricio Gonz\u00e1lez Colville, agroclimat\u00f3logo y acad\u00e9mico del Centro de Investigaci\u00f3n y Transferencia en Riego y Agroclimatolog\u00eda (CITRA).\u00a0<\/a><br \/><b><br \/>RADIO AGRICULTURA\u00a0<br \/><\/b><a href=\"https:\/\/www.radioagricultura.cl\/nacional\/2024\/05\/31\/ciclon-en-chile-agroclimatologo-aclara-como-sera-el-sistema-frontal-que-se-presentara-en-el-pais\/\">Cicl\u00f3n en Chile: Agroclimat\u00f3logo aclara c\u00f3mo ser\u00e1 el sistema frontal que se presentar\u00e1 en el pa\u00eds. Se refiere Patricio Gonz\u00e1lez Colville, agroclimat\u00f3logo y acad\u00e9mico del Centro de Investigaci\u00f3n y Transferencia en Riego y Agroclimatolog\u00eda (CITRA).\u202f\u202f\u00a0<\/a><b><br \/><\/b><\/div><div>\u00a0<\/div><div><b>EN L\u00cdNEA MAULE\u00a0<br \/><\/b><a href=\"https:\/\/www.litoralpress.cl\/sitio\/RadioTV_Detalles.cshtml?LPKey=RL6QFIBDHUF37BO5BEM5VN6AJLSSEVKIKENGOBLJ7TU4KE33WWBH7JTV32XFULBZ3V2PJCILVH5J6\">Entrevista a Patricio Gonz\u00e1lez Colville, agroclimat\u00f3logo y acad\u00e9mico del Centro de Investigaci\u00f3n y Transferencia en Riego y Agroclimatolog\u00eda (CITRA).\u202f\u202f\u00a0<\/a><br \/><br \/><\/div><div><b>AD PRENSA\u00a0<br \/><\/b><a href=\"https:\/\/www.adprensa.cl\/cronica\/ciclon-en-chile-agroclimatologo-aclara-como-sera-el-sistema-frontal-que-se-presentara-en-el-pais\/\">Cicl\u00f3n en Chile: Agroclimat\u00f3logo aclara c\u00f3mo ser\u00e1 el sistema frontal que se presentar\u00e1 en el pa\u00eds. Se refiere Patricio Gonz\u00e1lez Colville, agroclimat\u00f3logo y acad\u00e9mico del Centro de Investigaci\u00f3n y Transferencia en Riego y Agroclimatolog\u00eda (CITRA).\u202f\u202f\u00a0<\/a><br \/><br \/><\/div><div><b>EL CIUDADANO\u00a0<br \/><\/b><a href=\"https:\/\/www.elciudadano.com\/actualidad\/que-se-sabe-del-enorme-ciclon-que-se-acerca-a-chile\/06\/01\/\">\u00bfQu\u00e9 se sabe del \u201cenorme cicl\u00f3n\u201d que se acerca a Chile\u201d? Se refiere Patricio Gonz\u00e1lez Colville, agroclimat\u00f3logo y acad\u00e9mico del Centro de Investigaci\u00f3n y Transferencia en Riego y Agroclimatolog\u00eda (CITRA).\u202f\u202f<\/a>\u00a0<br \/><br \/><\/div><div><b>S\u00c9PTIMA PAGINA NOTICIAS\u00a0<br \/><\/b><a href=\"https:\/\/www.septimapaginanoticias.cl\/ciclon-en-chile-agroclimatologo-aclara-como-sera-el-sistema-frontal-que-se-presentara-en-el-pais\">Cicl\u00f3n en Chile: Agroclimat\u00f3logo aclara c\u00f3mo ser\u00e1 el sistema frontal que se presentar\u00e1 en el pa\u00eds. Se refiere Patricio Gonz\u00e1lez Colville, agroclimat\u00f3logo y acad\u00e9mico del Centro de Investigaci\u00f3n y Transferencia en Riego y Agroclimatolog\u00eda (CITRA).\u202f<\/a>\u202f\u00a0<br \/><br \/><\/div><div><b>DIARIOS EN RED\u00a0<br \/><\/b><a href=\"https:\/\/diariosenred.com\/regional\/ciclon-en-chile-agroclimatologo-aclara-como-sera-el-sistema-frontal-que\">Cicl\u00f3n en Chile: Agroclimat\u00f3logo aclara c\u00f3mo ser\u00e1 el sistema frontal que se presentar\u00e1 en el pa\u00eds. Se refiere Patricio Gonz\u00e1lez Colville, agroclimat\u00f3logo y acad\u00e9mico del Centro de Investigaci\u00f3n y Transferencia en Riego y Agroclimatolog\u00eda (CITRA).\u202f\u202f\u00a0<\/a><br \/><br \/><\/div><div><b>RED MAULE\u00a0<br \/><\/b><a href=\"https:\/\/redmaule.com\/regional\/ciclon-en-chile-agroclimatologo-aclara-como-sera-el-sistema-frontal-que\">Cicl\u00f3n en Chile: Agroclimat\u00f3logo aclara c\u00f3mo ser\u00e1 el sistema frontal que se presentar\u00e1 en el pa\u00eds. Se refiere Patricio Gonz\u00e1lez Colville, agroclimat\u00f3logo y acad\u00e9mico del Centro de Investigaci\u00f3n y Transferencia en Riego y Agroclimatolog\u00eda (CITRA).\u202f\u202f\u00a0<\/a><\/div><div><br \/><b>DIARIO TALCA \u00a0<br \/><\/b><a href=\"https:\/\/diariotalca.cl\/ciclon-en-chile-aclaran-como-sera-el-sistema-frontal-que-se-presentara-esta-semana\/\">Cicl\u00f3n en Chile: aclaran c\u00f3mo ser\u00e1 el sistema frontal que se presentar\u00e1 en Chile. Se refiere Patricio Gonz\u00e1lez Colville, agroclimat\u00f3logo y acad\u00e9mico del Centro de Investigaci\u00f3n y Transferencia en Riego y Agroclimatolog\u00eda (CITRA).\u00a0<\/a><\/div><div><b><br \/>RADIO UNIVERSIDAD DE CHILE\u00a0<br \/><\/b><a href=\"https:\/\/radio.uchile.cl\/2024\/06\/02\/fuertes-lluvias-y-vientos-anuncian-nuevo-temporal-para-zona-centro-sur-de-chile\/\">Fuertes lluvias y vientos: se anuncia nuevo temporal para zona centro sur de Chile. Se refiere Patricio Gonz\u00e1lez Colville, agroclimat\u00f3logo y acad\u00e9mico del Centro de Investigaci\u00f3n y Transferencia en Riego y Agroclimatolog\u00eda (CITRA).\u00a0<\/a><br \/>\u00a0\u00a0<\/div><div><b>G5 NOTICIA\u00a0<br \/><\/b><a href=\"https:\/\/g5noticias.cl\/2024\/05\/31\/ciclon-en-chile-agroclimatologo-aclara-como-sera-el-sistema-frontal-que-se-presentara-en-el-pais\/\">Cicl\u00f3n en Chile: Agroclimat\u00f3logo aclara c\u00f3mo ser\u00e1 el sistema frontal que se presentar\u00e1 en el pa\u00eds. Se refiere Patricio Gonz\u00e1lez Colville, agroclimat\u00f3logo y acad\u00e9mico del Centro de Investigaci\u00f3n y Transferencia en Riego y Agroclimatolog\u00eda (CITRA).\u202f\u202f\u00a0<\/a><br \/><a id=\"OWA1f71180f-d264-f92c-6375-869568b0dc72\" class=\"x_x_Hyperlink x_x_SCXW263822477 x_x_BCX0 x_x_OWAAutoLink\" href=\"https:\/\/g5noticias.cl\/2024\/05\/31\/ciclon-en-chile-agroclimatologo-aclara-como-sera-el-sistema-frontal-que-se-presentara-en-el-pais\/\" target=\"_blank\" rel=\"noopener noreferrer\" data-auth=\"NotApplicable\" data-linkindex=\"14\"><\/a>\u00a0<\/div><div><b>EL TIP\u00d3GRAFO\u00a0<br \/><\/b><a href=\"https:\/\/eltipografo.cl\/2024\/05\/ciclon-llegara-a-la-region-de-ohiggins-experto-indica-los-efectos-que-tendra\">&#8220;Cicl\u00f3n&#8221; llegar\u00e1 a la Regi\u00f3n de OHiggins: Experto indica los efectos que tendr\u00e1. Se refiere Patricio Gonz\u00e1lez Colville, agroclimat\u00f3logo y acad\u00e9mico del Centro de Investigaci\u00f3n y Transferencia en Riego y Agroclimatolog\u00eda (CITRA).\u202f\u202f\u00a0<\/a><br \/><br \/><\/div><div><b>PORTAL FRUT\u00cdCOLA\u00a0<br \/><\/b><a href=\"https:\/\/www.portalfruticola.com\/noticias\/2024\/05\/31\/ciclon-en-chile-agroclimatologo-aclara-como-sera-el-sistema-frontal-que-se-presentara-en-el-pais\/\">Cicl\u00f3n en Chile: Agroclimat\u00f3logo aclara c\u00f3mo ser\u00e1 el sistema frontal que se presentar\u00e1 en el pa\u00eds. Se refiere Patricio Gonz\u00e1lez Colville, agroclimat\u00f3logo y acad\u00e9mico del Centro de Investigaci\u00f3n y Transferencia en Riego y Agroclimatolog\u00eda (CITRA)<\/a>.\u202f\u202f\u00a0<br \/><br \/><\/div><div><b>EL LECTOR\u00a0<br \/><\/b><a href=\"https:\/\/www.litoralpress.cl\/paginaconsultas\/Servicios_NClipSitio\/Get_Imagen_Nota.aspx?LPKey=UYZOQCQFVFKNXE43OIIHUNDZUEGOKWLLBSYBUGTSJ6W2LU6BTBEJOCH52ROABFDKC3IAITYA36OQY\">Cicl\u00f3n en Chile: Agroclimat\u00f3logo aclara c\u00f3mo ser\u00e1 el sistema frontal que se presentar\u00e1 en el pa\u00eds. Se refiere Patricio Gonz\u00e1lez Colville, agroclimat\u00f3logo y acad\u00e9mico del Centro de Investigaci\u00f3n y Transferencia en Riego y Agroclimatolog\u00eda (CITRA).\u202f\u202f\u00a0<\/a><br \/><br \/><\/div><div><b>DIARIO TALCA\u00a0<br \/><\/b><a href=\"https:\/\/www.litoralpress.cl\/paginaconsultas\/Servicios_NClipSitio\/Get_Imagen_Nota.aspx?LPKey=RYBQGMBCW4TQ7K74TA2NBE2MFZPE5ZTRE6YXSFKSJXXLXLKZOJJZ6BXQAAMS4KUSZXCYD6QS73VYY\">Este invierno ser\u00e1 m\u00e1s fr\u00edo que el anterior. Se refiere Patricio Gonz\u00e1lez Colville, agroclimat\u00f3logo y acad\u00e9mico del Centro de Investigaci\u00f3n y Transferencia en Riego y Agroclimatolog\u00eda (CITRA).\u00a0<\/a><b><br \/><\/b><b>\u00a0<\/b><\/div><div><b>EL TIP\u00d3GRAFO\u00a0<br \/><\/b><a href=\"https:\/\/eltipografo.cl\/2024\/06\/anuncian-nuevo-temporal-para-la-zona-centro-sur-del-pais-con-ohiggins-entre-las-regiones-afectadas\">Anuncian nuevo temporal para la zona centro sur del pa\u00eds con OHiggins entre las regiones afectadas. \u00a0<\/a><br \/><br \/><\/div><div><b>DIARIO CURIC\u00d3<br \/><\/b><a href=\"https:\/\/www.litoralpress.cl\/sitio\/Prensa_Detalles.cshtml?LPKey=FCEEYYSIGFUJGDPLY7LS3JWOFYK4SQTPK3DTTP2SLN4N7CHPSJNQ\">Universidad y Hospital de Curic\u00f3 realizan jornada de psiquiatr\u00eda. Se refiere Ernesto Sol\u00eds, director de la Escuela de Medicina y Ver\u00f3nica Vitriol, directora Especializaci\u00f3n en Psiquiatr\u00eda.\u00a0\u00a0 \u00a0<\/a><b><br \/><\/b><\/div><div>\u00a0<\/div><div><b>RADIO ADN<\/b>\u00a0<br \/><a href=\"https:\/\/www.litoralpress.cl\/sitio\/RadioTV_Detalles.cshtml?LPKey=MABW4OQPXNCRCXI3YY2E3OUJEFLAOWBFAU2CSWGBG5M7R7D2S7SV6TFWG24OLLXV4QDOZHFYUPJW4\">Suben las muertes por influenza respecto al mismo per\u00edodo del a\u00f1o pasado en el pa\u00eds. Se refiere \u00c9rika Retamal Contreras, directora de Salud P\u00fablica.\u00a0<\/a><br \/><br \/><\/div><div><b>CANAL TVN &#8211; 24 HORAS\u00a0<\/b><\/div><div><a href=\"https:\/\/www.litoralpress.cl\/sitio\/RadioTV_Detalles.cshtml?LPKey=22344T4XTRFDJVEXCLAKXZCUUWJZXXDHCBCZ6RTTUYIKM5R7ODHEPWT7OSKW5NDFUYCEY22HX3CP4\">Camas cr\u00edticas en la red p\u00fablica de salud llegaron a un 93% de ocupaci\u00f3n. Se refiere \u00c9rika Retamal Contreras, directora de Salud P\u00fablica.\u00a0<\/a><b><br \/><\/b><b>\u00a0<\/b><\/div><div><b>CANAL TVN RED MAULE<\/b>\u00a0<br \/><a href=\"https:\/\/www.litoralpress.cl\/sitio\/RadioTV_Detalles.cshtml?LPKey=FZT5MKZC7WXIYX6UN5KIR2IZCIZSJTHY5WJVHQRRMOV3LNQQ4RMEFIOVGWWEQ3S5MD32WNMVGSD3Y\">Aumentan casos de influenza: Red Asistencial tensionada. Se refiere \u00c9rika Retamal Contreras, directora de Salud P\u00fablica.\u00a0<\/a><br \/><br \/><\/div><div><b>PRIMERA FUENTES NOTICIAS<\/b>\u00a0<br \/><a href=\"https:\/\/primerafuente.cl\/2024\/05\/epidemiologa-afirma-que-casos-de-influenza-ya-duplican-los-de-2023\/\">Epidemi\u00f3loga afirma que casos de influenza ya duplican los de 2023. Se refiere \u00c9rika Retamal Contreras, directora de Salud P\u00fablica.<\/a>\u00a0<br \/><br \/><\/div><div><b>DIARIO EL HERALDO<\/b>\u00a0<br \/><a href=\"https:\/\/www.diarioelheraldo.cl\/noticia\/advierten-sobre-el-actual-peak-de-la-influenza-y-el-aumento-de-casos-por-virus-sincicial-\">Advierten sobre el actual peak de la influenza y el aumento de casos por virus sincicial. Se refiere \u00c9rika Retamal Contreras, directora de Salud P\u00fablica.\u00a0<\/a><br \/><br \/><\/div><div><b>DIARIO VI REGI\u00d3N<\/b>\u00a0<br \/><a href=\"https:\/\/www.litoralpress.cl\/paginaconsultas\/Servicios_NClipSitio\/Get_Imagen_Nota.aspx?LPKey=RW7F3VS3LUQKEOPRSCODSU3PTVCLUSWXZRBGS5HYZOEVY257F273XBQPPNXW5CV3DHZOYVJGCF7PS\">Advierten sobre el actual peak de la influenza y aumento de casos por virus sincicial. Se refiere \u00c9rika Retamal Contreras, directora Departamento de Salud P\u00fablica.\u00a0<\/a><br \/><br \/><\/div><div><b>EL HERALDO<\/b>\u00a0<br \/><a href=\"https:\/\/www.litoralpress.cl\/paginaconsultas\/Servicios_NClipSitio\/Get_Imagen_Nota.aspx?LPKey=5B2QB2NWC7BXBLFKVTCDWPVBIRACYONPE54J736OMXQ7RSBZOBOXMCLKJOQSWABVB3CITEEKFK6S4\">Advierten sobre el actual peak de la influenza y el aumento de casos por virus sincicial. Se refiere \u00c9rika Retamal Contreras, directora Departamento de Salud P\u00fablica<\/a>.\u00a0<br \/><br \/><\/div><div><b>EL LECTOR<\/b>\u00a0<br \/><a href=\"https:\/\/www.litoralpress.cl\/paginaconsultas\/Servicios_NClipSitio\/Get_Imagen_Nota.aspx?LPKey=6D5Y4OPGTSA2ICHONC2V7YAWVS4KJNMX2ZFFM7VIOV7FD4DAON3M2FY4ZNDHBGUO365ZFMFQPDOEK\">Advierten sobre el actual peak de la influenza y el aumento de casos por virus sincicial. Se refiere \u00c9rika Retamal Contreras, directora Departamento de Salud P\u00fablica.\u00a0<\/a><br \/><br \/><\/div><div><b>LA PRENSA DE CURIC\u00d3<\/b>\u00a0<br \/><a href=\"https:\/\/www.litoralpress.cl\/paginaconsultas\/Servicios_NClipSitio\/Get_Imagen_Nota.asp\">Alarmante peak de influenza y aumento de virus sincicial se registra en el Maule. Se refiere \u00c9rika Retamal Contreras, directora Departamento de Salud P\u00fablica.\u00a0<\/a><br \/><br \/><b>RADIO MARAY<\/b>\u00a0<br \/><a href=\"https:\/\/www.radioamigavallenar.cl\/?p=82200\">Epidemi\u00f3loga afirma que casos de influenza ya duplican los de 2023. Se refiere \u00c9rika Retamal Contreras, directora de Salud P\u00fablica.<\/a>\u00a0<br \/><br \/><\/div><div><b>PORTAL RED SALUD<\/b>\u00a0<br \/><a href=\"https:\/\/www.portalredsalud.cl\/2024\/05\/30\/advierten-sobre-el-actual-peak-de-la-influenza-y-el-aumento-de-casos-por-virus-sincicial\/\">Advierten sobre el actual peak de la influenza y el aumento de casos por virus sincicial. Se refiere \u00c9rika Retamal Contreras, directora de Salud P\u00fablica.\u00a0<\/a><br \/><br \/><\/div><div><b>RADIO AMIGA VALLENAR<\/b>\u00a0<br \/><a href=\"https:\/\/www.radioamigavallenar.cl\/?p=82186\">Epidemi\u00f3loga afirma que casos de influenza ya duplican los de 2023. Se refiere \u00c9rika Retamal Contreras, directora de Salud P\u00fablica.<\/a>\u00a0<br \/><br \/><\/div><div><b>LA VOZ DE LA REGI\u00d3N<\/b>\u00a0<br \/><a href=\"https:\/\/lavozdelaregion.cl\/index.php\/8429-advierten-sobre-el-actual-peak-de-la-influenza-y-aumento-de-casos-por-virus-sincicial\">Advierten sobre el actual peak de la influenza y el aumento de casos por virus sincicial. Se refiere \u00c9rika Retamal Contreras, directora de Salud P\u00fablica.\u00a0<\/a><br \/><a id=\"OWA5ae955b2-e9e6-fb87-4cfe-9797ee3b068a\" class=\"x_x_Hyperlink x_x_SCXW263822477 x_x_BCX0 x_x_OWAAutoLink\" href=\"https:\/\/lavozdelaregion.cl\/index.php\/8429-advierten-sobre-el-actual-peak-de-la-influenza-y-aumento-de-casos-por-virus-sincicial\" target=\"_blank\" rel=\"noopener noreferrer\" data-auth=\"NotApplicable\" data-linkindex=\"33\"><\/a>\u00a0<\/div><div><b>DIARIO VI REGI\u00d3N<\/b>\u00a0<br \/><a href=\"https:\/\/www.diarioviregion.cl\/noticias\/29530-advierten-sobre-el-actual-peak-de-la-influenza-y-aumento-de-casos-por-virus-sincicial\">Advierten sobre el actual peak de la influenza y el aumento de casos por virus sincicial. Se refiere \u00c9rika Retamal Contreras, directora de Salud P\u00fablica.\u00a0<\/a><br \/><br \/><\/div><div><b>DIARIO TALCA<\/b>\u00a0<br \/><a href=\"https:\/\/diariotalca.cl\/advierten-sobre-el-peak-de-influenza-y-aumento-del-virus-sincicial\/\">Advierten sobre el actual peak de la influenza y el aumento de casos por virus sincicial. Se refiere \u00c9rika Retamal Contreras, directora de Salud P\u00fablica.\u00a0<\/a><br \/><br \/><\/div><div><b>G5 NOTICIA<\/b>\u00a0<br \/><a href=\"https:\/\/g5noticias.cl\/2024\/05\/31\/advierten-sobre-el-actual-peak-de-la-influenza-y-el-aumento-de-casos-por-virus-sincicial\/\">Advierten sobre el actual peak de la influenza y el aumento de casos por virus sincicial. Se refiere \u00c9rika Retamal Contreras, directora de Salud P\u00fablica.\u00a0<\/a><br \/><br \/><\/div><div><b>HORA 12<\/b>\u00a0<br \/><a href=\"https:\/\/hora12.cl\/2024\/05\/31\/epidemiologa-sostiene-que-casos-de-influenza-y-otros-virus-respiratorios-doblan-a-los-registrados-en-2023-en-el-pais\/\">Epidemi\u00f3loga sostiene que casos de influenza y otros virus respiratorios doblan a los registrados en 2023 en el pa\u00eds. Se refiere \u00c9rika Retamal Contreras, directora de Salud P\u00fablica.\u00a0<\/a><br \/><br \/><\/div><div><b>MAULE NEWS<\/b>\u00a0<br \/><a href=\"https:\/\/www.maulenews.com\/2024\/05\/advierten-sobre-el-actual-peak-de-la.html\">Advierten sobre el actual peak de la influenza y el aumento de casos por virus sincicial. Se refiere \u00c9rika Retamal Contreras, directora de Salud P\u00fablica.\u00a0<\/a><br \/><br \/><\/div><div><b>MAULE HOY<\/b>\u00a0<br \/><a href=\"https:\/\/maulehoy.cl\/2024\/05\/31\/advierten-sobre-el-actual-peak-de-la-influenza-y-el-aumento-de-casos-por-virus-sincicial\/\">Advierten sobre el actual peak de la influenza y el aumento de casos por virus sincicial. Se refiere \u00c9rika Retamal Contreras, directora de Salud P\u00fablica.\u00a0<\/a><br \/><br \/><\/div><div><b>EL ZORRO NORTINO<\/b>\u00a0<br \/><a href=\"https:\/\/www.elzorronortino.cl\/salud-y-vida\/epidemiologa-afirma-que-casos-de-influenza-ya-duplican-los-de-2023\/\">Epidemi\u00f3loga afirma que casos de influenza ya duplican los de 2023. Se refiere \u00c9rika Retamal Contreras, directora de Salud P\u00fablica.\u00a0<\/a><br \/><br \/><\/div><div><b>RADIO LAUTARO<\/b>\u00a0<br \/><a href=\"https:\/\/radiolautarotalca.cl\/expertos-estan-en-alerta-por-peak-de-influenza-en-el-pais\/\">Expertos est\u00e1n en alerta por peak de influenza en el pa\u00eds. Se refiere \u00c9rika Retamal Contreras, directora de Salud P\u00fablica.\u00a0<\/a><br \/><br \/><\/div><div><b>ADN RADIO<\/b>\u00a0<br \/><a href=\"https:\/\/www.adnradio.cl\/2024\/05\/31\/expertos-advierten-aumento-de-virus-respiratorios-muertes-por-influenza-superan-lo-registrado-en-el-mismo-periodo-del-2023\/\">Expertos advierten aumento de virus respiratorios: muertes por influenza superan lo registrado en el mismo periodo del 2023. Se refiere \u00c9rika Retamal Contreras, directora de Salud P\u00fablica.\u00a0<\/a><br \/><br \/><\/div><div><b>RADIO LAUTARO<\/b>\u00a0<br \/><a href=\"https:\/\/radiolautarotalca.cl\/familias-podran-disfrutar-de-tours-en-el-campus-de-la-utalca\/\">Familias podr\u00e1n disfrutar de tours en el campus de la UTalca. Se refiere Paola Morales, directora del Ciclo de Vida del Estudiante.\u00a0<\/a><br \/><br \/><\/div><div><b>MAULE HOY<\/b>\u00a0<br \/><a href=\"https:\/\/maulehoy.cl\/2024\/05\/31\/universidad-de-talca-inicia-ciclo-de-tours-para-familias-maulinas\/\">Universidad de Talca inicia ciclo de tours para familias maulinas. Paola Morales Norambuena, directora del Ciclo de Vida del Estudiante.\u00a0<\/a><br \/><br \/><\/div><div><b>EL HERALDO\u00a0<br \/><\/b><a href=\"https:\/\/www.litoralpress.cl\/paginaconsultas\/Servicios_NClipSitio\/Get_Imagen_Nota.aspx?LPKey=ONX7A6E6OPCT7Y7J3ZYJ7YI5XF3QEWKS4SU3KLAEGDOXYOZDT4ZTP3YEAQF75I6NGH7QG7I6O3CJK\">Universidad de Talca inicia ciclo de tours para familias maulinas. Se refiere Paola Morales Norambuena, directora del Ciclo de Vida del Estudiante de la UTalca.\u00a0<\/a><b><br \/><\/b><b>\u00a0<\/b><\/div><div><b>DIARIO EL HERALDO<\/b>\u00a0<br \/><a href=\"https:\/\/www.diarioelheraldo.cl\/noticia\/universidad-de-talca-inicia-ciclo-de-tours-para-familias-maulinas\">Universidad de Talca inicia ciclo de tours para familias maulinas. Se refiere Paola Morales Norambuena, directora del Ciclo de Vida del Estudiante de la UTalca.\u00a0<\/a><br \/><br \/><\/div><div><b>MAULE HOY \u00a0<br \/><\/b><a href=\"https:\/\/maulehoy.cl\/2024\/06\/01\/proyecto-utalca-de-divulgacion-astronomica-recorrera-las-comunas-del-mau\">Proyecto UTalca de divulgaci\u00f3n astron\u00f3mica recorrer\u00e1 las comunas del Maule.\u00a0Se refiere Roy Slater, acad\u00e9mico de la Facultad de Ingenier\u00eda.\u00a0 \u00a0<\/a><b><br \/><\/b><\/div><div><b>AD PRENSA<\/b>\u00a0<br \/><a href=\"https:\/\/www.adprensa.cl\/cronica\/proyecto-inclusivo-sobre-astronomia-acerca-el-universo-a-la-comunidad-maulina\/\">Proyecto inclusivo sobre astronom\u00eda acerca el universo a la comunidad maulina. Se refiere Roy Slater, acad\u00e9mico de la Facultad de Ingenier\u00eda.\u00a0 \u00a0<\/a><br \/><br \/><\/div><div><b>MEDIABANCO<\/b>\u00a0<br \/><a href=\"https:\/\/www.mediabanco.com\/proyecto-inclusivo-sobre-astronomia-acerca-el-universo-a-la-comunidad-maulina\/\">Proyecto inclusivo sobre astronom\u00eda acerca el universo a la comunidad maulina. Se refiere Roy Slater, acad\u00e9mico de la Facultad de Ingenier\u00eda.\u00a0 \u00a0<\/a><br \/><br \/><\/div><div><b>HORA DE NOTICIAS<\/b>\u00a0<br \/><a href=\"https:\/\/horadenoticias.cl\/educacion\/chile-requiere-mas-de-28-mil-profesionales-en-el-ambito-de-la-ciberseguridad\">Chile requiere m\u00e1s de 28 mil profesionales en el \u00e1mbito de la ciberseguridad. Se refiere Rodrigo Herrera, decano Facultad de Econom\u00eda y Negocios. \u00a0<\/a><br \/><br \/><\/div><div><b>CANAL TVN RED MAULE<\/b>\u00a0<br \/><a href=\"https:\/\/www.litoralpress.cl\/sitio\/RadioTV_Detalles.cshtml?LPKey=QN46Q72TG4BQTPK3FJN6PEC6N3VNLKFPB34NFC26XQNOYSYOSOZCQKQARXDA67JIAY7LPKTJG7ROY\">Realizan nuevo seminario sobre ciberseguridad. Se menciona la Universidad de Talca.\u00a0<\/a><br \/><br \/><\/div><div><b>CANAL 30 LINARES TV<\/b>\u00a0<br \/><a href=\"https:\/\/www.litoralpress.cl\/sitio\/RadioTV_Detalles.cshtml?LPKey=EIYQRTUBAJ5N74RVIF7WQ4GIQIGNJYF4Z522Y2WBJN2BDNIEVDNKH3UEBRW3NYBSTB5BAGSIKVEL6\">En un conversatorio en la Universidad de Talca se dieron a conocer los principales cibercr\u00edmenes actuales. Se menciona la Universidad de Talca.\u00a0<\/a><br \/><br \/><\/div><div><b>TV5 <\/b>\u00a0<br \/><a href=\"https:\/\/www.tv5.cl\/categoria\/policial\/evolucion-delitos-economicos-desafios-ciberseguridad\">Evoluci\u00f3n de los delitos econ\u00f3micos y desaf\u00edos de la ciberseguridad. Se menciona la Universidad de Talca.\u00a0<\/a><br \/><br \/><\/div><div><b>DIARIOELHERALDO.CL<\/b>\u00a0<br \/><a href=\"https:\/\/www.diarioelheraldo.cl\/noticia\/-evolucion-de-los-delitos-economicos-y-desafios-de-la-cibersegurida\">Evoluci\u00f3n de los delitos econ\u00f3micos y desaf\u00edos de la ciberseguridad fue tema de seminario realizado en el Maule. Se menciona la Universidad de Talca.\u00a0<\/a><br \/><br \/><\/div><div><b>SOMOS MAULE<\/b>\u00a0<br \/><a href=\"http:\/\/somosmaule.cl\/publico\/ficha\/ficha.aspx?i=70923\">Seminario gratuito sobre ciberseguridad, inteligencia artificial y delitos econ\u00f3micos. Paulo Gonz\u00e1lez, director de Escuela de Ingenier\u00eda en Inform\u00e1tica Empresarial.\u00a0<\/a><br \/><br \/><\/div><div><b>MEDIABANCO<\/b>\u00a0<br \/><a href=\"https:\/\/www.mediabanco.com\/chile-requiere-mas-de-28-mil-profesionales-en-el-ambito-de-la-ciberseguridad\/\">Chile requiere m\u00e1s de 28 mil profesionales en el \u00e1mbito de la ciberseguridad. Se refiere Rodrigo Herrera Leiva, decano de la Facultad de Econom\u00eda y Negocios.\u00a0<\/a><br \/><br \/><\/div><div><b>AM NOTICIAS<\/b>\u00a0<br \/><a href=\"https:\/\/amnoticias.cl\/evolucion-de-delitos-economicos-y-desafios-de-la-ciberseguridad-fue-tema-de-seminario-realizado-en-el-maule\/\">Evoluci\u00f3n de delitos econ\u00f3micos y desaf\u00edos de la ciberseguridad fue tema de seminario realizado en el Maule. Se refiere Rodrigo Herrera Leiva, decano de la Facultad de Econom\u00eda y Negocios.\u00a0<\/a><br \/><a id=\"OWAe3a6ddce-b2b9-0d23-f41f-cd013fa22957\" class=\"x_x_Hyperlink x_x_SCXW263822477 x_x_BCX0 x_x_OWAAutoLink\" href=\"https:\/\/amnoticias.cl\/evolucion-de-delitos-economicos-y-desafios-de-la-ciberseguridad-fue-tema-de-seminario-realizado-en-el-maule\/\" target=\"_blank\" rel=\"noopener noreferrer\" data-auth=\"NotApplicable\" data-linkindex=\"57\"><\/a>\u00a0<\/div><div><b>AD PRENSA <\/b>\u00a0<br \/><a href=\"https:\/\/www.adprensa.cl\/cronica\/chile-requiere-mas-de-28-mil-profesionales-en-el-ambito-de-la-ciberseguridad\/\">Chile requiere m\u00e1s de 28 mil profesionales en el \u00e1mbito de la ciberseguridad. Se refiere Rodrigo Herrera Leiva, decano de la Facultad de Econom\u00eda y Negocios.\u00a0<\/a><\/div><div>\u00a0<\/div><div><b>LA RAZ\u00d3N\u00a0<br \/><\/b><a href=\"https:\/\/www.larazon.cl\/2024\/06\/01\/chile-requiere-mas-de-28-mil-profesionales-en-el-ambito-de-la-ciberseguridad\/\">Chile requiere m\u00e1s de 28 mil profesionales en el \u00e1mbito de la ciberseguridad. Se refiere Rodrigo Herrera Leiva, decano de la Facultad de Econom\u00eda y Negocios.\u00a0<\/a><b><br \/><\/b><\/div><div>\u00a0<\/div><div><b>DIARIO EL HERALDO <\/b>\u00a0<br \/><a href=\"https:\/\/www.litoralpress.cl\/paginaconsultas\/Servicios_NClipSitio\/Get_Imagen_Nota.aspx?LPKey=RRBI6NYNZLLU7NRHLP47Y46BF4JGXUTB7Y5WFDIIX6UP47ZCFNVTTTX5RT2MIIVVB4FH5XEKG52EQ\">Evoluci\u00f3n de los delitos econ\u00f3micos y desaf\u00edos de la ciberseguridad fue tema de seminario realizado en el Maule. Se menciona la Universidad de Talca.\u00a0<\/a><br \/><br \/><\/div><div><b>CANAL 30 LINARES TV<\/b>\u00a0<br \/><a href=\"https:\/\/www.litoralpress.cl\/sitio\/RadioTV_Detalles.cshtml?LPKey=EIYQRTUBAJ5N74RVIF7WQ4GIQIGNJYF4Z522Y2WBJN2BDNIEVDNKH3UEBRW3NYBSTB5BAGSIKVEL6\">En un conversatorio en la Universidad de Talca se dieron a conocer los principales cibercr\u00edmenes actuales. Se menciona la Universidad de Talca.\u00a0<\/a><\/div><div aria-hidden=\"true\">\u00a0<\/div><div><b>CANAL 30 LINARES TV<\/b>\u00a0<br \/><a href=\"https:\/\/www.litoralpress.cl\/sitio\/RadioTV_Detalles.cshtml?LPKey=677V2ZTIGSOBYD7B42BZZR3QQ2OJL24KX5ZR5ZT3DYRJZ6QH3TIROEFY33CGVD2ZANNDQYEQBGNUG\">Entrevista a Claudia Amigo, acad\u00e9mica de la Escuela de Enfermer\u00eda.\u00a0<\/a><br \/><br \/><\/div><div><b>G5 NOTICIAS<\/b>\u00a0<br \/><a href=\"https:\/\/g5noticias.cl\/2024\/06\/02\/microbiota-intestinal-por-que-es-esencial-para-nuestra-salud\/\">Microbiota intestinal: Por qu\u00e9 es esencial para nuestra salud. Se refiere Jos\u00e9 Luis Pino, acad\u00e9mico Escuela de Nutrici\u00f3n y Diet\u00e9tica.\u00a0<\/a><br \/><br \/><\/div><div><b>MEGANOTICIAS<\/b>\u00a0<br \/><a href=\"https:\/\/www.litoralpress.cl\/sitio\/RadioTV_Detalles.cshtml?LPKey=AQHJHM6ABWX7LZXY6OIYAETMEDPFKHZKA7KQYFHXVN5WAMLXVE44PXKOW3HOUDTHU2JIND4YUJCRM\">Actualidad pol\u00edtica: Panel con los diputados Vlado Mirosevic, Gael Yeomans, Flor Weisse, y Joanna P\u00e9rez. Se refiere Mauricio Morales, director Centro de An\u00e1lisis Pol\u00edtico (CAP). \u00a0<\/a><br \/><br \/><\/div><div><b>CANAL MEGA<\/b>\u00a0<br \/><a href=\"https:\/\/www.litoralpress.cl\/sitio\/RadioTV_Detalles.cshtml?LPKey=64ZISTOZLWMPDIAF766CPHY2D7C76SNQSSEJN5T75YNMOWLECEHEINPZPKQNKLSMAOMHWJNKMECV2\">Aborto enreda di\u00e1logo pol\u00edtico. Se refiere Mauricio Morales, director Centro de An\u00e1lisis Pol\u00edtico (CAP).\u00a0<\/a><br \/><br \/><\/div><div><b>MEGANOTICIAS<\/b>\u00a0<br \/><a href=\"https:\/\/www.meganoticias.cl\/nacional\/449039-mauricio-morales-gabriel-boric-jose-antonio-kast-cuenta-publica-fds01-02-06-2024.html\">Columna: &#8220;Boric y Kast se aman&#8221;. Se refiere Mauricio Morales, director Centro de An\u00e1lisis Pol\u00edtico (CAP).\u00a0<\/a><\/div><div>\u00a0<\/div><div><b>RADIO INFINITA<\/b>\u00a0<br \/><a href=\"https:\/\/www.litoralpress.cl\/sitio\/RadioTV_Detalles.cshtml?LPKey=N6D5RPTLBGMFWWZ67TFREWIHN4CGWXHR2D3N2BD4JMHUUBWZIKTGXA5RKF5UTFKCK5ID7EGYPTXMK\">Comentario de pol\u00edtica. Se refiere Mauricio Morales Quiroga, director Centro de An\u00e1lisis Pol\u00edtico (CAP).\u00a0<\/a><br \/><br \/><\/div><div><b>RADIO INFINITA<\/b>\u00a0<br \/><a href=\"https:\/\/www.infinita.cl\/programas\/lo-que-faltaba\/2024\/05\/30\/lo-que-faltaba-30-de-mayo-del-2024.html\">Lo que faltaba del d\u00eda. Se refiere Mauricio Morales Quiroga, director Centro de An\u00e1lisis Pol\u00edtico (CAP).\u00a0<\/a><br \/><br \/><b>RADIO AMIGA VALLENAR<\/b>\u00a0<br \/><a href=\"https:\/\/www.radioamigavallenar.cl\/?p=82200\">\u00bfImprudencia del PC? La caravana por Jadue que tension\u00f3 semana crucial para Boric. Se refiere Mauricio Morales Quiroga, director Centro de An\u00e1lisis Pol\u00edtico (CAP).\u00a0<\/a><br \/><br \/><\/div><div><b>CANAL MEGA<\/b>\u00a0<br \/><a href=\"https:\/\/www.litoralpress.cl\/sitio\/RadioTV_Detalles.cshtml?LPKey=HKVFVKNO6V4IJWKCOVFBBYJOHQY3M5DBSSLQQ6QLIHEUVSUEYVH5P5R6DH6SCJ6KLIHZHM3WYF23S\">El presidente Gabriel Boric realiz\u00f3 su cuenta p\u00fablica y anunci\u00f3 un nuevo sistema de financiamiento a la educaci\u00f3n p\u00fablica que reemplazar\u00e1 al CAE. Se refiere Mauricio Morales Quiroga, director Centro de An\u00e1lisis Pol\u00edtico (CAP).\u00a0<\/a><br \/><br \/><\/div><div><b>EL MERCURIO DE VALPARA\u00cdSO<\/b>\u00a0<br \/><a href=\"https:\/\/www.litoralpress.cl\/sitio\/Prensa_PaginaCompleta.cshtml?LPKey=WL7DNRZKFX74EPDHGXYKTAMOTEUKSDQY4SSSHTA2Z7IPBDM7U7TQ\">Las tendencias e incertidumbres que se instalan a cinco meses de las municipales. Se refiere Mario Herrera, acad\u00e9mico Facultad de Ciencias Jur\u00eddicas y Sociales.\u00a0<\/a><br \/><br \/><b>EMOL\u00a0<br \/><\/b><a href=\"https:\/\/www.emol.com\/noticias\/Nacional\/2024\/06\/02\/1132512\/discurso-boric-proximas-negociaciones-comicios.html\">&#8216;Ser\u00e1 utilizado&#8217;: C\u00f3mo el discurso de la tercera Cuenta P\u00fablica podr\u00eda influir en las pr\u00f3ximas negociaciones y comicios. Se refiere Mario Herrera, acad\u00e9mico Facultad de Ciencias Jur\u00eddicas y Sociales.\u00a0<\/a><br \/><br \/><\/div><div><b>RADIO NOST\u00c1LGICA<\/b>\u00a0<br \/><a href=\"https:\/\/www.nostalgica.cl\/sera-utilizado-como-el-discurso-de-la-tercera-cuenta-publica-podria-influir-en-las-proximas-negociaciones-y-comicios\/\">&#8216;Ser\u00e1 utilizado&#8217;: C\u00f3mo el discurso de la tercera Cuenta P\u00fablica podr\u00eda influir en las pr\u00f3ximas negociaciones y comicios. Se refiere Mario Herrera, acad\u00e9mico Facultad de Ciencias Jur\u00eddicas y Sociales.\u00a0<\/a><br \/><br \/><\/div><div><b>EL MERCURIO<\/b>\u00a0<br \/><a href=\"https:\/\/www.litoralpress.cl\/sitio\/Prensa_PaginaCompleta.cshtml?LPKey=VZBAQRCCIDN4UCAZV3KFRVJAA5K6LPGSLSX65TE2QQYJWHF7SCLQ\">La tecnolog\u00eda tambi\u00e9n ayuda a conocer el estado de los \u00e1rboles para evitar su ca\u00edda. Se menciona la Universidad de Talca. \u00a0<\/a><br \/><br \/><b>DIARIOS EN RED<\/b>\u00a0<br \/><a href=\"https:\/\/diariosenred.com\/regional\/capital-maulina-aborda-los-desafios-de-planificacion-urbana-relacionados\">Capital maulina aborda los desaf\u00edos de planificaci\u00f3n urbana relacionados al recurso h\u00eddrico, desastres y resiliencia en seminario \u201cTalca Ciudad Sostenible\u201d. Se menciona la Universidad de Talca.\u00a0<\/a><\/div><div>\u00a0<\/div><div><b>CNN CHILE<\/b>\u00a0<br \/><a href=\"https:\/\/www.cnnchile.com\/presentados\/congreso-nacional-de-ciencias-con-perspectiva-de-genero_20240531\/\">Expertas de Argentina y M\u00e9xico expondr\u00e1n en el primer Congreso Nacional de Ciencias con perspectiva de g\u00e9nero. Se menciona la Universidad de Talca.\u00a0<\/a><br \/><br \/><\/div><div><b>RADIO BIOB\u00cdO<\/b>\u00a0<br \/><a href=\"https:\/\/www.biobiochile.cl\/noticias\/artes-y-cultura\/actualidad-cultural\/2024\/05\/31\/mauricio-cepeda-director-hace-30-anos-que-el-viento-lleva-a-walymai-a-entregar-teatro.shtml\">Mauricio Cepeda, director: &#8220;Hace 30 a\u00f1os que el viento lleva a Walymai a entregar teatro&#8221;. Se menciona la Universidad de Talca.\u00a0<\/a><br \/><br \/><\/div><div><b>SIMFRUIT<\/b>\u00a0<br \/><a href=\"https:\/\/www.simfruit.cl\/pomaexpo-2024-presentara-las-alternativas-varietales-para-la-industria-manzanera\/\">PomaExpo 2024 presentar\u00e1 las alternativas varietales para la industria manzanera. Se menciona la Universidad de Talca.\u00a0<\/a><br \/><br \/><\/div><div><b>UNIVERSIDAD DE MAGALLANES<\/b>\u00a0<br \/><a href=\"http:\/\/www.umag.cl\/vcm\/?p=73607\">Profesionales de Magallanes finalizan curso gratuito sobre tecnolog\u00edas del hidr\u00f3geno verde. Se menciona la Universidad de Talca. \u00a0<\/a><br \/><br \/><\/div><div><b>RADIO POLAR<\/b>\u00a0<br \/><a href=\"https:\/\/www.radiopolar.com\/profesionales-magallanes-finalizan-curso-gratuito-viraliza-corfo-tecnologias-hidrogeno-verde\">Profesionales de magallanes finalizan curso gratuito viraliza CORFO sobre tecnolog\u00edas del hidr\u00f3geno verde. Se menciona la Universidad de Talca.\u00a0<\/a><br \/><br \/><\/div><div><b>ITV PATAGONIA<\/b>\u00a0<br \/><a href=\"https:\/\/www.itvpatagonia.com\/noticias\/salud\/31-05-2024\/exitosa-certificacion-de-profesionales-en-tecnologias-de-produccion-de-hidrogeno-verde-en-magallanes\/\">Exitosa certificaci\u00f3n de profesionales en tecnolog\u00edas de producci\u00f3n de Hidr\u00f3geno Verde en Magallanes. Se menciona la Universidad de Talca.\u00a0<\/a><br \/><br \/><\/div><div><b>UNIVERSIDAD DE VALPARA\u00cdSO<\/b>\u00a0<br \/><a href=\"https:\/\/uv.cl\/archivo-noticias-uv\/26791-estudiantes-de-odontologia-de-universidades-estatales-rinden-el-segundo-piloto-del-examen-nacional-de-odontologia\">Estudiantes de Odontolog\u00eda de universidades estatales rinden el segundo piloto del Examen Nacional de Odontolog\u00eda. Se menciona la Universidad de Talca.\u00a0<\/a><br \/><br \/><\/div><div><b>RADIO UNIVERSIDAD DE CHILE<\/b>\u00a0<br \/><a href=\"https:\/\/odontologia.uchile.cl\/noticias\/216935\/red-estatal-de-odontologia-aplico-examen-nacional-odontologico-2024\">Red Estatal de Odontolog\u00eda aplic\u00f3 Examen Nacional Odontol\u00f3gico 2024. Se menciona la Universidad de Talca.\u00a0<\/a><br \/><br \/><\/div><div class=\"x_elementToProof\"><b>G5 NOTICIAS<\/b>\u00a0<br \/><a href=\"https:\/\/g5noticias.cl\/2024\/05\/31\/estudiantes-de-odontologia-de-universidades-estatales-rinden-el-segundo-piloto-del-examen-nacional-de-odontologia\/\">Estudiantes de Odontolog\u00eda de universidades estatales rinden el segundo piloto del Examen Nacional de Odontolog\u00eda. Se menciona la Universidad de Talca.\u00a0<\/a><br \/><br \/><\/div>\t\t\t\t\t\t<\/div>\n\t\t\t\t<\/div>\n\t\t\t\t\t<\/div>\n\t\t<\/div>\n\t\t\t\t\t\t\t<\/div>\n\t\t<\/section>\n\t\t\t\t\t\t<\/div>\n\t\t\t\t\t<\/div>\n\t\t","protected":false},"excerpt":{"rendered":"<p>AD PRENSA\u00a0UTalca capacit\u00f3 a los 13 hospitales del Maule sobre su modelo de gesti\u00f3n en competencias. Se refiere Carlos Torres Fuchslocher, rector y Stefanie San Mart\u00edn, jefa de Departamento de Desarrollo de Personas.\u00a0\u00a0MEDIABANCO\u00a0UTalca capacit\u00f3 a los 13 hospitales del Maule sobre su modelo de gesti\u00f3n en competencias. Se refiere Carlos Torres Fuchslocher, rector y Stefanie &hellip;<\/p>\n<p class=\"read-more\"> <a class=\"\" href=\"https:\/\/www.reportedeprensa.utalca.cl\/?p=9912\"> <span class=\"screen-reader-text\">03 de junio de 2024<\/span> Read More &raquo;<\/a><\/p>\n","protected":false},"author":1,"featured_media":0,"comment_status":"closed","ping_status":"open","sticky":false,"template":"","format":"standard","meta":{"_monsterinsights_skip_tracking":false,"_monsterinsights_sitenote_active":false,"_monsterinsights_sitenote_note":"","_monsterinsights_sitenote_category":0},"categories":[49],"tags":[],"_links":{"self":[{"href":"https:\/\/www.reportedeprensa.utalca.cl\/index.php?rest_route=\/wp\/v2\/posts\/9912"}],"collection":[{"href":"https:\/\/www.reportedeprensa.utalca.cl\/index.php?rest_route=\/wp\/v2\/posts"}],"about":[{"href":"https:\/\/www.reportedeprensa.utalca.cl\/index.php?rest_route=\/wp\/v2\/types\/post"}],"author":[{"embeddable":true,"href":"https:\/\/www.reportedeprensa.utalca.cl\/index.php?rest_route=\/wp\/v2\/users\/1"}],"replies":[{"embeddable":true,"href":"https:\/\/www.reportedeprensa.utalca.cl\/index.php?rest_route=%2Fwp%2Fv2%2Fcomments&post=9912"}],"version-history":[{"count":11,"href":"https:\/\/www.reportedeprensa.utalca.cl\/index.php?rest_route=\/wp\/v2\/posts\/9912\/revisions"}],"predecessor-version":[{"id":9931,"href":"https:\/\/www.reportedeprensa.utalca.cl\/index.php?rest_route=\/wp\/v2\/posts\/9912\/revisions\/9931"}],"wp:attachment":[{"href":"https:\/\/www.reportedeprensa.utalca.cl\/index.php?rest_route=%2Fwp%2Fv2%2Fmedia&parent=9912"}],"wp:term":[{"taxonomy":"category","embeddable":true,"href":"https:\/\/www.reportedeprensa.utalca.cl\/index.php?rest_route=%2Fwp%2Fv2%2Fcategories&post=9912"},{"taxonomy":"post_tag","embeddable":true,"href":"https:\/\/www.reportedeprensa.utalca.cl\/index.php?rest_route=%2Fwp%2Fv2%2Ftags&post=9912"}],"curies":[{"name":"wp","href":"https:\/\/api.w.org\/{rel}","templated":true}]}}