{"id":9937,"date":"2024-06-04T12:56:22","date_gmt":"2024-06-04T15:56:22","guid":{"rendered":"https:\/\/www.reportedeprensa.utalca.cl\/?p=9937"},"modified":"2024-06-04T13:02:37","modified_gmt":"2024-06-04T16:02:37","slug":"04-de-junio-de-2024","status":"publish","type":"post","link":"https:\/\/www.reportedeprensa.utalca.cl\/?p=9937","title":{"rendered":"04 de junio de 2024"},"content":{"rendered":"\t\t<div data-elementor-type=\"wp-post\" data-elementor-id=\"9937\" class=\"elementor elementor-9937\" data-elementor-settings=\"[]\">\n\t\t\t\t\t\t\t<div class=\"elementor-section-wrap\">\n\t\t\t\t\t\t\t<section class=\"elementor-section elementor-top-section elementor-element elementor-element-bcea1a8 elementor-section-boxed elementor-section-height-default elementor-section-height-default\" data-id=\"bcea1a8\" data-element_type=\"section\">\n\t\t\t\t\t\t<div class=\"elementor-container elementor-column-gap-default\">\n\t\t\t\t\t<div class=\"elementor-column elementor-col-100 elementor-top-column elementor-element elementor-element-e7183bf\" data-id=\"e7183bf\" data-element_type=\"column\">\n\t\t\t<div class=\"elementor-widget-wrap elementor-element-populated\">\n\t\t\t\t\t\t\t\t<div class=\"elementor-element elementor-element-58d7315 elementor-widget elementor-widget-text-editor\" data-id=\"58d7315\" data-element_type=\"widget\" data-widget_type=\"text-editor.default\">\n\t\t\t\t<div class=\"elementor-widget-container\">\n\t\t\t\t\t\t\t\t<div><b>LA TERCERA<\/b><\/div><div><a href=\"https:\/\/www.litoralpress.cl\/paginaconsultas\/Servicios_NClipSitio\/Get_Imagen_Nota.aspx?LPKey=BV5CQU76LOMAV5VVPTTKW5ZC3QHBNK4BAIBJ2NKLE7WLZL2SQYANXQEVNPDVHL2LGHCCQ22LUF3FC\">Reemplazo del CAE. Se refiere Carlos Torres Fuchslocher, rector.\u00a0<\/a><b><\/b><\/div><div>\u00a0<\/div><div><b>EL MERCURIO\u00a0<br \/><\/b><a href=\"https:\/\/www.litoralpress.cl\/paginaconsultas\/Servicios_NClipSitio\/Get_Imagen_Nota.aspx?LPKey=RFWYZQJ3JGBOTHXVS3HBG4Q7PO4UI42KSM3NH6L6RKSKLIXEFJAROSMKYW5KAY6TPN2LHYJ4TOLC4\">PORTADA EL MERCURIO (A) Partituras de hasta 170 a\u00f1os revelan desconocida vida en Talca.<\/a><b><br \/><\/b><b><a id=\"OWAe460d56f-d749-d490-4fe0-541969412350\" class=\"x_x_Hyperlink x_x_SCXW79203823 x_x_BCX0 x_x_OWAAutoLink\" href=\"https:\/\/www.litoralpress.cl\/paginaconsultas\/Servicios_NClipSitio\/Get_Imagen_Nota.aspx?LPKey=RFWYZQJ3JGBOTHXVS3HBG4Q7PO4UI42KSM3NH6L6RKSKLIXEFJAROSMKYW5KAY6TPN2LHYJ4TOLC4\" target=\"_blank\" rel=\"noopener noreferrer\" data-auth=\"NotApplicable\" data-linkindex=\"1\"><\/a><\/b><b>\u00a0<\/b><\/div><div><b>EL MERCURIO\u00a0<br \/><\/b><a href=\"https:\/\/www.litoralpress.cl\/paginaconsultas\/Servicios_NClipSitio\/Get_Imagen_Nota.aspx?LPKey=HXMXHDDEVVHIBI3SELR4S3AWBK5FRJ7L47APYCHDMITEIHCH7BLVFDXYICZWV3ALE4CJH22YW3CXG\">Partituras de hasta 170 a\u00f1os revelan desconocida vida en Talca. Se refiere Jos\u00e9 Miguel Ramos Fuentes, acad\u00e9mico de la Escuela de M\u00fasica.\u00a0<\/a><\/div><div><b>\u00a0<\/b><\/div><div><b>EL MERCURIO\u00a0<br \/><\/b><a href=\"https:\/\/www.litoralpress.cl\/paginaconsultas\/Servicios_NClipSitio\/Get_Imagen_Nota.aspx?LPKey=UODGCP6ZMQLSS73PYC6F6GFTDL2N67IAXH6MUYNAM2USQSBG5V6E7KZIIS4ZNYV53IKAESU7FM6IK\">Estos son algunos de los beneficios de la amistad intergeneracional. Se refiere Emilio Moyano D\u00edaz, acad\u00e9mico de la Facultad de Psicolog\u00eda.\u00a0<\/a><b><br \/><\/b><b><\/b><\/div><div>\u00a0<\/div><div><b>CANAL TVN &#8211; 24 HORAS CENTRAL<\/b>\u00a0<\/div><div><a href=\"https:\/\/www.litoralpress.cl\/sitio\/RadioTV_Detalles.cshtml?LPKey=423NXSLFZI6T7IO6G5KXTTJNDRNFDPYBTZEXMVIAVRO4DE7ERJDQIF2UKAHDYV7GDUWHJSUISKJPI\">Autoridades se preparan debido a sistema frontal. Se refiere Patricio Gonz\u00e1lez Colville, agroclimat\u00f3logo y acad\u00e9mico del Centro de Investigaci\u00f3n y Transferencia en Riego y Agroclimatolog\u00eda (CITRA).\u202f\u202f\u00a0<\/a><b><br \/><\/b><\/div><div>\u00a0<\/div><div><b>LA TERCERA\u00a0<br \/><\/b><a href=\"https:\/\/www.litoralpress.cl\/paginaconsultas\/Servicios_NClipSitio\/Get_Imagen_Nota.aspx?LPKey=ZQENEYRSTSDCDMUMA3J2EZ5TW2M65EJCVXPSKGJJVS25LZPZJFB73FNZAGUKUDT3SEIV7DAKKIVRK\">Invierno parte con sistema frontal: estos son los r\u00e9cords que dej\u00f3 el oto\u00f1o. Se refiere Patricio Gonz\u00e1lez Colville, agroclimat\u00f3logo y acad\u00e9mico del Centro de Investigaci\u00f3n y Transferencia en Riego y Agroclimatolog\u00eda (CITRA).\u202f\u202f\u00a0<\/a><\/div><div>\u00a0<\/div><div><b>DIARIO TALCA<\/b>\u00a0<br \/><a href=\"https:\/\/www.litoralpress.cl\/paginaconsultas\/Servicios_NClipSitio\/Get_Imagen_Nota.aspx?LPKey=RYBQGMBCW4TQ7K74TA2NBE2MFZPE5ZTRE6YXSFKSJXXLXLKZOJJZ6BXQAAMS4KUSZXCYD6QS73VYY\">Este invierno ser\u00e1 m\u00e1s fr\u00edo que el anterior. Se refiere Patricio Gonz\u00e1lez Colville, agroclimat\u00f3logo y acad\u00e9mico del Centro de Investigaci\u00f3n y Transferencia en Riego y Agroclimatolog\u00eda (CITRA).\u202f\u202f\u00a0<\/a><br \/><br \/><\/div><div><b>LA PRENSA DE CURIC\u00d3<\/b>\u00a0<br \/><a href=\"https:\/\/www.litoralpress.cl\/paginaconsultas\/Servicios_NClipSitio\/Get_Imagen_Nota.aspx?LPKey=PPQOBUKW7TGFHJW54NSP5HHXW34CL4CIE2S2MEDY7RR5PNQZAY33ZYA7HMIA4ZWEQUN3ME2A62EYE\">Agroclimat\u00f3logo aclara c\u00f3mo ser\u00e1 pr\u00f3ximo sistema frontal. Se refiere Patricio Gonz\u00e1lez Colville, agroclimat\u00f3logo y acad\u00e9mico del Centro de Investigaci\u00f3n y Transferencia en Riego y Agroclimatolog\u00eda (CITRA).\u202f\u202f\u00a0<\/a><br \/><br \/><\/div><div><b>RADIO BIOB\u00cdO<\/b>\u00a0<br \/><a href=\"https:\/\/www.litoralpress.cl\/sitio\/RadioTV_Detalles.cshtml?LPKey=7MQLGHE5BCWG3W7BEEQ47TC7SBT3WCYGKH4QAH7QYVPXB262ZELZC7KWXB5Z26VTGS7BNLJYKVZO2\">Alerta por precipitaciones moderadas a fuertes con isotermas cero alta entre las regiones del Maule y Biob\u00edo. Se refiere Patricio Gonz\u00e1lez Colville, agroclimat\u00f3logo y acad\u00e9mico del Centro de Investigaci\u00f3n y Transferencia en Riego y Agroclimatolog\u00eda (CITRA).\u202f\u202f\u00a0<\/a><br \/><br \/><\/div><div><b>RADIO BIOB\u00cdO<\/b>\u00a0<br \/><a href=\"https:\/\/www.litoralpress.cl\/sitio\/RadioTV_Detalles.cshtml?LPKey=X6ZWRN7ABJ5QJHY2OMURYVBFTL73AM5GNEOQQESBURMC46PVIEHX4JPLRGAXQSQ52W3P3VBKP66OS\">La Direcci\u00f3n Meteorol\u00f3gica emiti\u00f3 una directa por precipitaciones moderadas a fuertes con isotermas cero alta en las regiones de Maule y Biob\u00edo. Se refiere Patricio Gonz\u00e1lez Colville, agroclimat\u00f3logo y acad\u00e9mico del Centro de Investigaci\u00f3n y Transferencia en Riego y Agroclimatolog\u00eda (CITRA).\u202f\u202f\u00a0<\/a><br \/><br \/><\/div><div><b>RADIO UNIVERSIDAD DE SANTIAGO DE CHILE<\/b>\u00a0<br \/><a href=\"https:\/\/www.litoralpress.cl\/sitio\/RadioTV_Detalles.cshtml?LPKey=QFWIWG5NKTXPHPGCI67ZVMRCGUPIL7N6GNNJEIBJZ7QU75H4NWJJYOTN5YBI2X2FFX3XMJWXFU7QC\">Entrevista a Patricio Gonz\u00e1lez Colville, agroclimat\u00f3logo y acad\u00e9mico del Centro de Investigaci\u00f3n y Transferencia en Riego y Agroclimatolog\u00eda (CITRA).\u202f\u202f\u00a0<\/a><br \/><br \/><\/div><div><b>TV5 LINARES<\/b>\u00a0<br \/><a href=\"https:\/\/www.litoralpress.cl\/sitio\/RadioTV_Detalles.cshtml?LPKey=BNXTB4FVGM2Q6B4QCNICNDPXTNWRZZYOTSAXLKI43US7N25PIHXZSO5GYC2T7EDBFG4LQUBJE2PMA\">Pron\u00f3sticos indican que vendr\u00e1 un episodio de lluvias intenso durante la pr\u00f3xima semana. Se refiere Patricio Gonz\u00e1lez Colville, agroclimat\u00f3logo y acad\u00e9mico del Centro de Investigaci\u00f3n y Transferencia en Riego y Agroclimatolog\u00eda (CITRA).\u202f\u202f\u00a0<\/a><br \/><br \/><\/div><div><b>RADIO FRECUENCIA UNO LINARES<\/b>\u00a0<br \/><a href=\"https:\/\/www.litoralpress.cl\/sitio\/RadioTV_Detalles.cshtml?LPKey=J3DXK577SHMDTSD7Y7LJD37AMJT7S7QXE52J27MKKRGP7XM43KXFIVFY3X2FSZ43CZ2KMCYTITWIO\">El Maule se prepara para sistema frontal. Se refiere Patricio Gonz\u00e1lez Colville, agroclimat\u00f3logo y acad\u00e9mico del Centro de Investigaci\u00f3n y Transferencia en Riego y Agroclimatolog\u00eda (CITRA).\u202f\u202f\u00a0<\/a><\/div><div>\u00a0<\/div><div><b>EL MOSTRADOR<\/b>\u00a0<br \/><a href=\"https:\/\/www.elmostrador.cl\/agenda-pais\/2024\/06\/03\/ciclon-en-chile-agroclimatologo-aclara-como-sera-el-sistema-frontal-que-se-presentara-en-el-pais\/\">Cicl\u00f3n en Chile: Agroclimat\u00f3logo aclara c\u00f3mo ser\u00e1 el sistema frontal que se presentar\u00e1 en el pa\u00eds. Se refiere Patricio Gonz\u00e1lez Colville, agroclimat\u00f3logo y acad\u00e9mico del Centro de Investigaci\u00f3n y Transferencia en Riego y Agroclimatolog\u00eda (CITRA).\u202f\u202f\u00a0<\/a><br \/><br \/><\/div><div><b>TIERRA AMARILLANO<\/b>\u00a0<br \/><a href=\"https:\/\/tierramarillano.cl\/2024\/06\/03\/ciclon-en-chile-agroclimatologo-aclara-como-sera-el-sistema-frontal-que-se-presentara-en-el-pais\/\">Cicl\u00f3n en Chile: Agroclimat\u00f3logo aclara c\u00f3mo ser\u00e1 el sistema frontal que se presentar\u00e1 en el pa\u00eds. Se refiere Patricio Gonz\u00e1lez Colville, agroclimat\u00f3logo y acad\u00e9mico del Centro de Investigaci\u00f3n y Transferencia en Riego y Agroclimatolog\u00eda (CITRA).\u202f\u202f\u00a0<\/a><br \/><br \/><\/div><div><b>LA DISCUSI\u00d3N<\/b>\u00a0<br \/><a href=\"https:\/\/www.ladiscusion.cl\/alerta-en-nuble-preven-intensas-lluvias-y-fuertes-vientos\/\">Alerta en \u00d1uble: Prev\u00e9n intensas lluvias y fuertes vientos. Se refiere Patricio Gonz\u00e1lez Colville, agroclimat\u00f3logo y acad\u00e9mico del Centro de Investigaci\u00f3n y Transferencia en Riego y Agroclimatolog\u00eda (CITRA).\u202f<\/a>\u202f\u00a0<br \/><br \/><\/div><div><b>RADIOS REGIONALES<\/b>\u00a0<br \/><a href=\"https:\/\/radiosregionales.cl\/regionales\/lluvias-y-viento-emiten-alerta-meteorologica-para-tres-regiones-del-pais\">Lluvias y viento: Emiten alerta meteorol\u00f3gica para tres regiones del pa\u00eds. Se refiere Patricio Gonz\u00e1lez Colville, agroclimat\u00f3logo y acad\u00e9mico del Centro de Investigaci\u00f3n y Transferencia en Riego y Agroclimatolog\u00eda (CITRA).\u00a0\u00a0 \u00a0<\/a><br \/><br \/><\/div><div><b>CANAL CNN\u00a0<br \/><\/b><a href=\"https:\/\/www.litoralpress.cl\/sitio\/RadioTV_Detalles.cshtml?LPKey=IDGJQR7E7FOQSXZXPORNCKIMZQ4RNNJKEX5WU2PX5LWCPJTTQ5DLODMCLIFND6UFNYLKC5I7Z7X7I\">Recomendaciones para este Cyber Day 2024. Se refiere Milton Inostroza Mu\u00f1oz, acad\u00e9mico de la Facultad de Econom\u00eda y Negocios.\u00a0<\/a><b><br \/><\/b><\/div><div>\u00a0<\/div><div><b>\u00daLTIMA HORA<\/b>\u00a0<br \/><a href=\"https:\/\/www.ultimahora.cl\/cyberday-2024-estiman-que-ventas-online-podrian-llegar-a-los-500-millones-de-dolares\/\">CyberDay 2024: Estiman que ventas online podr\u00edan llegar a los 500 millones de d\u00f3lares. Milton Inostroza Mu\u00f1oz, acad\u00e9mico de la Facultad de Econom\u00eda y Negocios. \u00a0<\/a><br \/><br \/><\/div><div><b>G5 NOTICIAS<\/b>\u00a0<br \/><a href=\"https:\/\/www.adprensa.cl\/cronica\/cyberday-2024-estiman-que-ventas-online-podrian-llegar-a-los-500-millones-de-dolares\/\">CyberDay 2024: Estiman que ventas online podr\u00edan llegar a los 500 millones de d\u00f3lares. Se refiere Milton Inostroza, acad\u00e9mico de la Facultad de Econom\u00eda y Negocios.\u00a0 \u00a0<\/a><br \/><br \/><\/div><div><b>AD PRENSA<\/b>\u00a0<br \/><a href=\"https:\/\/www.adprensa.cl\/cronica\/cyberday-2024-estiman-que-ventas-online-podrian-llegar-a-los-500-millones-de-dolares\/\">CyberDay 2024: Estiman que ventas online podr\u00edan llegar a los 500 millones de d\u00f3lares. Se refiere Milton Inostroza Mu\u00f1oz, acad\u00e9mico de la Facultad de econom\u00eda y Negocios. \u00a0<\/a><br \/><br \/><\/div><div><b>MEDIABANCO<\/b>\u00a0<br \/><a href=\"https:\/\/www.ladiscusion.cl\/alerta-en-nuble-preven-intensas-lluvias-y-fuertes-vientos\/\">CyberDay 2024: Estiman que ventas online podr\u00edan llegar a los 500 millones de d\u00f3lares. Se refiere Milton Inostroza, acad\u00e9mico de la Facultad de Econom\u00eda y Negocios.\u00a0\u00a0<\/a><\/div><div>\u00a0<\/div><div><b>RADIO ALLEN<\/b>\u00a0<br \/><a href=\"https:\/\/radioallen.cl\/cyberday-2024-estiman-que-ventas-online-podrian-llegar-a-los-500-millones-de-dolares\/\">CyberDay 2024: Estiman que ventas online podr\u00edan llegar a los 500 millones de d\u00f3lares. Se refiere Milton Inostroza Mu\u00f1oz, acad\u00e9mico de la Facultad de econom\u00eda y Negocios. \u00a0<\/a><\/div><div>\u00a0<\/div><div><b>PUBLIMICRO\u00a0<br \/><\/b><a href=\"https:\/\/publimicro.cl\/universidad-de-talca-capacito-a-los-13-hospitales-del-maule-sobre-su-modelo-de-gestion-en-competencias\/\">Universidad de Talca capacit\u00f3 a los 13 hospitales del Maule, sobre su modelo de gesti\u00f3n en competencias. Se refiere Stefanie San Mart\u00edn Alcantar, jefa de Departamento de Desarrollo de Personas\u00a0<\/a><b><br \/><\/b><\/div><div>\u00a0<\/div><div><b>RADIO LAUTARO <\/b>\u00a0<br \/><a href=\"https:\/\/radiolautarotalca.cl\/hospitales-de-la-red-asistencial-del-maule-fueron-capacitados-en-modelo-de-competencias-por-la-utalca\/\">Hospitales de la red asistencial del Maule fueron capacitados en modelo de competencias por la UTalca. Se refiere Stefanie San Mart\u00edn Alcantar, jefa de Departamento de Desarrollo de Personas.\u00a0<\/a><br \/><br \/><\/div><div><b>DIARIO TALCA\u00a0<br \/><\/b><a href=\"https:\/\/www.litoralpress.cl\/paginaconsultas\/Servicios_NClipSitio\/Get_Imagen_Nota.aspx?LPKey=7ATR4GIJR57EXZW4DJR2JEVAYYYC3Q52OHI6XLV72AN5KPMSD2TAIIMHK3ROVKSF4DESEVF37G5VW\">Universidad y Hospital de Curic\u00f3 realizan jornada de psiquiatr\u00eda. Se refiere Ernesto Sol\u00eds, director de la Escuela de Medicina y Ver\u00f3nica Vitriol, directora Especializaci\u00f3n en Psiquiatr\u00eda.\u00a0\u00a0 \u00a0<\/a><b><br \/><\/b><\/div><div>\u00a0<\/div><div><b>REVISTA ECOCIENCIAS<\/b>\u00a0<br \/><a href=\"https:\/\/revistaecociencias.cl\/2024\/06\/03\/universidad-de-talca-lanzo-proyecto-inclusivo-sobre-astronomia-que-acerca-el-universo-a-la-comunidad-maulina\/\">Universidad de Talca lanz\u00f3 proyecto inclusivo que acercar\u00e1 la astronom\u00eda y el universo a toda la comunidad maulina. Se refiere Roy Slater, acad\u00e9mico de la Facultad de Ingenier\u00eda. \u00a0<\/a><br \/><br \/><\/div><div><b>LA PRENSA DE CURIC\u00d3<\/b>\u00a0<br \/><a href=\"https:\/\/www.litoralpress.cl\/paginaconsultas\/Servicios_NClipSitio\/Get_Imagen_Nota.aspx?LPKey=4HV2EAJMRVBB3UMMBDK2B4F62SIAURJBB7SFQBZPMXV5RSSCECCKIYXN7NLWR7WEGVHXOVQCB2344\">Proyecto inclusivo sobre astronom\u00eda busca acercar el universo a maulinos. Se refiere Roy Salter, acad\u00e9mico de la Facultad de Ingenier\u00eda. \u00a0<\/a><br \/><br \/><\/div><div><b>LA PRENSA DE CURIC\u00d3<\/b>\u00a0<br \/><a href=\"https:\/\/www.litoralpress.cl\/paginaconsultas\/Servicios_NClipSitio\/Get_Imagen_Nota.aspx?LPKey=7ELV4GI5X2OFGHGP4SDQKQ7SNJNNDINVIA3VAUB2YC7ZF33344PZHPNXNRTLDGWEF4EKWVSZB3LW4\">Advierten sobre d\u00e9ficit de profesionales ligados al \u00e1mbito de la ciberseguridad. Se refiere Rodrigo Herrera Leiva, decano de la Facultad de Econom\u00eda y Negocios.\u00a0<\/a><br \/><br \/><\/div><div><b>TV5 LINARES<\/b>\u00a0<br \/><a href=\"https:\/\/www.litoralpress.cl\/sitio\/RadioTV_Detalles.cshtml?LPKey=HRLZOD5XZDOTQRGRILF6BEGI76DDUHRHEMPELZF5GDJNIYNRKSSKLASPSPBEQ2LY3UZQCFJMQVOT4\">Seminario PDI UTalca sobre ciberseguridad. Se refiere Rodrigo Herrera, Decano de la Facultad de Econom\u00eda y Negocios.\u00a0<\/a><br \/><br \/><\/div><div><b>PORTAL INNOVA<\/b>\u00a0<br \/><a href=\"https:\/\/portalinnova.cl\/chile-requiere-mas-de-28-mil-profesionales-en-el-ambito-de-la-ciberseguridad\/\">Chile requiere m\u00e1s de 28 mil profesionales en el \u00e1mbito de la ciberseguridad. Se refiere Rodrigo Herrera Leiva, acad\u00e9mico de la Facultad de Econom\u00eda y Negocios.\u00a0<\/a><\/div><div>\u00a0<\/div><div><b>G5 NOTICIAS\u00a0<br \/><\/b><a href=\"https:\/\/g5noticias.cl\/2024\/06\/02\/microbiota-intestinal-por-que-es-esencial-para-nuestra-salud\/\">Microbiota intestinal: Por qu\u00e9 es esencial para nuestra salud. Se refiere Jos\u00e9 Luis Pino Villal\u00f3n, acad\u00e9mico de la Escuela de Nutrici\u00f3n y Diet\u00e9tica.\u00a0<\/a><\/div><div>\u00a0<\/div><div><b>EL MERCURIO\u00a0<br \/><\/b><a href=\"https:\/\/www.litoralpress.cl\/paginaconsultas\/Servicios_NClipSitio\/Get_Imagen_Nota.aspx?LPKey=56RSFIC3RKJ6MUVPJPYFXVD3D5WP2EJ6AZRXSNI6LM7FPJH4CUAMFL5XX63MOL56IZJVR3PJSQK2A\">Agenda aborto-eutanasia podr\u00eda implicar una &#8220;par\u00e1lisis legislativa&#8221; alertan parlamentarios. Se refiere Mauricio Morales Quiroga, director Centro de An\u00e1lisis Pol\u00edtico (CAP).\u00a0<\/a><b><br \/><\/b><\/div><div>\u00a0<\/div><div><b>CANAL MEGA<\/b>\u00a0<br \/><a href=\"https:\/\/www.litoralpress.cl\/sitio\/RadioTV_Detalles.cshtml?LPKey=64ZISTOZLWMPDIAF766CPHY2D7C76SNQSSEJN5T75YNMOWLECEHEINPZPKQNKLSMAOMHWJNKMECV2\">Aborto enreda di\u00e1logo pol\u00edtico. Se refiere Mauricio Morales Quiroga, director Centro de An\u00e1lisis Pol\u00edtico (CAP).\u00a0<\/a><br \/><br \/><\/div><div><b>CANAL MEGANOTICIAS<\/b>\u00a0<br \/><a href=\"https:\/\/www.litoralpress.cl\/sitio\/RadioTV_Detalles.cshtml?LPKey=75LYLW2LWX5TRVTKUBKFUIYZS6CBXBGBGPE4Y2ETAOWD7DOQDFP6GQWHBPRLIGVGDGSD6GBX2PWBM\">Entrevista a Mauricio Morales Quiroga, director Centro de An\u00e1lisis Pol\u00edtico (CAP).\u00a0<\/a><br \/><br \/><\/div><div><b>MEGANOTICIAS<\/b>\u00a0<br \/><a href=\"https:\/\/www.meganoticias.cl\/nacional\/449039-mauricio-morales-gabriel-boric-jose-antonio-kast-cuenta-publica-fds01-02-06-2024.html\">&#8220;Boric y Kast se aman&#8221;. Se refiere Mauricio Morales Quiroga, director Centro de An\u00e1lisis Pol\u00edtico (CAP). \u00a0<\/a><\/div><div>\u00a0<\/div><div><b>EMOL<\/b>\u00a0<br \/><a href=\"https:\/\/www.emol.com\/noticias\/Economia\/2024\/06\/02\/1132561\/proyecciones-economistas-imacec-abril-2024.html\">Este lunes se conoce la cifra del Imacec de abril: Economistas proyectan que podr\u00eda acercarse hasta el 4%. Se refiere Rodrigo Saens, acad\u00e9mico de la Facultad de Econom\u00eda y Negocios.\u00a0<\/a><br \/><br \/><\/div><div><b>EL MERCURIO DE VALPARA\u00cdSO<\/b>\u00a0<br \/><a href=\"https:\/\/www.litoralpress.cl\/paginaconsultas\/Servicios_NClipSitio\/Get_Imagen_Nota.aspx?LPKey=25ZCKXH5D5XXVQ252U52L4HFIO24YVD2Q5HSIJUISFN4UJDV3EEJWV7FQXC5Q7WEJM6ZVGHQ7ZY3O\">Las tendencias e incertidumbres que se instalan a cinco meses de las municipales. Se refiere Mario Herrera Mu\u00f1oz, acad\u00e9mico del Centro de An\u00e1lisis Pol\u00edtico ( CAP).\u00a0<\/a><\/div><div>\u00a0<\/div><div><b>DIARIO EL CENTRO<\/b>\u00a0<br \/><a href=\"https:\/\/www.diarioelcentro.cl\/2024\/06\/03\/cuenta-publica-presidencial-2024-primera-parte\/\">Cuenta P\u00fablica Presidencial 2024, Primera Parte. Se refiere Emilio Moyano D\u00edaz, acad\u00e9mico de la Facultad de Psicolog\u00eda. \u00a0<\/a><br \/><br \/><\/div><div><b>RADIO LAUTARO<\/b>\u00a0<br \/><a href=\"https:\/\/radiolautarotalca.cl\/en-talca-se-efectuo-seminario-que-abordo-los-desafios-de-planificacion-urbana-con-foco-en-los-recursos-hidricos\/\">En Talca se efectu\u00f3 seminario que abord\u00f3 los desaf\u00edos de planificaci\u00f3n urbana con foco en los recursos h\u00eddricos. Se menciona la Universidad de Talca.\u00a0<\/a><br \/><br \/><\/div>\t\t\t\t\t\t<\/div>\n\t\t\t\t<\/div>\n\t\t\t\t\t<\/div>\n\t\t<\/div>\n\t\t\t\t\t\t\t<\/div>\n\t\t<\/section>\n\t\t\t\t\t\t<\/div>\n\t\t\t\t\t<\/div>\n\t\t","protected":false},"excerpt":{"rendered":"<p>LA TERCERAReemplazo del CAE. Se refiere Carlos Torres Fuchslocher, rector.\u00a0\u00a0EL MERCURIO\u00a0PORTADA EL MERCURIO (A) Partituras de hasta 170 a\u00f1os revelan desconocida vida en Talca.\u00a0EL MERCURIO\u00a0Partituras de hasta 170 a\u00f1os revelan desconocida vida en Talca. Se refiere Jos\u00e9 Miguel Ramos Fuentes, acad\u00e9mico de la Escuela de M\u00fasica.\u00a0\u00a0EL MERCURIO\u00a0Estos son algunos de los beneficios de la amistad &hellip;<\/p>\n<p class=\"read-more\"> <a class=\"\" href=\"https:\/\/www.reportedeprensa.utalca.cl\/?p=9937\"> <span class=\"screen-reader-text\">04 de junio de 2024<\/span> Read More &raquo;<\/a><\/p>\n","protected":false},"author":1,"featured_media":0,"comment_status":"closed","ping_status":"open","sticky":false,"template":"","format":"standard","meta":{"_monsterinsights_skip_tracking":false,"_monsterinsights_sitenote_active":false,"_monsterinsights_sitenote_note":"","_monsterinsights_sitenote_category":0},"categories":[49],"tags":[],"_links":{"self":[{"href":"https:\/\/www.reportedeprensa.utalca.cl\/index.php?rest_route=\/wp\/v2\/posts\/9937"}],"collection":[{"href":"https:\/\/www.reportedeprensa.utalca.cl\/index.php?rest_route=\/wp\/v2\/posts"}],"about":[{"href":"https:\/\/www.reportedeprensa.utalca.cl\/index.php?rest_route=\/wp\/v2\/types\/post"}],"author":[{"embeddable":true,"href":"https:\/\/www.reportedeprensa.utalca.cl\/index.php?rest_route=\/wp\/v2\/users\/1"}],"replies":[{"embeddable":true,"href":"https:\/\/www.reportedeprensa.utalca.cl\/index.php?rest_route=%2Fwp%2Fv2%2Fcomments&post=9937"}],"version-history":[{"count":4,"href":"https:\/\/www.reportedeprensa.utalca.cl\/index.php?rest_route=\/wp\/v2\/posts\/9937\/revisions"}],"predecessor-version":[{"id":9941,"href":"https:\/\/www.reportedeprensa.utalca.cl\/index.php?rest_route=\/wp\/v2\/posts\/9937\/revisions\/9941"}],"wp:attachment":[{"href":"https:\/\/www.reportedeprensa.utalca.cl\/index.php?rest_route=%2Fwp%2Fv2%2Fmedia&parent=9937"}],"wp:term":[{"taxonomy":"category","embeddable":true,"href":"https:\/\/www.reportedeprensa.utalca.cl\/index.php?rest_route=%2Fwp%2Fv2%2Fcategories&post=9937"},{"taxonomy":"post_tag","embeddable":true,"href":"https:\/\/www.reportedeprensa.utalca.cl\/index.php?rest_route=%2Fwp%2Fv2%2Ftags&post=9937"}],"curies":[{"name":"wp","href":"https:\/\/api.w.org\/{rel}","templated":true}]}}