{"id":9947,"date":"2024-06-05T13:24:16","date_gmt":"2024-06-05T16:24:16","guid":{"rendered":"https:\/\/www.reportedeprensa.utalca.cl\/?p=9947"},"modified":"2024-06-05T13:42:37","modified_gmt":"2024-06-05T16:42:37","slug":"05-de-junio-de-2024","status":"publish","type":"post","link":"https:\/\/www.reportedeprensa.utalca.cl\/?p=9947","title":{"rendered":"05 de junio de 2024"},"content":{"rendered":"\t\t<div data-elementor-type=\"wp-post\" data-elementor-id=\"9947\" class=\"elementor elementor-9947\" data-elementor-settings=\"[]\">\n\t\t\t\t\t\t\t<div class=\"elementor-section-wrap\">\n\t\t\t\t\t\t\t<section class=\"elementor-section elementor-top-section elementor-element elementor-element-bcea1a8 elementor-section-boxed elementor-section-height-default elementor-section-height-default\" data-id=\"bcea1a8\" data-element_type=\"section\">\n\t\t\t\t\t\t<div class=\"elementor-container elementor-column-gap-default\">\n\t\t\t\t\t<div class=\"elementor-column elementor-col-100 elementor-top-column elementor-element elementor-element-e7183bf\" data-id=\"e7183bf\" data-element_type=\"column\">\n\t\t\t<div class=\"elementor-widget-wrap elementor-element-populated\">\n\t\t\t\t\t\t\t\t<div class=\"elementor-element elementor-element-58d7315 elementor-widget elementor-widget-text-editor\" data-id=\"58d7315\" data-element_type=\"widget\" data-widget_type=\"text-editor.default\">\n\t\t\t\t<div class=\"elementor-widget-container\">\n\t\t\t\t\t\t\t\t<div><b>LA TERCERA\u00a0ONLINE<br \/><\/b><a href=\"https:\/\/www.latercera.com\/opinion\/noticia\/reemplazo-del-cae\/CAMCSQNS4NBT3GIK7PY2DDCX3I\/\">Reemplazo del CAE. Se refiere Carlos Torres Fuchslocher, rector.\u00a0<\/a><b><br \/><\/b><\/div><div>\u00a0<\/div><div><b>MAULE NEWS<\/b>\u00a0<br \/><a href=\"https:\/\/www.maulenews.com\/2024\/06\/utalca-capacito-los-13-hospitales-del.html\">UTalca capacit\u00f3 a los 13 hospitales del Maule sobre su modelo de gesti\u00f3n en competencias. Se refiere Carlos Torres Fuchslocher, rector y Stefanie San Mart\u00edn, jefa de Departamento de Desarrollo de Personas. \u00a0<\/a><br \/><br \/><\/div><div><b>MAULE HOY\u00a0<br \/><\/b><a href=\"https:\/\/maulehoy.cl\/2024\/06\/04\/utalca-capacito-a-los-13-hospitales-del-maule-sobre-su-modelo-de-gestion-en-competencias\/\">UTalca capacit\u00f3 a los 13 hospitales del Maule sobre su modelo de gesti\u00f3n en competencias. Se refiere Carlos Torres Fuchslocher, rector y Stefanie San Mart\u00edn, jefa de Departamento de Desarrollo de Personas.\u00a0<\/a><\/div><div>\u00a0<\/div><div><b>LA TERCERA\u00a0<br \/><\/b><a href=\"https:\/\/www.litoralpress.cl\/paginaconsultas\/Servicios_NClipSitio\/Get_Imagen_Nota.aspx?LPKey=ZQENEYRSTSDCDMUMA3J2EZ5TW2M65EJCVXPSKGJJVS25LZPZJFB73FNZAGUKUDT3SEIV7DAKKIVRK\">Invierno parte con sistema frontal: estos son los r\u00e9cords que dej\u00f3 el oto\u00f1o. Se refiere Patricio Gonz\u00e1lez Colville, agroclimat\u00f3logo y acad\u00e9mico del Centro de Investigaci\u00f3n y Transferencia en Riego y Agroclimatolog\u00eda (CITRA).\u202f\u202f\u202f\u00a0<\/a><\/div><div>\u00a0<\/div><div><b>CANAL TVN &#8211; 24 HORAS CENTRAL\u00a0<\/b><\/div><div><a href=\"https:\/\/www.litoralpress.cl\/sitio\/RadioTV_Detalles.cshtml?LPKey=423NXSLFZI6T7IO6G5KXTTJNDRNFDPYBTZEXMVIAVRO4DE7ERJDQIF2UKAHDYV7GDUWHJSUISKJPI\">Autoridades se preparan debido a sistema frontal. Se refiere Patricio Gonz\u00e1lez Colville, agroclimat\u00f3logo y acad\u00e9mico del Centro de Investigaci\u00f3n y Transferencia en Riego y Agroclimatolog\u00eda (CITRA).\u202f\u202f\u00a0<\/a><b><br \/><\/b><\/div><div>\u00a0<\/div><div><b>CNN CHILE\u00a0ONLINE<br \/><\/b><a href=\"https:\/\/www.cnnchile.com\/programas-completos\/pronostico-del-tiempo-ante-ciclon-maule-espera-lluvias-desde-noche-del-lunes-hasta-el-viernes_20240604\/\">Pron\u00f3stico del tiempo ante cicl\u00f3n: Maule espera lluvias desde noche del lunes hasta el viernes. Se refiere Patricio Gonz\u00e1lez Colville, agroclimat\u00f3logo y acad\u00e9mico del Centro de Investigaci\u00f3n y Transferencia en Riego y Agroclimatolog\u00eda (CITRA).\u202f\u202f\u202f\u00a0<\/a><br \/><b><br \/>LA DISCUSI\u00d3N \u00a0<br \/><\/b><a href=\"https:\/\/www.litoralpress.cl\/paginaconsultas\/Servicios_NClipSitio\/Get_Imagen_Nota.aspx?LPKey=2JVYBIQRXPUUN2LE44BK3VH7E4CDQYXQNENUDGEANMXIXNUPI6FJ6LXGJK5IVWK5T3OY2U5WFFUI2\">Frases de hoy. Se refiere Patricio Gonz\u00e1lez Colville, agroclimat\u00f3logo y acad\u00e9mico del Centro de Investigaci\u00f3n y Transferencia en Riego y Agroclimatolog\u00eda (CITRA).\u202f\u202f\u202f\u00a0<\/a><br \/><br \/><\/div><div><b>LA DISCUSI\u00d3N\u00a0<br \/><\/b><a href=\"https:\/\/www.litoralpress.cl\/paginaconsultas\/Servicios_NClipSitio\/Get_Imagen_Nota.aspx?LPKey=BVQ7R34MN2O4AZHOGW6C744XISZHRSQL27JFU5IUBIKCYHW4YGZC6FAODEBOTYSHDNOGR7VD42LFU\">Sistema frontal se unir\u00e1 a DY\u201d r\u00edo atmosf\u00e9rico: anticipan intensas lluvias en Nuble. Se refiere Patricio Gonz\u00e1lez Colville, agroclimat\u00f3logo y acad\u00e9mico del Centro de Investigaci\u00f3n y Transferencia en Riego y Agroclimatolog\u00eda (CITRA).\u202f\u202f\u202f\u00a0<\/a><br \/><br \/><\/div><div><b>LA PRENSA DE CURIC\u00d3\u00a0<br \/><\/b><a href=\"https:\/\/www.litoralpress.cl\/paginaconsultas\/Servicios_NClipSitio\/Get_Imagen_Nota.aspx?LPKey=2BTXD3I7HEFLGXMFGOLZD7SSSAOFIL7AOGUFQDFRBNKCOUXVJM5MIQSPOMUA3WZHUW67ZSMNADZTM\">Aclarando lo del &#8220;Cicl\u00f3n&#8221;. Se refiere Patricio Gonz\u00e1lez Colville, agroclimat\u00f3logo y acad\u00e9mico del Centro de Investigaci\u00f3n y Transferencia en Riego y Agroclimatolog\u00eda (CITRA).\u202f\u202f\u202f\u00a0<\/a><br \/><br \/><\/div><div><b>RADIO 13C\u00a0<br \/><\/b><a href=\"https:\/\/www.litoralpress.cl\/sitio\/RadioTV_Detalles.cshtml?LPKey=6UOWLTZXYR6VH7FQ6D4BUDPSCTHRTYJWELVFQUVBN64C7R4ASMNIOLNTLWKIIOL5M3KKUDHFQSDGW\">Entrevista a Patricio Gonz\u00e1lez Colville, agroclimat\u00f3logo y acad\u00e9mico del Centro de Investigaci\u00f3n y Transferencia en Riego y Agroclimatolog\u00eda (CITRA).\u202f\u00a0<\/a><br \/><br \/><\/div><div><b>RADIO USACH\u00a0<br \/><\/b><a href=\"https:\/\/www.litoralpress.cl\/sitio\/RadioTV_Detalles.cshtml?LPKey=QFWIWG5NKTXPHPGCI67ZVMRCGUPIL7N6GNNJEIBJZ7QU75H4NWJJYOTN5YBI2X2FFX3XMJWXFU7QC\">Entrevista a Patricio Gonz\u00e1lez, agroclimat\u00f3logo y acad\u00e9mico del Centro de Investigaci\u00f3n y Transferencia en Riego y Agroclimatolog\u00eda (CITRA).\u202f\u00a0<\/a><br \/><br \/><\/div><div><b>CANAL 24 HORAS\u00a0<br \/><\/b><a href=\"https:\/\/www.litoralpress.cl\/sitio\/RadioTV_Detalles.cshtml?LPKey=2ZWFTW5XPELGQGONOC35YBIHVIGNM7CGPOWLQLCIUW7EDEEV6GLFUOGAIRRNFVNLLT3WEICO4KJO4\">Alerta por lluvias en la zona centro-sur: 100 mm. en pocas horas. Se refiere Patricio Gonz\u00e1lez Colville, agroclimat\u00f3logo y acad\u00e9mico del Centro de Investigaci\u00f3n y Transferencia en Riego y Agroclimatolog\u00eda (CITRA).\u202f\u202f\u202f\u00a0<\/a><br \/><br \/><\/div><div><b>NEWS ES EURO\u00a0<br \/><\/b><a href=\"https:\/\/news.eseuro.com\/local\/3481783.html\">Agroclimat\u00f3logo aclara c\u00f3mo ser\u00e1 el sistema frontal que se presentar\u00e1 en el pa\u00eds. Se refiere Patricio Gonz\u00e1lez Colville, agroclimat\u00f3logo y acad\u00e9mico del Centro de Investigaci\u00f3n y Transferencia en Riego y Agroclimatolog\u00eda (CITRA).\u202f\u202f\u202f\u00a0<\/a><br \/><br \/><\/div><div><b>DE MAR A CORDILLERA\u00a0<br \/><\/b><a href=\"https:\/\/demaracordilleratv.cl\/2024\/06\/04\/ciclon-en-chile-aclaran-como-sera-el-sistema-frontal-que-se-presentara-en-el-pais\/\">Cicl\u00f3n en Chile: aclaran c\u00f3mo ser\u00e1 el sistema frontal que se presentar\u00e1 en el pa\u00eds. Se refiere Patricio Gonz\u00e1lez Colville, agroclimat\u00f3logo y acad\u00e9mico del Centro de Investigaci\u00f3n y Transferencia en Riego y Agroclimatolog\u00eda (CITRA).\u202f\u202f<\/a>\u202f\u00a0<br \/><br \/><\/div><div><b>TV5 LINARES\u00a0<br \/><\/b><a href=\"https:\/\/www.litoralpress.cl\/sitio\/RadioTV_Detalles.cshtml?LPKey=BNXTB4FVGM2Q6B4QCNICNDPXTNWRZZYOTSAXLKI43US7N25PIHXZSO5GYC2T7EDBFG4LQUBJE2PMA\">Pron\u00f3sticos indican que vendr\u00e1 un episodio de lluvias intenso durante la pr\u00f3xima semana. \u00a0Se refiere Patricio Gonz\u00e1lez Colville, acad\u00e9mico del Centro de Investigaci\u00f3n y Transferencia en Riego y Agroclimatolog\u00eda (CITRA).\u202f\u202f\u202f\u00a0<\/a><b><br \/>\u00a0<br \/>EL MAULE INFORMA\u00a0<br \/><\/b><a href=\"https:\/\/elmauleinforma.cl\/ciclon-en-chile-agroclimatologo-aclara-como-sera-el-sistema-frontal-que-se-presentara-en-el-pais\/\">Cicl\u00f3n en Chile: Agroclimat\u00f3logo aclara c\u00f3mo ser\u00e1 el sistema frontal que se presentar\u00e1 en el pa\u00eds. Se refiere Patricio Gonz\u00e1lez Colville, acad\u00e9mico del Centro de Investigaci\u00f3n y Transferencia en Riego y Agroclimatolog\u00eda (CITRA).\u202f\u00a0<\/a><b><br \/>\u00a0<br \/>PRIMERA FUENTE NOTICIAS\u00a0<br \/><\/b><a href=\"https:\/\/primerafuente.cl\/2024\/05\/ciclon-en-chile-agroclimatologo-aclara-como-sera-el-sistema-frontal-que-se-presentara-en-el-pais\/\">Cicl\u00f3n en Chile: Agroclimat\u00f3logo aclara c\u00f3mo ser\u00e1 el sistema frontal que se presentar\u00e1 en el pa\u00eds. Se refiere Patricio Gonz\u00e1lez Colville, acad\u00e9mico del Centro de Investigaci\u00f3n y Transferencia en Riego y Agroclimatolog\u00eda (CITRA).\u202f \u00a0<\/a><br \/>\u00a0<\/div><div><b>DIARIO EL CENTRO\u00a0<\/b><br \/><a href=\"https:\/\/www.diarioelcentro.cl\/2024\/06\/04\/que-es-un-ciclon-y-por-que-es-peligroso-agro-climatologo-aclaro-dudas\/\">\u00bfQu\u00e9 es un cicl\u00f3n y por qu\u00e9 es peligroso? Agroclimat\u00f3logo aclar\u00f3 dudas. Se refiere Patricio Gonz\u00e1lez Colville, acad\u00e9mico del Centro de Investigaci\u00f3n y Transferencia en Riego y Agroclimatolog\u00eda (CITRA).\u202f\u00a0<\/a><br \/><b><\/b><\/div><div>\u00a0<\/div><div><b>EL MOSTRADOR \u00a0<br \/><\/b><a href=\"https:\/\/www.elmostrador.cl\/agenda-pais\/agenda-digital\/2024\/06\/04\/chile-requiere-mas-de-28-mil-profesionales-en-el-ambito-de-la-ciberseguridad\/\">Chile requiere m\u00e1s de 28 mil profesionales en el \u00e1mbito de la ciberseguridad. Se refiere Rodrigo Herrera Leiva, decano de la Facultad de Econom\u00eda y Negocios.<\/a><b><br \/><\/b><\/div><div>\u00a0<\/div><div><b>TV5 LINARES\u00a0<br \/><\/b><a href=\"https:\/\/www.litoralpress.cl\/sitio\/RadioTV_Detalles.cshtml?LPKey=WSS4BBXZR44NCQTDMKRZGSUWJPAHNQZIXI5YYN6P7NIUKED6YFZKHF2MMAC56ZBZZIHC6GRTMH5TQ\">Seminario PDI UTalca sobre ciberseguridad. Se refiere Rodrigo Herrera Leiva, decano de la Facultad de Econom\u00eda y Negocios.\u00a0<\/a><br \/><br \/><\/div><div><b>DIARIO LA MA\u00d1ANA\u00a0<br \/><\/b><a href=\"https:\/\/xn--diariolamaana-rkb.cl\/2024\/06\/01\/evolucion-de-delitos-economicos-y-desafios-de-la-ciberseguridad-fue-tema-de-seminario-realizado-en-el-maule\/\">Evoluci\u00f3n de delitos econ\u00f3micos y desaf\u00edos de la ciberseguridad fue tema de seminario realizado en el Maule. Se refiere Rodrigo Herrera Leiva, decano de la Facultad de Econom\u00eda y Negocios.\u00a0<\/a><br \/><br \/><\/div><div><b>EL MAULE INFORMA\u00a0<br \/><\/b><a href=\"https:\/\/elmauleinforma.cl\/evolucion-de-los-delitos-economicos-y-desafios-de-la-ciberseguridad-fueron-temas-en-seminario\/\">Evoluci\u00f3n de los delitos econ\u00f3micos y desaf\u00edos de la ciberseguridad fueron temas en seminario. Se refiere Rodrigo Herrera Leiva, decano de la Facultad de Econom\u00eda y Negocios.\u00a0<\/a><\/div><div>\u00a0<\/div><div><b>EMOL<\/b>\u00a0<br \/><a href=\"https:\/\/www.emol.com\/noticias\/Economia\/2024\/06\/02\/1132561\/proyecciones-economistas-imacec-abril-2024.html\">Este lunes se conoce la cifra del Imacec de abril: Economistas proyectan que podr\u00eda acercarse hasta el 4%. Se refiere Rodrigo Saens, acad\u00e9mico de la Facultad de Econom\u00eda y Negocios.\u00a0<\/a><b><br \/><\/b><\/div><div>\u00a0<b><br \/>PORTAL AGRO CHILE\u00a0<br \/><\/b><a href=\"https:\/\/www.portalagrochile.cl\/2024\/06\/04\/agricultores-adquieren-conocimientos-en-analisis-de-suelos\/\">Agricultores adquieren conocimientos en an\u00e1lisis de suelos. Se refiere Ricardo Herrera Tasc\u00f3n, investigador del Centro Tecnol\u00f3gico de Suelos y Cultivos.\u00a0<\/a><b><br \/><\/b><\/div><div>\u00a0<\/div><div><b>AD PRENSA<\/b>\u00a0<br \/><a href=\"https:\/\/www.adprensa.cl\/cronica\/agricultores-adquieren-conocimientos-en-analisis-de-suelos\/\">Agricultores adquieren conocimientos en an\u00e1lisis de suelos. Se refiere Ricardo Herrera Tasc\u00f3n, investigador del Centro Tecnol\u00f3gico de Suelos y Cultivos.\u00a0<\/a><br \/><br \/><\/div><div><b>MEDIABANCO<\/b>\u00a0<br \/><a href=\"https:\/\/www.mediabanco.com\/agricultores-adquieren-conocimientos-en-analisis-de-suelos\/\">Agricultores adquieren conocimientos en an\u00e1lisis de suelos. Se refiere Ricardo Herrera Tasc\u00f3n, investigador del Centro Tecnol\u00f3gico de Suelos y Cultivos.\u00a0<\/a><br \/><br \/><\/div><div><b>EL MAULE INFORMA<\/b>\u00a0<br \/><a href=\"https:\/\/elmauleinforma.cl\/agricultores-adquieren-conocimientos-en-analisis-de-suelos\/\">Agricultores adquieren conocimientos en an\u00e1lisis de suelos. Se refiere Ricardo Herrera Tasc\u00f3n, investigador del Centro Tecnol\u00f3gico de Suelos y Cultivos.\u00a0<\/a><br \/><br \/><\/div><div><b>TV MAULE<\/b>\u00a0<br \/><a href=\"https:\/\/www.diarioelcentro.cl\/2024\/06\/04\/que-es-un-ciclon-y-por-que-es-peligroso-agro-climatologo-aclaro-dudas\/\">Agricultores adquieren conocimientos en an\u00e1lisis de suelos. Se refiere Ricardo Herrera Tasc\u00f3n, investigador del Centro Tecnol\u00f3gico de Suelos y Cultivos.\u00a0<\/a><br \/><br \/><\/div><div><b>EL DIARIO DE SANTIAGO<\/b>\u00a0<br \/><a href=\"https:\/\/www.eldiariosantiago.cl\/agricultores-adquieren-conocimientos-en-analisis-de-suelos\/\">Agricultores adquieren conocimientos en an\u00e1lisis de suelos. Se refiere Ricardo Herrera Tasc\u00f3n, investigador del Centro Tecnol\u00f3gico de Suelos y Cultivos.\u00a0<\/a><br \/><br \/><\/div><div><b>CANAL ANTOFAGASTA\u00a0\u00a0<br \/><\/b><a href=\"https:\/\/www.litoralpress.cl\/sitio\/RadioTV_Detalles.cshtml?LPKey=F5DC5FVJUWCLCU4CTVIHPTTST6PBHE2K56RMKCE6NULS54SQVXKOEZFMUX7CB72GKVGBTCHCOHXGI\">Comenz\u00f3 una nueva versi\u00f3n del Cyberday. Se refiere Milton Inostroza Mu\u00f1oz, director Escuela de Ingenier\u00eda Comercial.<\/a><b><br \/><\/b><b>\u00a0\u00a0<\/b><\/div><div><b>RADIO LAUTARO<\/b>\u00a0<br \/><a href=\"https:\/\/radiolautarotalca.cl\/ventas-en-cyberday-podrian-alcanzar-los-500-millones-de-dolares\/\">Ventas en CyberDay podr\u00edan alcanzar los 500 millones de d\u00f3lares. Se refiere Milton Inostroza Mu\u00f1oz, director Escuela de Ingenier\u00eda Comercial. \u00a0<\/a><br \/><br \/><\/div><div><b>DIARIO EL CENTRO\u00a0<br \/><\/b><a href=\"https:\/\/www.diarioelcentro.cl\/2024\/06\/04\/no-al-abuso-y-maltrato-a-las-personas-mayores\/\">No al Abuso y Maltrato a las Personas Mayores. Se refiere Iv\u00e1n Palomo Gonz\u00e1lez, acad\u00e9mico Facultad de Ciencias\u202fde la Salud. \u00a0<\/a><b><br \/><\/b><\/div><div>\u00a0<\/div><div><b>EL MERCURIO\u00a0<br \/><\/b><a href=\"https:\/\/www.litoralpress.cl\/paginaconsultas\/Servicios_NClipSitio\/Get_Imagen_Nota.aspx?LPKey=5JLCJQSYJSUFVK5FUHS5QPAQCM6XT56QGNPRMTJGCA5YYTQWBM5QHXD2DFAKDNZ2IMZH4QRNS744Q\">Analistas advierten impacto electoral para el PC ante situaci\u00f3n de alcalde. Se refiere Mauricio Morales Quiroga, director del Centro de An\u00e1lisis Pol\u00edtico (CAP).\u00a0<\/a><\/div><div>\u00a0<\/div><div><b>CANAL CNN<\/b>\u00a0<br \/><a href=\"https:\/\/www.litoralpress.cl\/sitio\/RadioTV_Detalles.cshtml?LPKey=GEIVYA4BYKYUL7QJTCTKM72Q32JFU4H4SQYL2OHLRAMDZXCU2WAEWIO5FLYX643GUQVSZF2AJ7ORS\">El apoyo PC a Jadue que tensiona al oficialismo. Se refiere Mauricio Morales Quiroga, director del Centro de An\u00e1lisis Pol\u00edtico (CAP).\u00a0<\/a><br \/>\u00a0<\/div><div><b>RADIO INFINITA<\/b>\u00a0<br \/><a href=\"https:\/\/www.litoralpress.cl\/sitio\/RadioTV_Detalles.cshtml?LPKey=EKYGKSDAIEK6CVTUAVOHWW66OEJHOGDXQFCBHMAEZYSWMJ72IANWUKW6LSA5RUPPHHV4M2WTIPBYW\">Comentario de pol\u00edtica de Mauricio Morales. Se refiere Mauricio Morales Quiroga, director del Centro de An\u00e1lisis Pol\u00edtico (CAP).\u00a0<\/a><br \/><br \/><\/div><div><b>EL RESUMEN<\/b>\u00a0<br \/><a href=\"https:\/\/www.elresumen.cl\/7618-v-encuentro-agrotech-maule-promovera-la-agricultura-de-innovacion-tecnologica-y-precision\">V Encuentro AgroTech Maule promover\u00e1 la agricultura de innovaci\u00f3n tecnol\u00f3gica y precisi\u00f3n.<b> <\/b>Se menciona la Universidad de Talca.\u00a0<\/a><br \/><br \/><\/div><div><b>MAULE NEWS<\/b>\u00a0<br \/><a href=\"https:\/\/www.maulenews.com\/2024\/06\/talca-aborda-desafios-de-planificacion.html\">Talca Aborda Desaf\u00edos de Planificaci\u00f3n Urbana y Recursos H\u00eddricos en Seminario &#8220;Talca Ciudad Sostenible&#8221;. Se menciona la Universidad de Talca.\u00a0<\/a><br \/><br \/><\/div><div><b>EL MAULE HOY<\/b>\u00a0<br \/><a href=\"https:\/\/maulehoy.cl\/2024\/06\/04\/aborda-los-desafios-de-planificacion-urbana-relacionados-al-recurso-hidrico-desastres-y-resiliencia\/\">Abordan los desaf\u00edos de planificaci\u00f3n urbana relacionados al recurso h\u00eddrico, desastres y resiliencia. Se menciona la Universidad de Talca.\u00a0<\/a><br \/>\u00a0<\/div><div><b>EL MAULE INFORMA<\/b>\u00a0<br \/><a href=\"https:\/\/elmauleinforma.cl\/capital-maulina-aborda-los-desafios-de-planificacion-urbana-relacionados-al-recurso-hidrico-desastres-y-resiliencia-en-seminario-talca-ciudad-sostenible\/\">Capital maulina aborda los desaf\u00edos de planificaci\u00f3n urbana relacionados al recurso h\u00eddrico, desastres y resiliencia en seminario \u201cTalca Ciudad Sostenible\u201d. Se menciona la Universidad de Talca.\u00a0<\/a><br \/>\u00a0<\/div><div class=\"x_elementToProof\"><b>SOMOS MAULE<\/b>\u00a0<br \/><a href=\"http:\/\/somosmaule.cl\/publico\/ficha\/ficha.aspx?i=72942\">Capital maulina aborda los desaf\u00edos de planificaci\u00f3n urbana relacionados al recurso h\u00eddrico, desastres y resiliencia en seminario \u201cTalca Ciudad Sostenible\u201d. Se menciona la Universidad de Talca.\u00a0<\/a><br \/><br \/><\/div>\t\t\t\t\t\t<\/div>\n\t\t\t\t<\/div>\n\t\t\t\t\t<\/div>\n\t\t<\/div>\n\t\t\t\t\t\t\t<\/div>\n\t\t<\/section>\n\t\t\t\t\t\t<\/div>\n\t\t\t\t\t<\/div>\n\t\t","protected":false},"excerpt":{"rendered":"<p>LA TERCERA\u00a0ONLINEReemplazo del CAE. Se refiere Carlos Torres Fuchslocher, rector.\u00a0\u00a0MAULE NEWS\u00a0UTalca capacit\u00f3 a los 13 hospitales del Maule sobre su modelo de gesti\u00f3n en competencias. Se refiere Carlos Torres Fuchslocher, rector y Stefanie San Mart\u00edn, jefa de Departamento de Desarrollo de Personas. \u00a0 MAULE HOY\u00a0UTalca capacit\u00f3 a los 13 hospitales del Maule sobre su modelo &hellip;<\/p>\n<p class=\"read-more\"> <a class=\"\" href=\"https:\/\/www.reportedeprensa.utalca.cl\/?p=9947\"> <span class=\"screen-reader-text\">05 de junio de 2024<\/span> Read More &raquo;<\/a><\/p>\n","protected":false},"author":1,"featured_media":0,"comment_status":"closed","ping_status":"open","sticky":false,"template":"","format":"standard","meta":{"_monsterinsights_skip_tracking":false,"_monsterinsights_sitenote_active":false,"_monsterinsights_sitenote_note":"","_monsterinsights_sitenote_category":0},"categories":[49],"tags":[],"_links":{"self":[{"href":"https:\/\/www.reportedeprensa.utalca.cl\/index.php?rest_route=\/wp\/v2\/posts\/9947"}],"collection":[{"href":"https:\/\/www.reportedeprensa.utalca.cl\/index.php?rest_route=\/wp\/v2\/posts"}],"about":[{"href":"https:\/\/www.reportedeprensa.utalca.cl\/index.php?rest_route=\/wp\/v2\/types\/post"}],"author":[{"embeddable":true,"href":"https:\/\/www.reportedeprensa.utalca.cl\/index.php?rest_route=\/wp\/v2\/users\/1"}],"replies":[{"embeddable":true,"href":"https:\/\/www.reportedeprensa.utalca.cl\/index.php?rest_route=%2Fwp%2Fv2%2Fcomments&post=9947"}],"version-history":[{"count":4,"href":"https:\/\/www.reportedeprensa.utalca.cl\/index.php?rest_route=\/wp\/v2\/posts\/9947\/revisions"}],"predecessor-version":[{"id":9951,"href":"https:\/\/www.reportedeprensa.utalca.cl\/index.php?rest_route=\/wp\/v2\/posts\/9947\/revisions\/9951"}],"wp:attachment":[{"href":"https:\/\/www.reportedeprensa.utalca.cl\/index.php?rest_route=%2Fwp%2Fv2%2Fmedia&parent=9947"}],"wp:term":[{"taxonomy":"category","embeddable":true,"href":"https:\/\/www.reportedeprensa.utalca.cl\/index.php?rest_route=%2Fwp%2Fv2%2Fcategories&post=9947"},{"taxonomy":"post_tag","embeddable":true,"href":"https:\/\/www.reportedeprensa.utalca.cl\/index.php?rest_route=%2Fwp%2Fv2%2Ftags&post=9947"}],"curies":[{"name":"wp","href":"https:\/\/api.w.org\/{rel}","templated":true}]}}