{"id":9956,"date":"2024-06-06T12:39:47","date_gmt":"2024-06-06T15:39:47","guid":{"rendered":"https:\/\/www.reportedeprensa.utalca.cl\/?p=9956"},"modified":"2024-06-06T16:18:04","modified_gmt":"2024-06-06T19:18:04","slug":"06-de-junio-de-2024","status":"publish","type":"post","link":"https:\/\/www.reportedeprensa.utalca.cl\/?p=9956","title":{"rendered":"06 de junio de 2024"},"content":{"rendered":"\t\t<div data-elementor-type=\"wp-post\" data-elementor-id=\"9956\" class=\"elementor elementor-9956\" data-elementor-settings=\"[]\">\n\t\t\t\t\t\t\t<div class=\"elementor-section-wrap\">\n\t\t\t\t\t\t\t<section class=\"elementor-section elementor-top-section elementor-element elementor-element-bcea1a8 elementor-section-boxed elementor-section-height-default elementor-section-height-default\" data-id=\"bcea1a8\" data-element_type=\"section\">\n\t\t\t\t\t\t<div class=\"elementor-container elementor-column-gap-default\">\n\t\t\t\t\t<div class=\"elementor-column elementor-col-100 elementor-top-column elementor-element elementor-element-e7183bf\" data-id=\"e7183bf\" data-element_type=\"column\">\n\t\t\t<div class=\"elementor-widget-wrap elementor-element-populated\">\n\t\t\t\t\t\t\t\t<div class=\"elementor-element elementor-element-58d7315 elementor-widget elementor-widget-text-editor\" data-id=\"58d7315\" data-element_type=\"widget\" data-widget_type=\"text-editor.default\">\n\t\t\t\t<div class=\"elementor-widget-container\">\n\t\t\t\t\t\t\t\t<div><b>EL DIARIO SANTIAGO<\/b>\u00a0<br \/><a href=\"https:\/\/www.eldiariosantiago.cl\/especialistas-destacan-que-la-industria-fruticola-esta-preparada-para-las-lluvias\/\">Especialistas destacan que la industria frut\u00edcola est\u00e1 preparada para las lluvias. Se refiere \u00c1lvaro Sep\u00falveda, investigador del Centro de Pom\u00e1ceas \u00a0<\/a><br \/>\u00a0<\/div><div><b>RADIO ALLEN <\/b>\u00a0<br \/><a href=\"https:\/\/radioallen.cl\/economia-especialistas-destacan-que-la-industria-fruticola-esta-preparada-para-las-lluvias\/\">Econom\u00eda: Especialistas destacan que la industria frut\u00edcola est\u00e1 preparada para las lluvias. Se refiere \u00c1lvaro Sep\u00falveda, investigador del Centro de Pom\u00e1ceas \u00a0<\/a><br \/><br \/><\/div><div><b>MEDIABANCO<\/b>\u00a0<br \/><a href=\"https:\/\/www.mediabanco.com\/especialistas-destacan-que-la-industria-fruticola-esta-preparada-para-las-lluvias\/\">Especialistas destacan que la industria frut\u00edcola est\u00e1 preparada para las lluvias. Se refiere \u00c1lvaro Sep\u00falveda, investigador del Centro de Pom\u00e1ceas. \u00a0<\/a><br \/><br \/><\/div><div><b>TIERRA AMARILLANO<\/b>\u00a0<br \/><a href=\"https:\/\/tierramarillano.cl\/2024\/06\/05\/especialistas-destacan-que-la-industria-fruticola-esta-preparada-para-las-lluvias\/\">Especialistas destacan que la industria frut\u00edcola est\u00e1 preparada para las lluvias. Se refiere \u00c1lvaro Sep\u00falveda, investigador del Centro de Pom\u00e1ceas.\u00a0<\/a><br \/><br \/><\/div><div><b>EL LECTOR <\/b>\u00a0<br \/><a href=\"https:\/\/www.litoralpress.cl\/paginaconsultas\/Servicios_NClipSitio\/Get_Imagen_Nota.aspx?LPKey=YHBTF6EAT5AFBG5TM3OISEWWTR6XW4TKVQ6TYCXRWNKET6HEYYW34MQ7VTHG2S7R4N3OCKSTXTIEE\">Agricultores adquieren conocimientos en an\u00e1lisis de suelos. Se refiere Ricardo Herrera Tasc\u00f3n, investigador del Centro Tecnol\u00f3gico de Suelos y Cultivos.\u00a0<\/a><\/div><div>\u00a0<\/div><div><b>TV MAULE <\/b>\u00a0<br \/><a href=\"https:\/\/www.tvmaule.cl\/agricultores-adquieren-conocimientos-en-analisis-de-suelos\/\">Agricultores adquieren conocimientos en an\u00e1lisis de suelos. Se refiere Ricardo Herrera Tasc\u00f3n, investigador del Centro Tecnol\u00f3gico de Suelos y Cultivos. \u00a0<\/a><br \/><br \/><\/div><div><b>EL DIARIO SANTIAGO <\/b>\u00a0<br \/><a href=\"https:\/\/www.eldiariosantiago.cl\/agricultores-adquieren-conocimientos-en-analisis-de-suelos\/\">Agricultores adquieren conocimientos en an\u00e1lisis de suelos. Se refiere Ricardo Herrera Tasc\u00f3n, investigador del Centro Tecnol\u00f3gico de Suelos y Cultivos.\u00a0<\/a><\/div><div>\u00a0<\/div><div><b>PUBLIMICRO <\/b>\u00a0<br \/><a href=\"https:\/\/publimicro.cl\/agricultores-maulinos-adquieren-conocimientos-en-analisis-de-suelos-en-clase-practica-dada-por-la-universidad-de-talca\/\">Agricultores maulinos adquieren conocimientos en an\u00e1lisis de suelos, en clase pr\u00e1ctica dada por la Universidad de Talca. Se refiere Ricardo Herrera Tasc\u00f3n, investigador del Centro Tecnol\u00f3gico de Suelos y Cultivos. \u00a0<\/a><br \/><br \/><\/div><div><b>LA NOTICIA ONLINE <\/b>\u00a0<br \/><a href=\"https:\/\/lanoticiaonline.cl\/agricultores-adquieren-conocimientos-en-analisis-de-suelos\/\">Agricultores adquieren conocimientos en an\u00e1lisis de suelos. Se refiere Ricardo Herrera Tasc\u00f3n, investigador del Centro Tecnol\u00f3gico de Suelos y Cultivos.\u00a0<\/a><\/div><div>\u00a0<\/div><div><b>CR\u00d3NICA DE CHILL\u00c1N <\/b>\u00a0<br \/><a href=\"https:\/\/www.litoralpress.cl\/paginaconsultas\/Servicios_NClipSitio\/Get_Imagen_Nota.aspx?LPKey=SUYPHCHZ2VPGZECGDCCOE7VWLCMZQTW2Z5VT3PP3ZDPR6XQRQBYVCFI64Z6P46T63322YZY5S5ZZ2\">Dos sistemas frontales vivir\u00e1 Nuble durante esta semana. Se refiere Patricio Gonz\u00e1lez Colville, agroclimat\u00f3logo y acad\u00e9mico del Centro de Investigaci\u00f3n y Transferencia en Riego y Agroclimatolog\u00eda (CITRA).\u202f\u202f\u202f\u00a0<\/a><\/div><div>\u00a0<\/div><div><b>CANAL TVN RED MAULE<\/b>\u00a0<br \/><a href=\"https:\/\/www.litoralpress.cl\/sitio\/RadioTV_Detalles.cshtml?LPKey=O47GJ3K5JVCJRBUHT6QZ5T3PXQE6DFWLSYPXJ7LXDWPQ4QAYKSIQVUTMS7BY3JEMEBT2IASFQ5DRU\">A casi un a\u00f1o de las inundaciones: Preocupa llegada de nuevo evento meteorol\u00f3gico. Se refiere Patricio Gonz\u00e1lez Colville, agroclimat\u00f3logo y acad\u00e9mico del Centro de Investigaci\u00f3n y Transferencia en Riego y Agroclimatolog\u00eda (CITRA).\u202f\u202f\u202f\u00a0<\/a><\/div><div>\u00a0<\/div><div><b>CANAL CNN CHILE <\/b>\u00a0<br \/><a href=\"https:\/\/www.litoralpress.cl\/sitio\/RadioTV_Detalles.cshtml?LPKey=DMMIM3CX6DRVAEWXO5MSXIHK3PHHYNH6GHHF454PMSTRK4OEGUPCRS7VFAWYZ3LKI43ZTSFNJKTTC\">Entrevista a Entrevista a Patricio Gonz\u00e1lez Colville, agroclimat\u00f3logo y acad\u00e9mico del Centro de Investigaci\u00f3n y Transferencia en Riego y Agroclimatolog\u00eda (CITRA).<\/a>\u202f\u202f\u202f\u00a0<\/div><div>\u00a0<\/div><div><b>TV5 LINARES <\/b>\u00a0<br \/><a href=\"https:\/\/www.litoralpress.cl\/sitio\/RadioTV_Detalles.cshtml?LPKey=DK7TGXRCY6U4WUBWSR2SDI6LMKWQA4YZ64ZSMDLZOBWBUQSGYQDZJPHRVNRVMNG5HNUGAXYSIMVIG\">Alerta temprana preventiva por lluvias. Se refiere Patricio Gonz\u00e1lez Colville, agroclimat\u00f3logo y acad\u00e9mico del Centro de Investigaci\u00f3n y Transferencia en Riego y Agroclimatolog\u00eda (CITRA).\u202f\u202f\u202f\u00a0<\/a><\/div><div>\u00a0<\/div><div><b>CANAL 30 MULTICOM <\/b>\u00a0<br \/><a href=\"https:\/\/www.litoralpress.cl\/sitio\/RadioTV_Detalles.cshtml?LPKey=NI2Z7IGA3WMARHABH6UKZL7677WLDVKUAG6REF2XZKKX7LHCR5IYPFJZB7F7PV6ZAJA5NMKM5B4TS\">Lluvias y fr\u00edo se avecinan al Maule. Se refiere Patricio Gonz\u00e1lez Colville, agroclimat\u00f3logo y acad\u00e9mico del Centro de Investigaci\u00f3n y Transferencia en Riego y Agroclimatolog\u00eda (CITRA).\u202f\u202f\u202f\u00a0<\/a><\/div><div>\u00a0<\/div><div><b>TV5 LINARES <\/b>\u00a0<br \/><a href=\"https:\/\/www.litoralpress.cl\/sitio\/RadioTV_Detalles.cshtml?LPKey=ZZCZ3RDBVG2TNSCEPLMZGCJIS5ABNWQ5GEZNSDGRSOLAMPG4FGQFMBWMU2EJPM2OWL5FOH5P2VB4G\">Alerta temprana preventiva por lluvias. Se refiere Patricio Gonz\u00e1lez Colville, agroclimat\u00f3logo y acad\u00e9mico del Centro de Investigaci\u00f3n y Transferencia en Riego y Agroclimatolog\u00eda (CITRA).\u202f\u202f\u202f\u00a0<\/a><\/div><div>\u00a0<\/div><div><b>CANAL 24 HORAS <\/b>\u00a0<br \/><a href=\"https:\/\/www.litoralpress.cl\/sitio\/RadioTV_Detalles.cshtml?LPKey=5K5KJ2UUMG46W337Z3FER3CFRSRG3IFYLGMYSU5HWP37WFISC7MLC6HCVGLDSG2BT7VJEA65BNDOW\">Entrevista a Patricio Gonz\u00e1lez Colville, agroclimat\u00f3logo y acad\u00e9mico del Centro de Investigaci\u00f3n y Transferencia en Riego y Agroclimatolog\u00eda (CITRA).\u202f\u202f\u202f\u00a0<\/a><\/div><div>\u00a0<\/div><div><b>RADIO ADN<\/b>\u00a0<br \/><a href=\"https:\/\/www.litoralpress.cl\/sitio\/RadioTV_Detalles.cshtml?LPKey=A2FVRK43Q6UAQZVEUXUC7WQYXTYDCFA54Z4I7RFFJCSVVNPK2N5MHASHYQEQSL56Z44QNEH55TP7W\">La zona centro y sur del pa\u00eds esperan la llegada de dos intensos sistemas frontales durante esta semana. Se refiere Patricio Gonz\u00e1lez Colville, agroclimat\u00f3logo y acad\u00e9mico del Centro de Investigaci\u00f3n y Transferencia en Riego y Agroclimatolog\u00eda (CITRA).\u202f\u202f\u202f<\/a>\u00a0<br \/><br \/><\/div><div><b>RADIO LAUTARO<\/b>\u00a0<br \/><a href=\"https:\/\/www.litoralpress.cl\/sitio\/RadioTV_Detalles.cshtml?LPKey=AFPWOPVI4KOIQXCMRZAYUSDNGESNXKTVXJ2KASMUULBEAS7AIHK7Y5T2VRUD4BIDMFID772DNH23G\">Entrevista a Patricio Gonz\u00e1lez Colville, agroclimat\u00f3logo y acad\u00e9mico del Centro de Investigaci\u00f3n y Transferencia en Riego y Agroclimatolog\u00eda (CITRA).\u00a0<\/a><br \/><br \/><\/div><div><b>EN L\u00cdNEA MAULE<\/b>\u00a0<br \/><a href=\"https:\/\/www.litoralpress.cl\/sitio\/RadioTV_Detalles.cshtml?LPKey=PD264K7BA3YB3SO2GEIHMRMI4G6Q45CHPBDYJXE4YMVKBNY4GVHKLEJANQUSX2HSBLMXANYXXVRAE\">Entrevista a Patricio Gonz\u00e1lez Colville, agroclimat\u00f3logo y acad\u00e9mico del Centro de Investigaci\u00f3n y Transferencia en Riego y Agroclimatolog\u00eda (CITRA). \u00a0<\/a><br \/><br \/><\/div><div><b>RADIO INFINITA <\/b>\u00a0<br \/><a href=\"https:\/\/www.litoralpress.cl\/sitio\/RadioTV_Detalles.cshtml?LPKey=EKYGKSDAIEK6CVTUAVOHWW66OEJHOGDXQFCBHMAEZYSWMJ72IANWUKW6LSA5RUPPHHV4M2WTIPBYW\">Comentario de pol\u00edtica de Mauricio Morales Quiroga, director del Centro de An\u00e1lisis Pol\u00edtico (CAP).\u00a0<\/a><\/div><div>\u00a0<\/div><div><b>RADIO AGRICULTURA<\/b>\u00a0<br \/><a href=\"https:\/\/www.litoralpress.cl\/sitio\/RadioTV_Detalles.cshtml?LPKey=JOYAMMZB7JV4QFDYFTO4KRCCCGN7J6MYIAEJTFEX5UUFMDQNH4E52SM7PMGGWA3ZDVRAVNSMQWBBO\">Entrevista a Carla Mendoza, acad\u00e9mica Facultad de Psicolog\u00eda.\u00a0<\/a><br \/><br \/><\/div><div><b>EMOL <\/b>\u00a0<br \/><a href=\"https:\/\/www.emol.com\/noticias\/Nacional\/2024\/06\/05\/1132742\/alcaldes-imputados-confianza-municipios.html\">Confianza &#8216;socavada&#8217;: Las grietas que deja la trama de alcaldes en el banquillo y el impacto en las municipales. Se refiere Mauricio Morales Quiroga, director del Centro de An\u00e1lisis Pol\u00edtico (CAP).\u00a0<\/a><\/div><div>\u00a0<\/div><div><b>LA PRENSA DE CURIC\u00d3 <\/b>\u00a0<br \/><a href=\"https:\/\/www.litoralpress.cl\/paginaconsultas\/Servicios_NClipSitio\/Get_Imagen_Nota.aspx?LPKey=TSOBGN46CKY5CDEBQ6PPMKIIGS64LTAHSS7YZD4OTBERKXXKXN4DIUK6ZQQBL2QNHC25KPEPWG6JE\">Crecimiento de ventas online. Se refiere Milton Inostroza Mu\u00f1oz, director Escuela de Ingenier\u00eda Comercial.\u00a0<\/a><\/div><div>\u00a0<\/div><div><b>DIARIO EL CENTRO <\/b>\u00a0<br \/><a href=\"https:\/\/www.diarioelcentro.cl\/2024\/06\/05\/cuenta-publica-presidencial-2024-segunda-parte\/\">Cuenta p\u00fablica presidencial 2024, segunda parte. Se refiere Emilio Moyano D\u00edaz, acad\u00e9mico de la Facultad de Psicolog\u00eda.\u00a0<\/a><br \/><br \/><\/div><div><b>AD PRENSA <\/b>\u00a0<br \/><a href=\"https:\/\/www.adprensa.cl\/uncategorized\/alumna-de-escuela-de-diseno-de-la-facultad-de-arquitectura-de-la-universidad-de-talca-publica-libro-sobre-dinosaurios-de-america-latina\/\">Alumna de Escuela de Dise\u00f1o de La Facultad de Arquitectura de la Universidad de Talca publica libro sobre dinosaurios de Am\u00e9rica Latina. Se menciona la Universidad de Talca.\u00a0<\/a><\/div><div>\u00a0<\/div><div><b>EL MAULE INFORMA<\/b>\u00a0<br \/><a href=\"https:\/\/elmauleinforma.cl\/v-encuentro-agrotech-maule-promovera-la-agricultura-de-innovacion-tecnologica-y-precision\/\">V Encuentro AgroTech Maule promover\u00e1 la agricultura de innovaci\u00f3n tecnol\u00f3gica y precisi\u00f3n. Se menciona la Universidad de Talca. \u00a0<\/a><br \/><br \/><\/div><div><b>EL RESUMEN <\/b>\u00a0<br \/><a href=\"https:\/\/www.elresumen.cl\/7618-v-encuentro-agrotech-maule-promovera-la-agricultura-de-innovacion-tecnologica-y-precision\">V Encuentro AgroTech Maule promover\u00e1 la agricultura de innovaci\u00f3n tecnol\u00f3gica y precisi\u00f3n. Se menciona la Universidad de Talca. \u00a0<\/a><br \/><br \/><\/div><div><b>EL LECTOR <\/b>\u00a0<br \/><a href=\"https:\/\/www.litoralpress.cl\/paginaconsultas\/Servicios_NClipSitio\/Get_Imagen_Nota.aspx?LPKey=C3DDJEJDZJ4E3ZZCLA2T6XR2NAK5HT74GVHLNDBQ6OCQLHQGAIQAI3323RSUELGCKAXNDPAUXPBM2\">V Encuentro AgroTech Maule promover\u00e1 la agricultura de innovaci\u00f3n tecnol\u00f3gica y precisi\u00f3n. Se menciona la Universidad de Talca.\u00a0<\/a><\/div><div>\u00a0<\/div><div><b>LAS \u00daLTIMAS NOTICIAS<\/b>\u00a0<br \/><a href=\"https:\/\/www.litoralpress.cl\/sitio\/Prensa_Detalles.cshtml?LPKey=YQRYZFJJE57323OVNDFYX36CIGIJ7NDB3B4RMF2OI4D4HMHUBMSA\">Sorpresas en el nuevo ranking mundial QS: as\u00ed les fue a las universidades chilenas. Se menciona la Universidad de Talca.\u00a0<\/a><br \/><br \/><\/div><div><b>DIARIO ELCENTRO <\/b>\u00a0<br \/><a href=\"https:\/\/www.diarioelcentro.cl\/2024\/06\/05\/un-viaje-por-las-raices-del-maule-documental-guanayes-se-exhibira-gratis-en-talca\/\">\u00a1Un viaje por las ra\u00edces del Maule! Documental Guanayes se exhibir\u00e1 gratis en Talca. Se menciona la Universidad de Talca. \u00a0<\/a><br \/>\u00a0<\/div><div><b>RADIO LAUTARO <\/b>\u00a0<br \/><a href=\"https:\/\/radiolautarotalca.cl\/buscan-que-jovenes-de-educacion-media-tecnico-profesional-se-interesen-por-la-ciencia-y-la-tecnologia\/\">Buscan que j\u00f3venes de educaci\u00f3n media t\u00e9cnico profesional se interesen por la ciencia y la tecnolog\u00eda. Se menciona la Universidad de Talca.<\/a> \u00a0<br \/><br \/><\/div><div><b>MAULE HOY <\/b>\u00a0<br \/><a href=\"https:\/\/maulehoy.cl\/2024\/06\/04\/aborda-los-desafios-de-planificacion-urbana-relacionados-al-recurso-hidrico-desastres-y-resiliencia\/\">Aborda los desaf\u00edos de planificaci\u00f3n urbana relacionados al recurso h\u00eddrico, desastres y resiliencia. Se menciona la Universidad de Talca. \u00a0<\/a><br \/><br \/><\/div><div><b>EL LECTOR <\/b>\u00a0<br \/><a href=\"https:\/\/www.litoralpress.cl\/paginaconsultas\/Servicios_NClipSitio\/Get_Imagen_Nota.aspx?LPKey=SFDBYFYRVITULCTDGF6WP24YPQMT4YWSDW2LLQDLKWDWFIJ3NV3N3S3ZBKHGH6NK4VCIIFMVQWUKQ\">Estudiantes participan en Encuentro &#8220;Mujeres, Ciencia y Tecnolog\u00eda&#8221; en Retiro. Se menciona la Universidad de Talca.\u00a0<\/a><\/div><div>\u00a0<\/div><div><b>LA PRENSA DE CURIC\u00d3<\/b>\u00a0<br \/><a href=\"https:\/\/www.litoralpress.cl\/paginaconsultas\/Servicios_NClipSitio\/Get_Imagen_Nota.aspx?LPKey=YHBTF6EAT5AFBG5TM3OISEWWTR6XW4TKVQ6TYCXRWNKET6HEYYW34MQ7VTHG2S7R4N3OCKSTXTIEE\">Sucede. Se menciona la Universidad de Talca.\u00a0<\/a><\/div><div>\u00a0<\/div><div><b>DIARIO TALCA<\/b>\u00a0<br \/><a href=\"https:\/\/diariotalca.cl\/gobierno-designo-nuevo-seremi-de-justicia-para-el-maule\/\">Gobierno design\u00f3 nuevo SEREMI de Justicia para el Maule. Se menciona la Universidad de Talca.\u00a0<\/a><br \/><br \/><b>EL HERALDO<\/b>\u00a0<br \/><a href=\"https:\/\/www.diarioelheraldo.cl\/noticia\/juan-mino-asume-como-seremi-de-justicia-y-ddhh-de-la-region-del-maule\">Juan Mi\u00f1o asume como Seremi de Justicia y DDHH de la Regi\u00f3n del Maule. Se menciona la Universidad de Talca.\u00a0<\/a><br \/>\u00a0<br \/><b>UNIVERSIDAD DE CHILE <\/b>\u00a0<br \/><a href=\"https:\/\/uchile.cl\/agenda\/216863\/seminario-de-jurisprudencia-clinica-y-medico-responden\">Seminario de jurisprudencia &#8220;Cl\u00ednica y m\u00e9dico responden de manera indivisible por riesgos no informados&#8221;. Se menciona la Universidad de Talca. \u00a0<\/a><br \/><br \/><\/div>\t\t\t\t\t\t<\/div>\n\t\t\t\t<\/div>\n\t\t\t\t\t<\/div>\n\t\t<\/div>\n\t\t\t\t\t\t\t<\/div>\n\t\t<\/section>\n\t\t\t\t\t\t<\/div>\n\t\t\t\t\t<\/div>\n\t\t","protected":false},"excerpt":{"rendered":"<p>EL DIARIO SANTIAGO\u00a0Especialistas destacan que la industria frut\u00edcola est\u00e1 preparada para las lluvias. Se refiere \u00c1lvaro Sep\u00falveda, investigador del Centro de Pom\u00e1ceas \u00a0\u00a0RADIO ALLEN \u00a0Econom\u00eda: Especialistas destacan que la industria frut\u00edcola est\u00e1 preparada para las lluvias. Se refiere \u00c1lvaro Sep\u00falveda, investigador del Centro de Pom\u00e1ceas \u00a0 MEDIABANCO\u00a0Especialistas destacan que la industria frut\u00edcola est\u00e1 preparada para &hellip;<\/p>\n<p class=\"read-more\"> <a class=\"\" href=\"https:\/\/www.reportedeprensa.utalca.cl\/?p=9956\"> <span class=\"screen-reader-text\">06 de junio de 2024<\/span> Read More &raquo;<\/a><\/p>\n","protected":false},"author":1,"featured_media":0,"comment_status":"closed","ping_status":"open","sticky":false,"template":"","format":"standard","meta":{"_monsterinsights_skip_tracking":false,"_monsterinsights_sitenote_active":false,"_monsterinsights_sitenote_note":"","_monsterinsights_sitenote_category":0},"categories":[49],"tags":[],"_links":{"self":[{"href":"https:\/\/www.reportedeprensa.utalca.cl\/index.php?rest_route=\/wp\/v2\/posts\/9956"}],"collection":[{"href":"https:\/\/www.reportedeprensa.utalca.cl\/index.php?rest_route=\/wp\/v2\/posts"}],"about":[{"href":"https:\/\/www.reportedeprensa.utalca.cl\/index.php?rest_route=\/wp\/v2\/types\/post"}],"author":[{"embeddable":true,"href":"https:\/\/www.reportedeprensa.utalca.cl\/index.php?rest_route=\/wp\/v2\/users\/1"}],"replies":[{"embeddable":true,"href":"https:\/\/www.reportedeprensa.utalca.cl\/index.php?rest_route=%2Fwp%2Fv2%2Fcomments&post=9956"}],"version-history":[{"count":4,"href":"https:\/\/www.reportedeprensa.utalca.cl\/index.php?rest_route=\/wp\/v2\/posts\/9956\/revisions"}],"predecessor-version":[{"id":9961,"href":"https:\/\/www.reportedeprensa.utalca.cl\/index.php?rest_route=\/wp\/v2\/posts\/9956\/revisions\/9961"}],"wp:attachment":[{"href":"https:\/\/www.reportedeprensa.utalca.cl\/index.php?rest_route=%2Fwp%2Fv2%2Fmedia&parent=9956"}],"wp:term":[{"taxonomy":"category","embeddable":true,"href":"https:\/\/www.reportedeprensa.utalca.cl\/index.php?rest_route=%2Fwp%2Fv2%2Fcategories&post=9956"},{"taxonomy":"post_tag","embeddable":true,"href":"https:\/\/www.reportedeprensa.utalca.cl\/index.php?rest_route=%2Fwp%2Fv2%2Ftags&post=9956"}],"curies":[{"name":"wp","href":"https:\/\/api.w.org\/{rel}","templated":true}]}}