{"id":996,"date":"2021-05-13T09:38:18","date_gmt":"2021-05-13T12:38:18","guid":{"rendered":"https:\/\/www.reportedeprensa.utalca.cl\/?p=996"},"modified":"2021-05-13T09:51:50","modified_gmt":"2021-05-13T12:51:50","slug":"13-de-mayo-de-2021","status":"publish","type":"post","link":"https:\/\/www.reportedeprensa.utalca.cl\/?p=996","title":{"rendered":"13 de mayo de 2021"},"content":{"rendered":"\t\t<div data-elementor-type=\"wp-post\" data-elementor-id=\"996\" class=\"elementor elementor-996\" data-elementor-settings=\"[]\">\n\t\t\t\t\t\t\t<div class=\"elementor-section-wrap\">\n\t\t\t\t\t\t\t<section class=\"elementor-section elementor-top-section elementor-element elementor-element-a06ca45 elementor-section-boxed elementor-section-height-default elementor-section-height-default\" data-id=\"a06ca45\" data-element_type=\"section\">\n\t\t\t\t\t\t<div class=\"elementor-container elementor-column-gap-default\">\n\t\t\t\t\t<div class=\"elementor-column elementor-col-100 elementor-top-column elementor-element elementor-element-1486c35\" data-id=\"1486c35\" data-element_type=\"column\">\n\t\t\t<div class=\"elementor-widget-wrap elementor-element-populated\">\n\t\t\t\t\t\t\t\t<div class=\"elementor-element elementor-element-42b145e elementor-widget elementor-widget-text-editor\" data-id=\"42b145e\" data-element_type=\"widget\" data-widget_type=\"text-editor.default\">\n\t\t\t\t<div class=\"elementor-widget-container\">\n\t\t\t\t\t\t\t\t<p><b>COOPERATIVA.CL<\/b><\/p><p><a style=\"font-style: inherit; font-weight: inherit; background-color: #ffffff; font-family: -apple-system, BlinkMacSystemFont,;\" href=\"https:\/\/www.cooperativa.cl\/noticias\/sociedad\/salud\/coronavirus\/utalca-y-colmed-maule-advierten-que-preemergencias-propiciaran-contagios\/2021-05-12\/165212.html\" target=\"_blank\" rel=\"noopener\">UTalca y Colmed Maule advierten que preemergencias propiciar\u00e1n contagios COVID por mala ventilaci\u00f3n.<\/a><\/p>\t\t\t\t\t\t<\/div>\n\t\t\t\t<\/div>\n\t\t\t\t<div class=\"elementor-element elementor-element-9dae01b elementor-widget elementor-widget-text-editor\" data-id=\"9dae01b\" data-element_type=\"widget\" data-widget_type=\"text-editor.default\">\n\t\t\t\t<div class=\"elementor-widget-container\">\n\t\t\t\t\t\t\t\t<p><b>CANAL TVN<\/b><\/p><p><a style=\"font-style: inherit; font-weight: inherit; background-color: #ffffff; font-family: -apple-system, BlinkMacSystemFont,;\" href=\"https:\/\/www.litoralpress.cl\/Archivos\/HTHPX6NAFYKCUJY5WQ47A3ISJY.mp4\" target=\"_blank\" rel=\"noopener\">En Magallanes construir\u00e1n la primera planta de hidr\u00f3geno verde en Am\u00e9rica Latina. Se refiere Carlos Restrepo, acad\u00e9mico de la Facultad de Ingenier\u00eda de la UTalca.<\/a><\/p>\t\t\t\t\t\t<\/div>\n\t\t\t\t<\/div>\n\t\t\t\t<div class=\"elementor-element elementor-element-9ddfa60 elementor-widget elementor-widget-text-editor\" data-id=\"9ddfa60\" data-element_type=\"widget\" data-widget_type=\"text-editor.default\">\n\t\t\t\t<div class=\"elementor-widget-container\">\n\t\t\t\t\t\t\t\t<p><b>CANAL 24 HORAS<\/b><\/p><p><a style=\"font-style: inherit; font-weight: inherit; background-color: #ffffff; font-family: -apple-system, BlinkMacSystemFont,;\" href=\"https:\/\/www.litoralpress.cl\/Archivos\/CLDKVHVM6R3TVVROP7MEDB36RQ.mp4\" target=\"_blank\" rel=\"noopener\">En Magallanes construir\u00e1n la primera planta de hidr\u00f3geno verde en Am\u00e9rica Latina. Se refiere Carlos Restrepo, acad\u00e9mico de la Facultad de Ingenier\u00eda de la UTalca.<\/a><\/p>\t\t\t\t\t\t<\/div>\n\t\t\t\t<\/div>\n\t\t\t\t<div class=\"elementor-element elementor-element-433cf60 elementor-widget elementor-widget-text-editor\" data-id=\"433cf60\" data-element_type=\"widget\" data-widget_type=\"text-editor.default\">\n\t\t\t\t<div class=\"elementor-widget-container\">\n\t\t\t\t\t\t\t\t<p><b>LATERCERA.COM<\/b><\/p><p><a style=\"font-style: inherit; font-weight: inherit; background-color: #ffffff; font-family: -apple-system, BlinkMacSystemFont,;\" href=\"https:\/\/www.latercera.com\/la-tercera-pm\/noticia\/estudio-revela-que-185-de-hogares-rurales-de-la-araucania-y-los-lagos-registra-preocupante-carencia-de-alimentos-durante-la-pandemia\/PT4WJ5PZBRGI3IZZCSVNSXECOU\/\" target=\"_blank\" rel=\"noopener\">Estudio revela que 18,5% de hogares rurales de La Araucan\u00eda y Los Lagos registra preocupante carencia de alimentos durante la pandemia. Se refiere Emilia Giacaman, acad\u00e9mica de la Escuela de Nutrici\u00f3n y Diet\u00e9tica de la UTalca.<\/a><\/p>\t\t\t\t\t\t<\/div>\n\t\t\t\t<\/div>\n\t\t\t\t<div class=\"elementor-element elementor-element-9e6e6ad elementor-widget elementor-widget-text-editor\" data-id=\"9e6e6ad\" data-element_type=\"widget\" data-widget_type=\"text-editor.default\">\n\t\t\t\t<div class=\"elementor-widget-container\">\n\t\t\t\t\t\t\t\t<p><b>ADPRENSA.CL<\/b><\/p><p><a style=\"font-style: inherit; font-weight: inherit; background-color: #ffffff; font-family: -apple-system, BlinkMacSystemFont,;\" href=\"https:\/\/www.adprensa.cl\/actividades-academicas\/energias-sustentables-inauguran-planta-solar-fotovoltaica\/\" target=\"_blank\" rel=\"noopener\">Energ\u00edas sustentables: inauguran planta solar fotovoltaica. Se refiere Pablo Villalobos, vicerrector de Innovaci\u00f3n y Transferencia Tecnol\u00f3gica; Javier Mu\u00f1oz, decano de la Facultad de Ingenier\u00eda; y Cristi\u00e1n Mardones, director de la Escuela de Ingenier\u00eda Civil El\u00e9ctrica.<\/a><\/p>\t\t\t\t\t\t<\/div>\n\t\t\t\t<\/div>\n\t\t\t\t<div class=\"elementor-element elementor-element-3ccc7a7 elementor-widget elementor-widget-text-editor\" data-id=\"3ccc7a7\" data-element_type=\"widget\" data-widget_type=\"text-editor.default\">\n\t\t\t\t<div class=\"elementor-widget-container\">\n\t\t\t\t\t\t\t\t<p><b>UNIVERSIDADESESTATALES.CL<\/b><\/p><p><a style=\"font-style: inherit; font-weight: inherit; background-color: #ffffff; font-family: -apple-system, BlinkMacSystemFont,;\" href=\"http:\/\/www.universidadesestatales.cl\/cue\/?q=node\/8744\" target=\"_blank\" rel=\"noopener\">Energ\u00edas sustentables: inauguran planta solar fotovoltaica. Se refiere Pablo Villalobos, vicerrector de Innovaci\u00f3n y Transferencia Tecnol\u00f3gica; Javier Mu\u00f1oz, decano de la Facultad de Ingenier\u00eda; y Cristi\u00e1n Mardones, director de la Escuela de Ingenier\u00eda Civil El\u00e9ctrica.<\/a><\/p>\t\t\t\t\t\t<\/div>\n\t\t\t\t<\/div>\n\t\t\t\t<div class=\"elementor-element elementor-element-1a56a19 elementor-widget elementor-widget-text-editor\" data-id=\"1a56a19\" data-element_type=\"widget\" data-widget_type=\"text-editor.default\">\n\t\t\t\t<div class=\"elementor-widget-container\">\n\t\t\t\t\t\t\t\t<p><b>RANCAGUATV.CL<\/b><\/p><p><a style=\"font-style: inherit; font-weight: inherit; background-color: #ffffff; font-family: -apple-system, BlinkMacSystemFont,;\" href=\"https:\/\/www.rancaguatv.cl\/o-higgins-noticias-cronicas-de-actualidad\/136-energia\/3907-curico-inauguran-planta-solar-fotovoltaica\" target=\"_blank\" rel=\"noopener\">Inauguran planta solar fotovoltaica. Se refiere Pablo Villalobos, vicerrector de Innovaci\u00f3n y Transferencia Tecnol\u00f3gica; Javier Mu\u00f1oz, decano de la Facultad de Ingenier\u00eda; y Cristi\u00e1n Mardones, director de la Escuela de Ingenier\u00eda Civil El\u00e9ctrica.<\/a><\/p>\t\t\t\t\t\t<\/div>\n\t\t\t\t<\/div>\n\t\t\t\t<div class=\"elementor-element elementor-element-dd4921d elementor-widget elementor-widget-text-editor\" data-id=\"dd4921d\" data-element_type=\"widget\" data-widget_type=\"text-editor.default\">\n\t\t\t\t<div class=\"elementor-widget-container\">\n\t\t\t\t\t\t\t\t<p><b>UNIVERSIDADESESTATALES.CL<\/b><\/p><p><a style=\"font-style: inherit; font-weight: inherit; background-color: #ffffff; font-family: -apple-system, BlinkMacSystemFont,;\" href=\"http:\/\/www.universidadesestatales.cl\/cue\/?q=node\/8746\" target=\"_blank\" rel=\"noopener\">UTalca y Ministerio de Miner\u00eda firman convenio para apoyar actividad en el Maule.<\/a><\/p>\t\t\t\t\t\t<\/div>\n\t\t\t\t<\/div>\n\t\t\t\t<div class=\"elementor-element elementor-element-b56585c elementor-widget elementor-widget-text-editor\" data-id=\"b56585c\" data-element_type=\"widget\" data-widget_type=\"text-editor.default\">\n\t\t\t\t<div class=\"elementor-widget-container\">\n\t\t\t\t\t\t\t\t<p><b>MINERIACHILE.CL<\/b><\/p><p><a style=\"font-style: inherit; font-weight: inherit; background-color: #ffffff; font-family: -apple-system, BlinkMacSystemFont,;\" href=\"https:\/\/www.mineriachile.cl\/2021\/05\/12\/utalca-y-ministerio-de-mineria-firman-convenio-para-apoyar-actividad-en-el-maule\/\" target=\"_blank\" rel=\"noopener\">UTalca y Ministerio de Miner\u00eda firman convenio para apoyar actividad en el Maule.<\/a><\/p>\t\t\t\t\t\t<\/div>\n\t\t\t\t<\/div>\n\t\t\t\t<div class=\"elementor-element elementor-element-9209f1b elementor-widget elementor-widget-text-editor\" data-id=\"9209f1b\" data-element_type=\"widget\" data-widget_type=\"text-editor.default\">\n\t\t\t\t<div class=\"elementor-widget-container\">\n\t\t\t\t\t\t\t\t<p><b>RADIORTL.CL<\/b><\/p><p><a style=\"font-style: inherit; font-weight: inherit; background-color: #ffffff; font-family: -apple-system, BlinkMacSystemFont,;\" href=\"https:\/\/radiortl.cl\/2021\/05\/12\/especialista-explico-por-que-el-covid-19-seria-una-enfermedad-vascular-y-no-respiratoria\/\" target=\"_blank\" rel=\"noopener\">Especialista explic\u00f3 por qu\u00e9 el COVID-19 ser\u00eda una enfermedad vascular y no respiratoria. Se refiere Dayana Machado, directora del Programa de Medicina Interna de la UTalca.<\/a><\/p>\t\t\t\t\t\t<\/div>\n\t\t\t\t<\/div>\n\t\t\t\t<div class=\"elementor-element elementor-element-1fb752b elementor-widget elementor-widget-text-editor\" data-id=\"1fb752b\" data-element_type=\"widget\" data-widget_type=\"text-editor.default\">\n\t\t\t\t<div class=\"elementor-widget-container\">\n\t\t\t\t\t\t\t\t<p><b>RANCAGUATV.CL<\/b><\/p><p><a style=\"font-style: inherit; font-weight: inherit; background-color: #ffffff; font-family: -apple-system, BlinkMacSystemFont,;\" href=\"https:\/\/www.rancaguatv.cl\/o-higgins-noticias-cronicas-de-actualidad\/98-salud\/3899-especialista-explico-por-que-el-covid-19-seria-una-enfermedad-vascular-y-no-respiratoria\" target=\"_blank\" rel=\"noopener\">Especialista explic\u00f3 por qu\u00e9 el COVID-19 ser\u00eda una enfermedad vascular y no respiratoria. Se refiere Dayana Machado, directora del Programa de Medicina Interna de la UTalca.<\/a><\/p>\t\t\t\t\t\t<\/div>\n\t\t\t\t<\/div>\n\t\t\t\t<div class=\"elementor-element elementor-element-b638b67 elementor-widget elementor-widget-text-editor\" data-id=\"b638b67\" data-element_type=\"widget\" data-widget_type=\"text-editor.default\">\n\t\t\t\t<div class=\"elementor-widget-container\">\n\t\t\t\t\t\t\t\t<p><b>G5NOTICIAS.CL<\/b><\/p><p><a style=\"font-style: inherit; font-weight: inherit; background-color: #ffffff; font-family: -apple-system, BlinkMacSystemFont,;\" href=\"https:\/\/g5noticias.cl\/2021\/05\/12\/especialista-explico-por-que-el-covid-19-seria-una-enfermedad-vascular-y-no-respiratoria\/\" target=\"_blank\" rel=\"noopener\">Especialista explic\u00f3 por qu\u00e9 el COVID-19 ser\u00eda una enfermedad vascular y no respiratoria. Se refiere Dayana Machado, directora del Programa de Medicina Interna de la UTalca.<\/a><\/p>\t\t\t\t\t\t<\/div>\n\t\t\t\t<\/div>\n\t\t\t\t<div class=\"elementor-element elementor-element-a145c09 elementor-widget elementor-widget-text-editor\" data-id=\"a145c09\" data-element_type=\"widget\" data-widget_type=\"text-editor.default\">\n\t\t\t\t<div class=\"elementor-widget-container\">\n\t\t\t\t\t\t\t\t<p><b>TVMAULE.CL<\/b><\/p><p><a style=\"font-style: inherit; font-weight: inherit; background-color: #ffffff; font-family: -apple-system, BlinkMacSystemFont,;\" href=\"https:\/\/www.tvmaule.cl\/entregan-resultados-de-proyecto-sobre-medicion-de-contaminacion-del-aire-a-bajo-costo-en-provincia-de-curico\/\" target=\"_blank\" rel=\"noopener\">Entregan resultados de proyecto sobre medici\u00f3n de contaminaci\u00f3n del aire a bajo costo en Provincia de Curic\u00f3. Se menciona que investigaci\u00f3n es realizada por la UTalca.<\/a><\/p>\t\t\t\t\t\t<\/div>\n\t\t\t\t<\/div>\n\t\t\t\t<div class=\"elementor-element elementor-element-6c979ac elementor-widget elementor-widget-text-editor\" data-id=\"6c979ac\" data-element_type=\"widget\" data-widget_type=\"text-editor.default\">\n\t\t\t\t<div class=\"elementor-widget-container\">\n\t\t\t\t\t\t\t\t<p><b>TALCACAPITAL.CL<\/b><\/p><p><a style=\"font-style: inherit; font-weight: inherit; background-color: #ffffff; font-family: -apple-system, BlinkMacSystemFont,;\" href=\"https:\/\/talcacapital.cl\/investigador-utalca-entrega-resultados-de-proyecto-sobre-medicion-de-contaminacion-del-aire-a-bajo-costo-en-provincia-de-curico\/\" target=\"_blank\" rel=\"noopener\">Investigador UTalca entrega resultados de proyecto sobre medici\u00f3n de contaminaci\u00f3n del aire a bajo costo en Provincia de Curic\u00f3.<\/a><\/p>\t\t\t\t\t\t<\/div>\n\t\t\t\t<\/div>\n\t\t\t\t<div class=\"elementor-element elementor-element-b0ec68a elementor-widget elementor-widget-text-editor\" data-id=\"b0ec68a\" data-element_type=\"widget\" data-widget_type=\"text-editor.default\">\n\t\t\t\t<div class=\"elementor-widget-container\">\n\t\t\t\t\t\t\t\t<p><b>ELALFA.CL<\/b><\/p><p><a style=\"font-style: inherit; font-weight: inherit; background-color: #ffffff; font-family: -apple-system, BlinkMacSystemFont,;\" href=\"https:\/\/elalfa.cl\/index.php\/2021\/05\/12\/investigador-utalca-entrega-resultados-de-proyecto-sobre-medici\/\" target=\"_blank\" rel=\"noopener\">Investigador UTalca entrega resultados de proyecto sobre medici\u00f3n.<\/a><\/p>\t\t\t\t\t\t<\/div>\n\t\t\t\t<\/div>\n\t\t\t\t<div class=\"elementor-element elementor-element-49863d2 elementor-widget elementor-widget-text-editor\" data-id=\"49863d2\" data-element_type=\"widget\" data-widget_type=\"text-editor.default\">\n\t\t\t\t<div class=\"elementor-widget-container\">\n\t\t\t\t\t\t\t\t<p><b>CENTROSURNOTICIAS.CL<\/b><\/p><p><a style=\"font-style: inherit; font-weight: inherit; background-color: #ffffff; font-family: -apple-system, BlinkMacSystemFont,;\" href=\"https:\/\/centrosurnoticias.cl\/investigador-utalca-entrega-resultados-de-proyecto-sobre-medicion-de-contaminacion-del-aire-a-bajo-costo-en-provincia-de-curico\/\" target=\"_blank\" rel=\"noopener\">Investigador UTalca entrega resultados de proyecto sobre medici\u00f3n de contaminaci\u00f3n del aire a bajo costo en Provincia de Curic\u00f3.<\/a><\/p>\t\t\t\t\t\t<\/div>\n\t\t\t\t<\/div>\n\t\t\t\t<div class=\"elementor-element elementor-element-d73e8d1 elementor-widget elementor-widget-text-editor\" data-id=\"d73e8d1\" data-element_type=\"widget\" data-widget_type=\"text-editor.default\">\n\t\t\t\t<div class=\"elementor-widget-container\">\n\t\t\t\t\t\t\t\t<p><b>LPEMNOTICIAS.CL<\/b><\/p><p><a style=\"font-style: inherit; font-weight: inherit; background-color: #ffffff; font-family: -apple-system, BlinkMacSystemFont,;\" href=\"http:\/\/lpemnoticias.cl\/entregan-resultados-de-medicion-de-contaminacion-del-aire-en-provincia-de-curico-resultaria-en-el-biobio\/\" target=\"_blank\" rel=\"noopener\">Entregan resultados de medici\u00f3n de contaminaci\u00f3n del aire en Provincia de Curic\u00f3 \u00bfresultar\u00eda en el Biob\u00edo? Se refiere Ricardo Baettig, investigador de la UTalca.<\/a><\/p>\t\t\t\t\t\t<\/div>\n\t\t\t\t<\/div>\n\t\t\t\t<div class=\"elementor-element elementor-element-4ad397c elementor-widget elementor-widget-text-editor\" data-id=\"4ad397c\" data-element_type=\"widget\" data-widget_type=\"text-editor.default\">\n\t\t\t\t<div class=\"elementor-widget-container\">\n\t\t\t\t\t\t\t\t<p><b>CANAL 24 HORAS<\/b><\/p><p><a style=\"font-style: inherit; font-weight: inherit; background-color: #ffffff; font-family: -apple-system, BlinkMacSystemFont,;\" href=\"https:\/\/www.litoralpress.cl\/Archivos\/ROKASNXOOZIZAYNJK5OWSS3BXQ.mp4\" target=\"_blank\" rel=\"noopener\">V\u00eda P\u00fablica: entrevista a Mauricio Morales, director del Centro de An\u00e1lisis Pol\u00edtico (CAP) de la UTalca.<\/a><\/p>\t\t\t\t\t\t<\/div>\n\t\t\t\t<\/div>\n\t\t\t\t<div class=\"elementor-element elementor-element-848d8f4 elementor-widget elementor-widget-text-editor\" data-id=\"848d8f4\" data-element_type=\"widget\" data-widget_type=\"text-editor.default\">\n\t\t\t\t<div class=\"elementor-widget-container\">\n\t\t\t\t\t\t\t\t<p><b>RADIO DUNA<\/b><\/p><p><a style=\"font-style: inherit; font-weight: inherit; background-color: #ffffff; font-family: -apple-system, BlinkMacSystemFont,;\" href=\"https:\/\/www.litoralpress.cl\/Archivos\/ROKASNXOOZIZAYNJK5OWSS3BXQ.mp4\" target=\"_blank\" rel=\"noopener\">Entrevista a Mauricio Morales, director del Centro de An\u00e1lisis Pol\u00edtico (CAP) de la UTalca.<\/a><\/p>\t\t\t\t\t\t<\/div>\n\t\t\t\t<\/div>\n\t\t\t\t<div class=\"elementor-element elementor-element-fcc7de3 elementor-widget elementor-widget-text-editor\" data-id=\"fcc7de3\" data-element_type=\"widget\" data-widget_type=\"text-editor.default\">\n\t\t\t\t<div class=\"elementor-widget-container\">\n\t\t\t\t\t\t\t\t<p><b>RADIO ADN<\/b><\/p><p><a style=\"font-style: inherit; font-weight: inherit; background-color: #ffffff; font-family: -apple-system, BlinkMacSystemFont,;\" href=\"https:\/\/www.litoralpress.cl\/Archivos\/2YVHW7TED4SE2DQZOR5BRVOTN4.mp3\" target=\"_blank\" rel=\"noopener\">Crece la preocupaci\u00f3n por el resguardo de las urnas para las elecciones. Se refiere Mario Herrera, acad\u00e9mico del Centro de An\u00e1lisis Pol\u00edtico (CAP) de la UTalca.<\/a><\/p>\t\t\t\t\t\t<\/div>\n\t\t\t\t<\/div>\n\t\t\t\t<div class=\"elementor-element elementor-element-331ea55 elementor-widget elementor-widget-text-editor\" data-id=\"331ea55\" data-element_type=\"widget\" data-widget_type=\"text-editor.default\">\n\t\t\t\t<div class=\"elementor-widget-container\">\n\t\t\t\t\t\t\t\t<p><b>RADIO ADN<\/b><\/p><p><a style=\"font-style: inherit; font-weight: inherit; background-color: #ffffff; font-family: -apple-system, BlinkMacSystemFont,;\" href=\"https:\/\/www.litoralpress.cl\/Archivos\/6V2OKFENVHQWUFE45YC74UEDBU.mp3\" target=\"_blank\" rel=\"noopener\">Pol\u00e9mica ley establece 2 d\u00edas irrenunciables 15 y 16 de mayo. Se refiere Mauricio Morales, director del Centro de An\u00e1lisis Pol\u00edtico (CAP) de la UTalca.<\/a><\/p>\t\t\t\t\t\t<\/div>\n\t\t\t\t<\/div>\n\t\t\t\t<div class=\"elementor-element elementor-element-922d785 elementor-widget elementor-widget-text-editor\" data-id=\"922d785\" data-element_type=\"widget\" data-widget_type=\"text-editor.default\">\n\t\t\t\t<div class=\"elementor-widget-container\">\n\t\t\t\t\t\t\t\t<p><b>EL LECTOR<\/b><\/p><p><a style=\"font-style: inherit; font-weight: inherit; background-color: #ffffff; font-family: -apple-system, BlinkMacSystemFont,;\" href=\"https:\/\/www.litoralpress.cl\/paginaconsultas\/Servicios_NClip\/Get_Imagen_Nota.aspx?LPKey=APOE5WRBFEIA7UZ4LWI3YXRUSYJAPAL3GV5FDYYDD4LAVQHDQDLLBYYD6LCKM73JON5WNOUMWYZYK\" target=\"_blank\" rel=\"noopener\">INIA dio inicio a primer curso gratuito de diagn\u00f3stico nutricional en frutales y vides. Se menciona a la UTalca.<\/a><\/p>\t\t\t\t\t\t<\/div>\n\t\t\t\t<\/div>\n\t\t\t\t\t<\/div>\n\t\t<\/div>\n\t\t\t\t\t\t\t<\/div>\n\t\t<\/section>\n\t\t\t\t\t\t<\/div>\n\t\t\t\t\t<\/div>\n\t\t","protected":false},"excerpt":{"rendered":"<p>COOPERATIVA.CL UTalca y Colmed Maule advierten que preemergencias propiciar\u00e1n contagios COVID por mala ventilaci\u00f3n. CANAL TVN En Magallanes construir\u00e1n la primera planta de hidr\u00f3geno verde en Am\u00e9rica Latina. Se refiere Carlos Restrepo, acad\u00e9mico de la Facultad de Ingenier\u00eda de la UTalca. CANAL 24 HORAS En Magallanes construir\u00e1n la primera planta de hidr\u00f3geno verde en Am\u00e9rica &hellip;<\/p>\n<p class=\"read-more\"> <a class=\"\" href=\"https:\/\/www.reportedeprensa.utalca.cl\/?p=996\"> <span class=\"screen-reader-text\">13 de mayo de 2021<\/span> Read More &raquo;<\/a><\/p>\n","protected":false},"author":1,"featured_media":0,"comment_status":"closed","ping_status":"open","sticky":false,"template":"elementor_theme","format":"standard","meta":{"_monsterinsights_skip_tracking":false,"_monsterinsights_sitenote_active":false,"_monsterinsights_sitenote_note":"","_monsterinsights_sitenote_category":0},"categories":[8],"tags":[],"_links":{"self":[{"href":"https:\/\/www.reportedeprensa.utalca.cl\/index.php?rest_route=\/wp\/v2\/posts\/996"}],"collection":[{"href":"https:\/\/www.reportedeprensa.utalca.cl\/index.php?rest_route=\/wp\/v2\/posts"}],"about":[{"href":"https:\/\/www.reportedeprensa.utalca.cl\/index.php?rest_route=\/wp\/v2\/types\/post"}],"author":[{"embeddable":true,"href":"https:\/\/www.reportedeprensa.utalca.cl\/index.php?rest_route=\/wp\/v2\/users\/1"}],"replies":[{"embeddable":true,"href":"https:\/\/www.reportedeprensa.utalca.cl\/index.php?rest_route=%2Fwp%2Fv2%2Fcomments&post=996"}],"version-history":[{"count":4,"href":"https:\/\/www.reportedeprensa.utalca.cl\/index.php?rest_route=\/wp\/v2\/posts\/996\/revisions"}],"predecessor-version":[{"id":1000,"href":"https:\/\/www.reportedeprensa.utalca.cl\/index.php?rest_route=\/wp\/v2\/posts\/996\/revisions\/1000"}],"wp:attachment":[{"href":"https:\/\/www.reportedeprensa.utalca.cl\/index.php?rest_route=%2Fwp%2Fv2%2Fmedia&parent=996"}],"wp:term":[{"taxonomy":"category","embeddable":true,"href":"https:\/\/www.reportedeprensa.utalca.cl\/index.php?rest_route=%2Fwp%2Fv2%2Fcategories&post=996"},{"taxonomy":"post_tag","embeddable":true,"href":"https:\/\/www.reportedeprensa.utalca.cl\/index.php?rest_route=%2Fwp%2Fv2%2Ftags&post=996"}],"curies":[{"name":"wp","href":"https:\/\/api.w.org\/{rel}","templated":true}]}}