{"id":9965,"date":"2024-06-07T12:44:34","date_gmt":"2024-06-07T15:44:34","guid":{"rendered":"https:\/\/www.reportedeprensa.utalca.cl\/?p=9965"},"modified":"2024-06-07T12:52:53","modified_gmt":"2024-06-07T15:52:53","slug":"07-de-junio-de-2024","status":"publish","type":"post","link":"https:\/\/www.reportedeprensa.utalca.cl\/?p=9965","title":{"rendered":"07 de junio de 2024"},"content":{"rendered":"\t\t<div data-elementor-type=\"wp-post\" data-elementor-id=\"9965\" class=\"elementor elementor-9965\" data-elementor-settings=\"[]\">\n\t\t\t\t\t\t\t<div class=\"elementor-section-wrap\">\n\t\t\t\t\t\t\t<section class=\"elementor-section elementor-top-section elementor-element elementor-element-bcea1a8 elementor-section-boxed elementor-section-height-default elementor-section-height-default\" data-id=\"bcea1a8\" data-element_type=\"section\">\n\t\t\t\t\t\t<div class=\"elementor-container elementor-column-gap-default\">\n\t\t\t\t\t<div class=\"elementor-column elementor-col-100 elementor-top-column elementor-element elementor-element-e7183bf\" data-id=\"e7183bf\" data-element_type=\"column\">\n\t\t\t<div class=\"elementor-widget-wrap elementor-element-populated\">\n\t\t\t\t\t\t\t\t<div class=\"elementor-element elementor-element-58d7315 elementor-widget elementor-widget-text-editor\" data-id=\"58d7315\" data-element_type=\"widget\" data-widget_type=\"text-editor.default\">\n\t\t\t\t<div class=\"elementor-widget-container\">\n\t\t\t\t\t\t\t\t<div>\u00a0<\/div><div><div><b>CANAL MEGA<\/b>\u00a0<br \/><a href=\"https:\/\/www.litoralpress.cl\/sitio\/RadioTV_Detalles.cshtml?LPKey=YVOE6QT4ZC6PLDOGRYGAVKGG6OWYYGZJSVOQT2ID3LJILRE3WE4YN3N7M7YYL3B5UXYPMBXT2XEEK\">Alerta roja por desborde de r\u00edos precordilleranos. &#8211; Preocupaci\u00f3n por nuevo pulso clim\u00e1tico.\u00a0Entrevista a Patricio Gonz\u00e1lez, agroclimat\u00f3logo y acad\u00e9mico del Centro de Investigaci\u00f3n y Transferencia en Riego y Agroclimatolog\u00eda (CITRA).\u202f\u202f\u202f\u00a0\u00a0<\/a><\/div><div>\u00a0<\/div><div class=\"x_elementToProof\"><b>LA TERCERA <\/b><\/div><div><a href=\"https:\/\/www.litoralpress.cl\/paginaconsultas\/Servicios_NClipSitio\/Get_Imagen_Nota.aspx?LPKey=L7MTXIV242G5YMZ5DR2PZ24OZTR4ZOOS2RIDW5DZA7NGYWBFUHJVEC2SSRSTMYFWRZOC46NG7UNUA\">Cicl\u00f3n extratropical se aproxima a la Regi\u00f3n Metropolitana: \u00bfCu\u00e1ndo llover\u00e1 en la capital? Se refiere Patricio Gonz\u00e1lez Colville, agroclimat\u00f3logo y acad\u00e9mico del Centro de Investigaci\u00f3n y Transferencia en Riego y Agroclimatolog\u00eda (CITRA).\u202f\u202f\u202f\u00a0\u00a0<\/a><br \/><br \/><\/div><div><b>LA MEGA<\/b>\u00a0\u00a0<br \/><a href=\"https:\/\/www.lamega.cl\/sistema-frontal-en-zona-centro-sur-provoca-aumento-de-caudales-en-rios-suspension-de-clases-y-clientes-sin-luz\/\">Sistema frontal en zona centro sur provoca aumento de caudales en r\u00edos, suspensi\u00f3n de clases y clientes sin luz. Se refiere Patricio Gonz\u00e1lez Colville, agroclimat\u00f3logo y acad\u00e9mico del Centro de Investigaci\u00f3n y Transferencia en Riego y Agroclimatolog\u00eda (CITRA).\u202f<\/a>\u202f\u202f\u00a0\u00a0<br \/><br \/><\/div><div class=\"x_elementToProof\"><b>CNN CHILE ONLINE<\/b><\/div><div class=\"x_elementToProof\"><a href=\"https:\/\/www.cnnchile.com\/pais\/sistema-frontal-en-zona-centro-sur-provoca-aumento-de-caudales-en-rios-suspension-de-clases-y-clientes-sin-luz_20240606\/\">Sistema frontal en zona centro sur provoca aumento de caudales en r\u00edos, suspensi\u00f3n de clases y clientes sin luz. Se refiere Patricio Gonz\u00e1lez Colville, agroclimat\u00f3logo y acad\u00e9mico del Centro de Investigaci\u00f3n y Transferencia en Riego y Agroclimatolog\u00eda (CITRA).\u202f\u202f\u202f<\/a>\u00a0\u00a0<\/div><div>\u00a0<\/div><div><b>EN L\u00cdNEA MAULE<\/b>\u00a0\u00a0<br \/><a href=\"https:\/\/www.litoralpress.cl\/sitio\/RadioTV_Detalles.cshtml?LPKey=PD264K7BA3YB3SO2GEIHMRMI4G6Q45CHPBDYJXE4YMVKBNY4GVHKLEJANQUSX2HSBLMXANYXXVRAE\">Entrevista a Patricio Gonz\u00e1lez Colville, agroclimat\u00f3logo y acad\u00e9mico del Centro de Investigaci\u00f3n y Transferencia en Riego y Agroclimatolog\u00eda (CITRA).\u202f\u202f\u202f\u00a0\u00a0<\/a><br \/><br \/><\/div><div><b>RADIO LAUTARO<\/b>\u00a0\u00a0<br \/><a href=\"https:\/\/www.litoralpress.cl\/sitio\/RadioTV_Detalles.cshtml?LPKey=AFPWOPVI4KOIQXCMRZAYUSDNGESNXKTVXJ2KASMUULBEAS7AIHK7Y5T2VRUD4BIDMFID772DNH23G\">Entrevista a Patricio Gonz\u00e1lez Colville, agroclimat\u00f3logo y acad\u00e9mico del Centro de Investigaci\u00f3n y Transferencia en Riego y Agroclimatolog\u00eda (CITRA).\u202f\u202f\u202f\u00a0\u00a0<\/a><\/div><div aria-hidden=\"true\">\u00a0<\/div><div><b>RADIO AGRICULTURA\u00a0<\/b>\u00a0<br \/><a href=\"https:\/\/www.litoralpress.cl\/sitio\/RadioTV_Detalles.cshtml?LPKey=JOYAMMZB7JV4QFDYFTO4KRCCCGN7J6MYIAEJTFEX5UUFMDQNH4E52SM7PMGGWA3ZDVRAVNSMQWBBO\">An\u00e1lisis de estudio sobre adultos que siguen viviendo con sus padres. Entrevista a Carla Mendoza, acad\u00e9mica Facultad de Psicolog\u00eda.\u00a0\u00a0<\/a><\/div><div aria-hidden=\"true\">\u00a0<\/div><div><b>TVN\u00a0ONLINE<\/b>\u00a0<br \/><a href=\"https:\/\/www.tvn.cl\/noticias\/actualidad\/expertos-llaman-a-redoblar-prevencion-ante-cuadros-de-estreptococo\">Expertos llaman a redoblar prevenci\u00f3n ante cuadros de estreptococo e influenza. Se refiere Sergio Wehinger, director del Mag\u00edster en Ciencias Biom\u00e9dicas y Claudia Mora, acad\u00e9mica Departamento de Microbiolog\u00eda.\u00a0\u00a0<\/a><br \/><br \/><\/div><div><b>AD PRENSA<\/b>\u00a0\u00a0<br \/><a href=\"https:\/\/www.adprensa.cl\/cronica\/expertos-llaman-a-redoblar-prevencion-ante-cuadros-de-estreptococo-e-influenza-2\/\">Expertos llaman a redoblar prevenci\u00f3n ante cuadros de estreptococo e influenza. Se refiere Sergio Wehinger. director del Mag\u00edster en Ciencias Biom\u00e9dicas y Claudia Mora, acad\u00e9mica Departamento de Microbiolog\u00eda.\u00a0\u00a0<\/a><br \/><br \/><\/div><div><b>CIENCIA Y SALUD<\/b>\u00a0\u00a0<br \/><a href=\"https:\/\/cienciaysalud.cl\/2024\/06\/06\/expertos-llaman-a-redoblar-prevencion-ante-cuadros-de-estreptococo-e-influenza\/\">Ciencia y Salud Expertos llaman a redoblar prevenci\u00f3n ante cuadros de estreptococo e influenza. Se refiere Sergio Wehinger, director del Mag\u00edster en Ciencias Biom\u00e9dicas y Claudia Mora, acad\u00e9mica Departamento de Microbiolog\u00eda.\u00a0\u00a0<\/a><br \/><br \/><\/div><div><b>RADIO ALLEN<\/b>\u00a0\u00a0<br \/><a href=\"https:\/\/radioallen.cl\/expertos-llaman-a-redoblar-prevencion-ante-cuadros-de-estreptococo-e-influenza\/\">Expertos llaman a redoblar prevenci\u00f3n ante cuadros de estreptococo e influenza. Se refiere Sergio Wehinger, director del Mag\u00edster en Ciencias Biom\u00e9dicas y Claudia Mora, acad\u00e9mica Departamento de Microbiolog\u00eda.\u00a0\u00a0<\/a><br \/><br \/><\/div><div><b>MEDIABANCO<\/b>\u00a0\u00a0<br \/><a href=\"https:\/\/www.mediabanco.com\/expertos-llaman-a-redoblar-prevencion-ante-cuadros-de-estreptococo-e-influenza\/\">Expertos llaman a redoblar prevenci\u00f3n ante cuadros de estreptococo e influenza. Se refiere Sergio Wehinger, director del Mag\u00edster en Ciencias Biom\u00e9dicas y Claudia Mora, acad\u00e9mica Departamento de Microbiolog\u00eda.\u00a0\u00a0<\/a><br \/><br \/><\/div><div><b>DIARIOS EN RED<\/b>\u00a0\u00a0<br \/><a href=\"https:\/\/diariosenred.com\/nacional\/expertos-llaman-a-redoblar-prevencion-ante-cuadros-de-estreptococo-e\">Expertos llaman a redoblar prevenci\u00f3n ante cuadros de estreptococo e influenza. Se refiere Sergio Wehinger, director del Mag\u00edster en Ciencias Biom\u00e9dicas y Claudia Mora, acad\u00e9mica Departamento de Microbiolog\u00eda.\u00a0\u00a0<\/a><br \/>\u00a0\u00a0<br \/><b>RED MAULE<\/b>\u00a0\u00a0<br \/><a href=\"https:\/\/www.redmaule.com\/nacional\/expertos-llaman-a-redoblar-prevencion-ante-cuadros-de-estreptococo-e\">Expertos llaman a redoblar prevenci\u00f3n ante cuadros de estreptococo e influenza. Se refiere Sergio Wehinger, director del Mag\u00edster en Ciencias Biom\u00e9dicas y Claudia Mora, acad\u00e9mica Departamento de Microbiolog\u00eda.\u00a0\u00a0<\/a><br \/><br \/><\/div><div><b>RED BIOBIO<\/b>\u00a0\u00a0<br \/><a href=\"https:\/\/www.redbiobio.com\/nacional\/expertos-llaman-a-redoblar-prevencion-ante-cuadros-de-estreptococo-e\">Expertos llaman a redoblar prevenci\u00f3n ante cuadros de estreptococo e influenza. Se refiere Sergio Wehinger, director del Mag\u00edster en Ciencias Biom\u00e9dicas y Claudia Mora, acad\u00e9mica Departamento de Microbiolog\u00eda.\u00a0\u00a0<\/a><br \/><br \/><\/div><div><b>RED O\u2019HIGGINS<\/b>\u00a0\u00a0<br \/><a href=\"https:\/\/www.redohiggins.com\/nacional\/expertos-llaman-a-redoblar-prevencion-ante-cuadros-de-estreptococo-e\">Expertos llaman a redoblar prevenci\u00f3n ante cuadros de estreptococo e influenza. Se refiere Sergio Wehinger, director del Mag\u00edster en Ciencias Biom\u00e9dicas y Claudia Mora, acad\u00e9mica Departamento de Microbiolog\u00eda.\u00a0\u00a0<\/a><br \/><br \/><\/div><div><b>EL DIARIO DE MAULE<\/b>\u00a0\u00a0<br \/><a href=\"https:\/\/eldiariodemaule.cl\/expertos-llaman-a-redoblar-prevencion-ante-cuadros-de-estreptococo-e-influenza\/\">Expertos llaman a redoblar prevenci\u00f3n ante cuadros de estreptococo e influenza. Se refiere Sergio Wehinger, director del Mag\u00edster en Ciencias Biom\u00e9dicas y Claudia Mora, acad\u00e9mica Departamento de Microbiolog\u00eda.\u00a0\u00a0<\/a><br \/><br \/><\/div><div><b>DIARIO EL HERALDO<\/b>\u00a0\u00a0<br \/><a href=\"https:\/\/www.diarioelheraldo.cl\/noticia\/expertos-llaman-a-redoblar-prevencion-ante-cuadros-de-estreptococo-e-influenza-\">Expertos llaman a redoblar prevenci\u00f3n ante cuadros de estreptococo e influenza. Se refiere Sergio Wehinger, director del Mag\u00edster en Ciencias Biom\u00e9dicas y Claudia Mora, acad\u00e9mica Departamento de Microbiolog\u00eda.\u00a0\u00a0<\/a><br \/><br \/><\/div><div><b>EL MOSTRADOR\u00a0<\/b>\u00a0<br \/><a href=\"https:\/\/www.elmostrador.cl\/agenda-pais\/agenda-sustentable\/2024\/06\/06\/cambio-climatico-y-frutas-especialistas-destacan-que-la-industria-esta-preparada-para-las-lluvias\/\">Cambio clim\u00e1tico y frutas: especialistas destacan que la industria est\u00e1 preparada para las lluvias. Se refiere \u00c1lvaro Sep\u00falveda, investigador del Centro de Pom\u00e1ceas.\u00a0\u00a0<\/a><br \/><br \/><\/div><div><b>EL MAULE HOY<\/b>\u00a0\u00a0<br \/><a href=\"https:\/\/maulehoy.cl\/2024\/06\/06\/especialistas-destacan-que-la-industria-fruticola-esta-preparada-para-las-lluvias\/\">Especialistas destacan que la industria frut\u00edcola est\u00e1 preparada para las lluvias. Se refiere \u00c1lvaro Sep\u00falveda, investigador del Centro de Pom\u00e1ceas.\u00a0\u00a0<\/a><br \/>\u00a0<\/div><div><b>G5 NOTICIA<\/b>\u00a0\u00a0<br \/><a href=\"https:\/\/g5noticias.cl\/2024\/06\/06\/especialistas-destacan-que-la-industria-fruticola-esta-preparada-para-las-lluvias\/\">Especialistas destacan que la industria frut\u00edcola est\u00e1 preparada para las lluvias. Se refiere \u00c1lvaro Sep\u00falveda, investigador del Centro de Pom\u00e1ceas.\u00a0\u00a0<\/a><br \/><br \/><\/div><div><b>CAUQUENES.NET<\/b>\u00a0\u00a0<br \/><a href=\"https:\/\/cauquenesnet.cl\/2024\/06\/06\/especialistas-destacan-que-la-industria-fruticola-esta-preparada-para-las-lluvias\/\">Especialistas destacan que la industria frut\u00edcola est\u00e1 preparada para las lluvias. Se refiere \u00c1lvaro Sep\u00falveda, investigador del Centro de Pom\u00e1ceas.\u00a0<\/a>\u00a0<br \/><br \/><\/div><div><b>DIARIO VI REGI\u00d3N<\/b>\u00a0\u00a0<br \/><a href=\"https:\/\/www.litoralpress.cl\/paginaconsultas\/Servicios_NClipSitio\/Get_Imagen_Nota.aspx?LPKey=NUWGWLDBLHTBB3TKYSMO3SIIEKB4PU4RXN4CHYIEK2V4XPXIZPZWHC27TIYPAWMGEDE6FKP36XJGW\">Especialistas destacan que industria frut\u00edcola est\u00e1 preparada para las lluvias. Se refiere \u00c1lvaro Sep\u00falveda, investigador del Centro de Pom\u00e1ceas.\u00a0\u00a0<\/a><br \/><br \/><\/div><div><b>EL LECTOR<\/b>\u00a0\u00a0<br \/><a href=\"https:\/\/www.litoralpress.cl\/paginaconsultas\/Servicios_NClipSitio\/Get_Imagen_Nota.aspx?LPKey=BZFRW25OEHQNKRHOHTH7FNTEJGZGIRURKJLVDE4SY6TI7US54HXRC3I6YGN5NCELD5GVYBUH7L5K4\">Especialistas destacan que la industria frut\u00edcola est\u00e1 preparada para las lluvias. Se refiere \u00c1lvaro Sep\u00falveda, investigador del Centro de Pom\u00e1ceas.\u00a0\u00a0<\/a><br \/><br \/><\/div><div><b>TIERRA AMARILLANO<\/b>\u00a0\u00a0<br \/><a href=\"https:\/\/tierramarillano.cl\/2024\/06\/05\/especialistas-destacan-que-la-industria-fruticola-esta-preparada-para-las-lluvias\/\">Especialistas destacan que la industria frut\u00edcola est\u00e1 preparada para las lluvias. Se refiere \u00c1lvaro Sep\u00falveda, investigador del Centro de Pom\u00e1ceas.\u00a0\u00a0<\/a><br \/><br \/><\/div><div><b>LA VOZ DE LA REGI\u00d3N<\/b>\u00a0\u00a0<br \/><a href=\"https:\/\/lavozdelaregion.cl\/index.php\/8461-especialistas-destacan-que-industria-fruticola-esta-preparada-para-las-lluvias\">Especialistas destacan que industria frut\u00edcola est\u00e1 preparada para las lluvias. Se refiere \u00c1lvaro Sep\u00falveda, investigador del Centro de Pom\u00e1ceas.\u00a0\u00a0<\/a><br \/>\u00a0<\/div><div><b>PORTAL FRUT\u00cdCOLA<\/b>\u00a0\u00a0<br \/><a href=\"https:\/\/www.portalfruticola.com\/noticias\/2024\/06\/06\/chile-especialistas-destacan-que-la-industria-fruticola-esta-preparada-para-las-lluvias\/\">Chile: Especialistas destacan que la industria frut\u00edcola est\u00e1 preparada para las lluvias. Se refiere \u00c1lvaro Sep\u00falveda, investigador del Centro de Pom\u00e1ceas.\u00a0\u00a0<\/a><br \/>\u00a0<\/div><div><b>DIARIO VI REGI\u00d3N<\/b>\u00a0\u00a0<br \/><a href=\"https:\/\/www.diarioviregion.cl\/noticias\/29589-especialistas-destacan-que-industria-fruticola-esta-preparada-para-las-lluvias\">Especialistas destacan que industria frut\u00edcola est\u00e1 preparada para las lluvias. Se refiere \u00c1lvaro Sep\u00falveda, investigador del Centro de Pom\u00e1ceas.\u00a0\u00a0<\/a><\/div><div aria-hidden=\"true\">\u00a0<\/div><div><b>EL DIARIO SANTIAGO \u00a0<\/b>\u00a0<br \/><a href=\"https:\/\/www.eldiariosantiago.cl\/agricultores-adquieren-conocimientos-en-analisis-de-suelos\/\">Agricultores adquieren conocimientos en an\u00e1lisis de suelos. Se refiere Ricardo Herrera Tasc\u00f3n, investigador del Centro Tecnol\u00f3gico de Suelos y Cultivos.\u00a0<\/a><\/div><div>\u00a0<\/div><div><b>PUBLIMICRO <\/b>\u00a0\u00a0<br \/><a href=\"https:\/\/publimicro.cl\/agricultores-maulinos-adquieren-conocimientos-en-analisis-de-suelos-en-clase-practica-dada-por-la-universidad-de-talca\/\">Agricultores maulinos adquieren conocimientos en an\u00e1lisis de suelos, en clase pr\u00e1ctica dada por la Universidad de Talca. Se refiere Ricardo Herrera Tasc\u00f3n, investigador del Centro Tecnol\u00f3gico de Suelos y Cultivos. \u00a0\u00a0<\/a><br \/><br \/><\/div><div><b>LA NOTICIA ONLINE <\/b>\u00a0\u00a0<br \/><a href=\"https:\/\/lanoticiaonline.cl\/agricultores-adquieren-conocimientos-en-analisis-de-suelos\/\">Agricultores adquieren conocimientos en an\u00e1lisis de suelos. Se refiere Ricardo Herrera Tasc\u00f3n, investigador del Centro Tecnol\u00f3gico de Suelos y Cultivos.<\/a><\/div><div aria-hidden=\"true\">\u00a0<\/div><div><b>MEDIABANCO<\/b>\u00a0\u00a0<br \/><a href=\"https:\/\/www.mediabanco.com\/utalca-organiza-seminario-para-derribar-los-mitos-de-la-telerrehabilitacion\/\">UTalca organiza seminario para derribar los mitos de la telerrehabilitaci\u00f3n. Se refiere Valeska Gatica, acad\u00e9mica de la Facultad de Ciencias de la Salud. \u00a0\u00a0<\/a><br \/>\u00a0<\/div><div><b>CHILL\u00c1N ONLINE\u00a0<\/b>\u00a0<br \/><a href=\"https:\/\/www.chillanonline.cl\/V7\/2024\/06\/06\/utalca-organiza-seminario-para-derribar-los-mitos-de-la-telerrehabilitacion\/\">UTalca organiza seminario para derribar los mitos de la telerrehabilitaci\u00f3n. Se refiere Valeska Gatica, acad\u00e9mica de la Facultad de Ciencias de la Salud \u00a0\u00a0<\/a><br \/><br \/><\/div><div><b>AD PRENSA<\/b>\u00a0\u00a0<br \/><a href=\"https:\/\/www.adprensa.cl\/cronica\/utalca-organiza-seminario-para-derribar-los-mitos-de-la-telerrehabilitacion\/\">UTalca organiza seminario para derribar los mitos de la telerrehabilitaci\u00f3n. Se refiere Valeska Gatica, acad\u00e9mica de la Facultad de Ciencias de la Salud \u00a0\u00a0<\/a><\/div><div>\u00a0<\/div><div><b>LA PRENSA DE CURIC\u00d3 \u00a0<\/b>\u00a0<br \/><a href=\"https:\/\/www.litoralpress.cl\/paginaconsultas\/Servicios_NClipSitio\/Get_Imagen_Nota.aspx?LPKey=TSOBGN46CKY5CDEBQ6PPMKIIGS64LTAHSS7YZD4OTBERKXXKXN4DIUK6ZQQBL2QNHC25KPEPWG6JE\">Crecimiento de ventas online. Se refiere Milton Inostroza Mu\u00f1oz, director Escuela de Ingenier\u00eda Comercial.\u00a0<\/a><br \/>\u00a0\u00a0<br \/><b>RADIO LAUTARO<\/b>\u00a0\u00a0<br \/><a href=\"https:\/\/www.litoralpress.cl\/sitio\/RadioTV_Detalles.cshtml?LPKey=QOISNF3FQLI34XFEMIMXVY4DSPGBMZNNUKOTQRE6FDAXGYLNODR5FHGHQ2AGMREQQ5O65FLFGJFZE\">Entrevista a Jorge Canales, acad\u00e9mico de la Facultad de Odontolog\u00eda de la UTalca. Parte I. \u00a0\u00a0<\/a><br \/><b>EMOL \u00a0<\/b>\u00a0<br \/><a href=\"https:\/\/www.emol.com\/noticias\/Nacional\/2024\/06\/05\/1132742\/alcaldes-imputados-confianza-municipios.html\">Confianza &#8216;socavada&#8217;: Las grietas que deja la trama de alcaldes en el banquillo y el impacto en las municipales. Se refiere Mauricio Morales Quiroga, director del Centro de An\u00e1lisis Pol\u00edtico (CAP).\u00a0<\/a><\/div><div aria-hidden=\"true\">\u00a0<\/div><div><b>MEGANOTICIAS<\/b>\u00a0\u00a0<br \/><a href=\"https:\/\/www.litoralpress.cl\/sitio\/RadioTV_Detalles.cshtml?LPKey=QN743C24TSKJFRQ5IX26773SHHPLLURSBIWHHCNXIDB6YCKRI7XY44LPXLGEZ4DZNSZ32BTLSX4C4\">Entrevista a Mauricio Morales, director del Centro de An\u00e1lisis Pol\u00edtico (CAP).\u00a0\u00a0<\/a><\/div><div aria-hidden=\"true\">\u00a0<\/div><div><b>RADIO INFINITA<\/b> \u00a0\u00a0<br \/><a href=\"https:\/\/www.litoralpress.cl\/sitio\/RadioTV_Detalles.cshtml?LPKey=QRPXXU2SAR6WS2N7CLB42BTN5ANXTS3DQOGGFLKK3OE56O735YOSSAYYM5QNLAE3UDKKRIPRMO3ZK\">Comentario de pol\u00edtica de Mauricio Morales Quiroga, director del Centro de An\u00e1lisis Pol\u00edtico (CAP).\u00a0<\/a><\/div><div aria-hidden=\"true\">\u00a0<\/div><div><b>RADIO INFINIA<\/b>\u00a0\u00a0<br \/><a href=\"https:\/\/www.infinita.cl\/programas\/lo-que-faltaba\/2024\/06\/06\/lo-que-faltaba-6-de-junio-del-2024.html\">Lo que faltaba. Se refiere Mauricio Morales Quiroga, director del Centro de An\u00e1lisis Pol\u00edtico (CAP).\u00a0\u00a0<\/a><br \/><br \/><\/div><div><b>MAULE HOY\u00a0<\/b>\u00a0<br \/><a href=\"https:\/\/maulehoy.cl\/2024\/06\/06\/proyecto-inclusivo-sobre-astronomia-acerca-el-universo-a-la-comunidad-maulina\/\">Proyecto inclusivo sobre astronom\u00eda acerca el universo a la comunidad maulina. Se refiere Roy Slater, acad\u00e9mico de la Facultad de Ingenier\u00eda. \u00a0\u00a0<\/a><br \/>\u00a0<\/div><div><b>EL MERCURIO LEGAL<\/b>\u00a0\u00a0<br \/><a href=\"https:\/\/www.elmercurio.com\/Legal\/Noticias\/Opinion\/2024\/06\/04\/913790\/corrigiendo-distorsiones-iva.aspx\">Corrigiendo distorsiones en el IVA. Se refiere Eduardo Irribarra Sobarzo, acad\u00e9mico de la Facultad de Ciencias Jur\u00eddicas y Sociales.<\/a>\u00a0\u00a0<\/div><div>\u00a0<\/div><div><b>LAS \u00daLTIMAS NOTICIAS<\/b>\u00a0\u00a0<br \/><a href=\"https:\/\/www.litoralpress.cl\/paginaconsultas\/Servicios_NClipSitio\/Get_Imagen_Nota.aspx?LPKey=UNDXYDXKTVQNFSQWGUFEKTMZIOPKONHNE3Z3ZEOFVRZGQWDJ2RNZ44DQ2G2RROB7PIDCFXBYOULYS\">Sorpresas en el nuevo ranking mundial QS: as\u00ed les fue a las universidades chilenas. Se menciona la Universidad de Talca.\u00a0\u00a0<\/a><br \/><br \/><\/div><div><b>EL LECTOR<\/b>\u00a0\u00a0<br \/><a href=\"https:\/\/www.litoralpress.cl\/paginaconsultas\/Servicios_NClipSitio\/Get_Imagen_Nota.aspx?LPKey=6UZ7AGSNYSZPUF6HBQPC6ZE7C6WMXPMCYIOOQM4YSLWWCFPSYHXNJ4EFCS3WKLIS34UCCEQWSKOVK\">Encuentro AgroTech Maule promover\u00e1 la agricultura de innovaci\u00f3n tecnol\u00f3gica y precisi\u00f3n. Se menciona la Universidad de Talca.\u00a0\u00a0<\/a><\/div><div>\u00a0<\/div><div><b>EL HERALDO<\/b>\u00a0\u00a0<br \/><a href=\"https:\/\/www.litoralpress.cl\/paginaconsultas\/Servicios_NClipSitio\/Get_Imagen_Nota.aspx?LPKey=UNALU7CWIEEKHPXNB5ZCLNFGBNBW6AM7SZN4G7BP25BYDIWHMHRX3OKJGYMJTTHJ6KS7PSLDSR666\">Juan Mi\u00f1o asume como seremi de Justicia de DDHH de la Regi\u00f3n del Maule. Se menciona la Universidad de Talca.\u00a0\u00a0<\/a><\/div><div>\u00a0<\/div><div><b>DIARIO EL HERALDO<\/b>\u00a0\u00a0<br \/><a href=\"https:\/\/www.diarioelheraldo.cl\/noticia\/juan-mino-asume-como-seremi-de-justicia-y-ddhh-de-la-region-del-maule\">Juan Mi\u00f1o asume como Seremi de Justicia y DDHH de la Regi\u00f3n del Maule. Se menciona la Universidad de Talca.\u00a0\u00a0<\/a><\/div><div>\u00a0<\/div><div><b>DIARIO EL CENTRO<\/b>\u00a0\u00a0<br \/><a href=\"https:\/\/www.diarioelcentro.cl\/2024\/06\/06\/quien-es-el-nuevo-seremi-de-justicia-y-derechos-humanos-en-el-maule\/\">\u00bfQui\u00e9n es el nuevo Seremi de Justicia y Derechos Humanos en el Maule? Se menciona la Universidad de Talca.\u00a0\u00a0<\/a><\/div><div aria-hidden=\"true\">\u00a0<\/div><div><b>LA PRENSA DE CURIC\u00d3<\/b>\u00a0\u00a0<br \/><a href=\"https:\/\/www.litoralpress.cl\/paginaconsultas\/Servicios_NClipSitio\/Get_Imagen_Nota.aspx?LPKey=IZ6JDLKRAC3QSOXCTAW7JNE7QNHIMVFLGBMTDRXZUPPMGQAI3QHSHF6BZLLLP2WT65E7TSDGIUZPY\">Sucede. Se menciona la Universidad de Talca.\u00a0\u00a0<\/a><\/div><div>\u00a0<\/div><div><b>DIARIO LA MA\u00d1ANA<\/b>\u00a0\u00a0<br \/><a href=\"https:\/\/diariolama\u00f1ana.cl\/2024\/06\/06\/concejo-municipal-de-san-clemente-aprobo-que-villorio-lleve-nombre-de-fallecida-consejera-ivonne-oses\/\">Concejo municipal de San Clemente aprob\u00f3 que villorio lleve nombre de fallecida consejera Ivonne Oses. Se menciona la Universidad de Talca.\u00a0\u00a0<\/a><\/div><div>\u00a0<\/div><div><b>EL MAULE HOY<\/b>\u00a0\u00a0<br \/><a href=\"https:\/\/maulehoy.cl\/2024\/06\/06\/estudiantes-participan-en-encuentro-mujeres-ciencia-y-tecnologia-en-retiro\/\">Estudiantes participan en Encuentro \u00abMujeres, Ciencia y Tecnolog\u00eda\u00bb en Retiro. Se menciona la Universidad de Talca.\u00a0<\/a>\u00a0<br \/><br \/><\/div><\/div><div>\u00a0<\/div><div><p>\u00a0<\/p><\/div>\t\t\t\t\t\t<\/div>\n\t\t\t\t<\/div>\n\t\t\t\t\t<\/div>\n\t\t<\/div>\n\t\t\t\t\t\t\t<\/div>\n\t\t<\/section>\n\t\t\t\t\t\t<\/div>\n\t\t\t\t\t<\/div>\n\t\t","protected":false},"excerpt":{"rendered":"<p>\u00a0CANAL MEGA\u00a0Alerta roja por desborde de r\u00edos precordilleranos. &#8211; Preocupaci\u00f3n por nuevo pulso clim\u00e1tico.\u00a0Entrevista a Patricio Gonz\u00e1lez, agroclimat\u00f3logo y acad\u00e9mico del Centro de Investigaci\u00f3n y Transferencia en Riego y Agroclimatolog\u00eda (CITRA).\u202f\u202f\u202f\u00a0\u00a0\u00a0LA TERCERA Cicl\u00f3n extratropical se aproxima a la Regi\u00f3n Metropolitana: \u00bfCu\u00e1ndo llover\u00e1 en la capital? Se refiere Patricio Gonz\u00e1lez Colville, agroclimat\u00f3logo y acad\u00e9mico del Centro &hellip;<\/p>\n<p class=\"read-more\"> <a class=\"\" href=\"https:\/\/www.reportedeprensa.utalca.cl\/?p=9965\"> <span class=\"screen-reader-text\">07 de junio de 2024<\/span> Read More &raquo;<\/a><\/p>\n","protected":false},"author":1,"featured_media":0,"comment_status":"closed","ping_status":"open","sticky":false,"template":"","format":"standard","meta":{"_monsterinsights_skip_tracking":false,"_monsterinsights_sitenote_active":false,"_monsterinsights_sitenote_note":"","_monsterinsights_sitenote_category":0},"categories":[49],"tags":[],"_links":{"self":[{"href":"https:\/\/www.reportedeprensa.utalca.cl\/index.php?rest_route=\/wp\/v2\/posts\/9965"}],"collection":[{"href":"https:\/\/www.reportedeprensa.utalca.cl\/index.php?rest_route=\/wp\/v2\/posts"}],"about":[{"href":"https:\/\/www.reportedeprensa.utalca.cl\/index.php?rest_route=\/wp\/v2\/types\/post"}],"author":[{"embeddable":true,"href":"https:\/\/www.reportedeprensa.utalca.cl\/index.php?rest_route=\/wp\/v2\/users\/1"}],"replies":[{"embeddable":true,"href":"https:\/\/www.reportedeprensa.utalca.cl\/index.php?rest_route=%2Fwp%2Fv2%2Fcomments&post=9965"}],"version-history":[{"count":4,"href":"https:\/\/www.reportedeprensa.utalca.cl\/index.php?rest_route=\/wp\/v2\/posts\/9965\/revisions"}],"predecessor-version":[{"id":9969,"href":"https:\/\/www.reportedeprensa.utalca.cl\/index.php?rest_route=\/wp\/v2\/posts\/9965\/revisions\/9969"}],"wp:attachment":[{"href":"https:\/\/www.reportedeprensa.utalca.cl\/index.php?rest_route=%2Fwp%2Fv2%2Fmedia&parent=9965"}],"wp:term":[{"taxonomy":"category","embeddable":true,"href":"https:\/\/www.reportedeprensa.utalca.cl\/index.php?rest_route=%2Fwp%2Fv2%2Fcategories&post=9965"},{"taxonomy":"post_tag","embeddable":true,"href":"https:\/\/www.reportedeprensa.utalca.cl\/index.php?rest_route=%2Fwp%2Fv2%2Ftags&post=9965"}],"curies":[{"name":"wp","href":"https:\/\/api.w.org\/{rel}","templated":true}]}}