{"id":9973,"date":"2024-06-10T13:44:25","date_gmt":"2024-06-10T16:44:25","guid":{"rendered":"https:\/\/www.reportedeprensa.utalca.cl\/?p=9973"},"modified":"2024-06-10T14:09:37","modified_gmt":"2024-06-10T17:09:37","slug":"10-de-junio-de-2024","status":"publish","type":"post","link":"https:\/\/www.reportedeprensa.utalca.cl\/?p=9973","title":{"rendered":"10 de junio de 2024"},"content":{"rendered":"\t\t<div data-elementor-type=\"wp-post\" data-elementor-id=\"9973\" class=\"elementor elementor-9973\" data-elementor-settings=\"[]\">\n\t\t\t\t\t\t\t<div class=\"elementor-section-wrap\">\n\t\t\t\t\t\t\t<section class=\"elementor-section elementor-top-section elementor-element elementor-element-bcea1a8 elementor-section-boxed elementor-section-height-default elementor-section-height-default\" data-id=\"bcea1a8\" data-element_type=\"section\">\n\t\t\t\t\t\t<div class=\"elementor-container elementor-column-gap-default\">\n\t\t\t\t\t<div class=\"elementor-column elementor-col-100 elementor-top-column elementor-element elementor-element-e7183bf\" data-id=\"e7183bf\" data-element_type=\"column\">\n\t\t\t<div class=\"elementor-widget-wrap elementor-element-populated\">\n\t\t\t\t\t\t\t\t<div class=\"elementor-element elementor-element-58d7315 elementor-widget elementor-widget-text-editor\" data-id=\"58d7315\" data-element_type=\"widget\" data-widget_type=\"text-editor.default\">\n\t\t\t\t<div class=\"elementor-widget-container\">\n\t\t\t\t\t\t\t\t<div><b>EL LECTOR<\/b>\u00a0<\/div><div class=\"x_elementToProof\"><a href=\"https:\/\/www.litoralpress.cl\/sitio\/Prensa_Detalles.cshtml?LPKey=EG3EIW2GLGXERTQECXH5TTP7O6EMGJPBI5EQBN6B53W3CPF7L4EA\">Primer congreso de Ciencias con enfoque de g\u00e9nero marca un hito para las investigadoras del pa\u00eds. Se refiere Carlos Torres Fuchslocher, rector; y Karin Saavedra, directora general Vinculaci\u00f3n con el Medio.<\/a><\/div><div>\u00a0<\/div><div class=\"x_elementToProof\"><b>MEDIABANCO<\/b>\u00a0<br \/><a href=\"https:\/\/www.mediabanco.com\/primer-congreso-de-ciencias-con-enfoque-de-genero-marca-un-hito-para-las-investigadoras-del-pais\/\">Primer congreso de Ciencias con enfoque de g\u00e9nero marca un hito para las investigadoras del pa\u00eds. Se refiere Carlos Torres Fuchslocher, rector; y Karin Saavedra directora General de Vinculaci\u00f3n con el Medio.\u00a0<\/a><br \/><br \/><\/div><div class=\"x_elementToProof\"><b>AD PRENSA<\/b>\u00a0<br \/><a href=\"https:\/\/www.adprensa.cl\/cronica\/primer-congreso-de-ciencias-con-enfoque-de-genero-marca-un-hito-para-las-investigadoras-del-pais\/\">Primer congreso de Ciencias con enfoque de g\u00e9nero marca un hito para las investigadoras del pa\u00eds. Se refiere Carlos Torres Fuchslocher, rector; y Karin Saavedra directora General de Vinculaci\u00f3n con el Medio.\u00a0<\/a><br \/><br \/><\/div><div><b>PUBILMICRO<\/b>\u00a0<br \/><a href=\"https:\/\/publimicro.cl\/primer-congreso-de-ciencias-con-enfoque-de-genero-realizado-por-la-universidad-de-talca-marca-un-hito-para-las-investigadoras-del-pais\/\">Primer congreso de Ciencias con enfoque de g\u00e9nero, realizado por la Universidad de Talca, marca un hito para las investigadoras del pa\u00eds. Se refiere Carlos Torres Fuchslocher, rector.\u00a0<\/a><br \/><br \/><\/div><div class=\"x_elementToProof\"><b>EL MAULE INFORMA\u00a0<br \/><\/b><a href=\"https:\/\/elmauleinforma.cl\/primer-congreso-de-ciencias-con-enfoque-de-genero-marca-un-hito-para-las-investigadoras-del-pais\/\">Primer congreso de Ciencias con enfoque de g\u00e9nero marca un hito para las investigadoras del pa\u00eds. Se refiere Carlos Torres Fuchslocher, rector; y Karin Saavedra directora General de Vinculaci\u00f3n con el Medio.\u00a0<\/a><br \/><u><a id=\"OWA8597d091-26c8-f3fa-69ad-a5ec2aa3d11e\" class=\"x_x_Hyperlink x_x_SCXW228966779 x_x_BCX0 x_x_OWAAutoLink\" href=\"https:\/\/elmauleinforma.cl\/primer-congreso-de-ciencias-con-enfoque-de-genero-marca-un-hito-para-las-investigadoras-del-pais\/\" target=\"_blank\" rel=\"noopener noreferrer\" data-auth=\"NotApplicable\" data-linkindex=\"4\"><\/a><\/u>\u00a0<\/div><div><b>LA RAZ\u00d3N\u00a0<br \/><\/b><a href=\"https:\/\/www.larazon.cl\/2024\/06\/07\/primer-congreso-de-ciencias-con-enfoque-de-genero-marca-un-hito-para-las-investigadoras-del-pais\/\">Primer congreso de Ciencias con enfoque de g\u00e9nero marca un hito para las investigadoras del pa\u00eds. Se refiere Carlos Torres Fuchslocher, rector; y Karin Saavedra directora General de Vinculaci\u00f3n con el Medio.\u00a0<\/a><b><br \/><br \/><\/b><\/div><div><b>CANAL TVN RED MAULE <\/b>\u00a0<br \/><a href=\"https:\/\/www.litoralpress.cl\/sitio\/RadioTV_Detalles.cshtml?LPKey=VRWA3E3FOAXKZORHWGDZER77T32RX3PP7ZAL4SMSIJJO5L2QAOUPW5ZXJ6RIDDFWEDJPTNHCDS2B2\">Realizan Congreso de Ciencias con enfoque de g\u00e9nero. Se menciona la Universidad de Talca.\u00a0<\/a><\/div><div>\u00a0<\/div><div><b>LA PRENSA DE CURIC\u00d3<\/b>\u00a0<br \/><a href=\"https:\/\/www.litoralpress.cl\/sitio\/Prensa_PaginaCompleta.cshtml?LPKey=UVD3YPW5EHLNACRMEG33WMMS34HLM6GMXTIUSJ2256QNFW5DRPJQ\">Congreso abord\u00f3 importancia de terminar con las brechas de g\u00e9nero. Se menciona la Universidad de Talca.\u00a0<\/a><br \/><br \/><\/div><div><b>DIARIOLAPRENSA.CL<\/b>\u00a0<br \/><a href=\"https:\/\/new.diariolaprensa.cl\/index.php\/2024\/06\/09\/congreso-abordo-importancia-de-terminar-con-las-brechas-de-genero\/\">Congreso abord\u00f3 importancia de terminar con las brechas de g\u00e9nero. Se menciona la Universidad de Talca. \u00a0<\/a><br \/><b><\/b><\/div><div>\u00a0<\/div><div><b>EL MERCURIO\u00a0<br \/><\/b><a href=\"https:\/\/www.litoralpress.cl\/sitio\/Prensa_PaginaCompleta.cshtml?LPKey=S5AAX357HO7XT773KZM3IXKTUFQTZT5YUKOLCXZOXRIOAP5P33JQ\">Hoy las evaluaciones docentes miden hasta el uso de tecnolog\u00edas digitales de los profesores. Se refiere Paula Manr\u00edquez, vicerrectora de Formaci\u00f3n. \u00a0<\/a><\/div><div><b>\u00a0<\/b><\/div><div><b>EL MOSTRADOR\u00a0<br \/><\/b><a href=\"https:\/\/www.elmostrador.cl\/agenda-pais\/vida-en-linea\/2024\/06\/08\/expertos-llaman-a-redoblar-prevencion-ante-cuadros-de-estreptococo-e-influenza\/\">Expertos llaman a redoblar prevenci\u00f3n ante cuadros de estreptococo e influenza. Se refieren Sergio Wehinger, director del Mag\u00edster en Ciencias Biom\u00e9dicas; y Claudia Mora, acad\u00e9mica del Departamento de Microbiolog\u00eda.\u00a0<\/a><b><br \/><br \/><\/b><\/div><div class=\"x_elementToProof\"><b>EL DIARIO DE MAULE\u00a0<br \/><\/b><a href=\"https:\/\/eldiariodemaule.cl\/expertos-llaman-a-redoblar-prevencion-ante-cuadros-de-estreptococo-e-influenza\/\">Expertos llaman a redoblar prevenci\u00f3n ante cuadros de estreptococo e influenza. Se refieren Sergio Wehinger, director del Mag\u00edster en Ciencias Biom\u00e9dicas; y Claudia Mora, acad\u00e9mica del Departamento de Microbiolog\u00eda.\u00a0<\/a><br \/><br \/><\/div><div class=\"x_elementToProof\"><b>TU CASA TU RADIO\u00a0<br \/><\/b><a href=\"https:\/\/tucasaturadio.cl\/noticias\/expertos-llaman-a-redoblar-prevencion-ante-cuadros-de-estreptococo-e-influenza\/\">Expertos llaman a redoblar prevenci\u00f3n ante cuadros de estreptococo e influenza. Se refieren Sergio Wehinger, director del Mag\u00edster en Ciencias Biom\u00e9dicas; y Claudia Mora, acad\u00e9mica del Departamento de Microbiolog\u00eda.\u00a0<\/a><br \/><br \/><\/div><div class=\"x_elementToProof\"><b>DIARIO EL HERALDO\u00a0<br \/><\/b><a href=\"https:\/\/www.diarioelheraldo.cl\/noticia\/expertos-llaman-a-redoblar-prevencion-ante-cuadros-de-estreptococo-e-influenza-\">Expertos llaman a redoblar prevenci\u00f3n ante cuadros de estreptococo e influenza. Se refieren Sergio Wehinger, director del Mag\u00edster en Ciencias Biom\u00e9dicas; y Claudia Mora, acad\u00e9mica del Departamento de Microbiolog\u00eda.\u00a0<\/a><br \/><br \/><\/div><div class=\"x_elementToProof\"><b>CONSORCIO DE UNIVERSIDADES DEL ESTADO DE CHILE\u00a0<br \/><\/b><a href=\"https:\/\/noticias.uestatales.cl\/academicos-utalca-llaman-a-redoblar-prevencion-ante-cuadros-de-estreptococo-e-influenza\">Acad\u00e9micos UTalca llaman a redoblar prevenci\u00f3n ante cuadros de estreptococo e influenza. Se refieren Sergio Wehinger, director del Mag\u00edster en Ciencias Biom\u00e9dicas; y Claudia Mora, acad\u00e9mica del Departamento de Microbiolog\u00eda.\u00a0<\/a><br \/><br \/><\/div><div class=\"x_elementToProof\"><b>MAULE NEWS\u00a0<br \/><\/b><a href=\"https:\/\/www.maulenews.com\/2024\/06\/expertos-llaman-redoblar-prevencion.html\">Expertos llaman a redoblar prevenci\u00f3n ante cuadros de estreptococo e influenza. Se refieren Sergio Wehinger, director del Mag\u00edster en Ciencias Biom\u00e9dicas; y Claudia Mora, acad\u00e9mica del Departamento de Microbiolog\u00eda.\u00a0<\/a><br \/><br \/><\/div><div class=\"x_elementToProof\"><b>ARAUCAN\u00cdA DIARIO\u00a0<br \/><\/b><a href=\"https:\/\/araucaniadiario.cl\/contenido\/24571\/expertos-llaman-a-redoblar-prevencion-ante-cuadros-de-estreptococo-e-influenza\">Expertos llaman a redoblar prevenci\u00f3n ante cuadros de estreptococo e influenza. . Se refieren Sergio Wehinger, director del Mag\u00edster en Ciencias Biom\u00e9dicas; y Claudia Mora, acad\u00e9mica del Departamento de Microbiolog\u00eda.\u00a0<\/a><br \/><br \/><\/div><div class=\"x_elementToProof\"><b>S\u00c9PTIMA REGI\u00d3N NOTICIAS\u00a0<br \/><\/b><a href=\"https:\/\/www.septimapaginanoticias.cl\/expertos-llaman-a-redoblar-prevencion-ante-cuadros-de-estreptococo-e-influenza\">Expertos llaman a redoblar prevenci\u00f3n ante cuadros de estreptococo e influenza. Se refieren Sergio Wehinger, director del Mag\u00edster en Ciencias Biom\u00e9dicas; y Claudia Mora, acad\u00e9mica del Departamento de Microbiolog\u00eda.\u00a0<\/a><br \/><br \/><\/div><div class=\"x_elementToProof\"><b>RADIO CRISTALINA\u00a0<\/b><br \/><a href=\"https:\/\/radiocristalina.cl\/expertos-llaman-a-redoblar-prevencion-ante-cuadros-de-estreptococo-e-influenza\/\">Expertos llaman a redoblar prevenci\u00f3n ante cuadros de estreptococo e influenza. Se refieren Sergio Wehinger, director del Mag\u00edster en Ciencias Biom\u00e9dicas; y Claudia Mora, acad\u00e9mica del Departamento de Microbiolog\u00eda.\u00a0<\/a><br \/><br \/><\/div><div class=\"x_elementToProof\"><b>EL HERALDO\u00a0<\/b><br \/><a href=\"https:\/\/www.litoralpress.cl\/paginaconsultas\/Servicios_NClipSitio\/Get_Imagen_Nota.aspx?LPKey=ITC6FMCRA5S5DSHASOU3QBVOR4M3ZEYCW4G6ADKSWTHWOQLB7T7RZ5JPOCAKUD7GMMTNZJ6UXWSYA\">Expertos llaman a redoblar prevenci\u00f3n ante cuadros de estreptococo e influenza. Se refieren Sergio Wehinger, director del Mag\u00edster en Ciencias Biom\u00e9dicas; y Claudia Mora, acad\u00e9mica del Departamento de Microbiolog\u00eda.\u00a0<\/a><br \/><br \/><\/div><div><b>CANAL 30 MULTICOM\u00a0<\/b><br \/><a href=\"https:\/\/www.litoralpress.cl\/sitio\/RadioTV_Detalles.cshtml?LPKey=PUT3OZOECN7GBXZCNO37EOUGXXH77VWOFLBJ5XYTVBYKP7U6W2VW6OWXA7NHRVO6PZTM6AU6E2URU\">Preocupaci\u00f3n por bacteria asesina. Se refiere Claudia Mora, acad\u00e9mica del Departamento de Microbiolog\u00eda.\u00a0<\/a><br \/><br \/><\/div><div class=\"x_elementToProof\"><b>CANAL 30 MULTICOM\u00a0<\/b><br \/><a href=\"https:\/\/www.litoralpress.cl\/sitio\/RadioTV_Detalles.cshtml?LPKey=SE6KDPW6CVFXPNQEOD22LKX2P6KCANSZO7DBU6ZFTYGLKEI7UK44KZ65VAOINLVMCLWCCN23AUTDA\">Preocupaci\u00f3n por bacteria asesina. Se refiere Claudia Mora, acad\u00e9mica del Departamento de Microbiolog\u00eda.\u00a0<\/a><\/div><div>\u00a0<\/div><div><b>PUBLIMICRO<\/b>\u00a0<br \/><a href=\"https:\/\/publimicro.cl\/universidad-de-talca-capacita-educadoras-de-parvulos-para-llevar-la-ciencia-a-jardines-infantiles-del-maule-y-del-pais\/\">Universidad de Talca capacita educadoras de p\u00e1rvulos para llevar la ciencia a jardines infantiles del Maule y del pa\u00eds. Se refiere C\u00e9sar Retamal, director de Explora Maule. \u00a0<\/a><br \/><br \/><\/div><div><b>RADIO LAUTARO<\/b>\u00a0<br \/><a href=\"https:\/\/radiolautarotalca.cl\/educadoras-de-parvulos-fueron-capacitadas-para-fomentar-la-curiosidad-cientifica-en-la-primera-infancia\/\">Universidad de Talca capacita educadoras de p\u00e1rvulos para llevar la ciencia a jardines infantiles del Maule y del pa\u00eds. Se refiere C\u00e9sar Retamal, director de Explora Maule, Flavia Schiacappasse, acad\u00e9mica de la Facultad de Ciencias Agrarias e Isaac Ravetllat, acad\u00e9mico de la Facultad de Ciencias Jur\u00eddicas y Sociales. \u00a0<\/a><br \/><br \/><\/div><div><b>EL MAULE INFORMA\u00a0<br \/><\/b><a href=\"https:\/\/elmauleinforma.cl\/utalca-capacita-educadoras-de-parvulos-para-llevar-la-ciencia-a-jardines-infantiles\/\">Universidad de Talca capacita educadoras de p\u00e1rvulos para llevar la ciencia a jardines infantiles del Maule y del pa\u00eds. Se refiere C\u00e9sar Retamal, director de Explora Maule, Flavia Schiacappasse, acad\u00e9mica de la Facultad de Ciencias Agrarias e Isaac Ravetllat, acad\u00e9mico de la Facultad de Ciencias Jur\u00eddicas y Sociales.\u00a0<\/a><b><br \/><br \/><\/b><\/div><div class=\"x_elementToProof\"><b>AD PRENSA<\/b>\u00a0<br \/><a href=\"https:\/\/www.adprensa.cl\/cronica\/utalca-capacita-educadoras-de-parvulos-para-llevar-la-ciencia-a-jardines-infantiles\/\">Universidad de Talca capacita educadoras de p\u00e1rvulos para llevar la ciencia a jardines infantiles del Maule y del pa\u00eds. Se refiere C\u00e9sar Retamal, director de Explora Maule; Flavia Schiacappasse, acad\u00e9mica de la Facultad de Ciencias Agrarias; e Isaac Ravetllat, acad\u00e9mico de la Facultad de Ciencias Jur\u00eddicas y Sociales.\u00a0<\/a><br \/><br \/><\/div><div class=\"x_elementToProof\"><b>EXPLORA SUR PONIENTE<\/b>\u00a0<br \/><a href=\"https:\/\/www.explora.cl\/maule\/explora-maule-capacita-a-educadoras-de-parvulos-para-ensenar-ciencia\/\">Explora Maule capacita a educadoras de p\u00e1rvulos para ense\u00f1ar ciencia. Se refiere C\u00e9sar Retamal, jefe de la Unidad de Divulgaci\u00f3n; y Flavia Schiacappasse, acad\u00e9mica de la Facultad de Ciencias Agrarias.\u00a0<\/a><br \/><br \/><\/div><div><b>MEDIABANCO<\/b>\u00a0<br \/><a href=\"https:\/\/www.mediabanco.com\/utalca-capacita-educadoras-de-parvulos-para-llevar-la-ciencia-a-jardines-infantiles\/\">Universidad de Talca capacita educadoras de p\u00e1rvulos para llevar la ciencia a jardines infantiles del Maule y del pa\u00eds. Se refiere C\u00e9sar Retamal, director de Explora Maule; Flavia Schiacappasse, acad\u00e9mica de la Facultad de Ciencias Agrarias; e Isaac Ravetllat, acad\u00e9mico de la Facultad de Ciencias Jur\u00eddicas y Sociales.\u00a0<\/a><br \/><br \/><\/div><div><b>CHILL\u00c1N ONLINE<\/b>\u00a0<br \/><a href=\"https:\/\/www.chillanonline.cl\/V7\/2024\/06\/08\/utalca-capacita-educadoras-de-parvulos-para-llevar-la-ciencia-a-jardines-infantiles\/\">UTalca capacita educadoras de p\u00e1rvulos para llevar la ciencia a jardines infantiles. Se refiere C\u00e9sar Retamal, jefe de la Unidad de Divulgaci\u00f3n y Flavia Schiacappasse, acad\u00e9mica de la Facultad de Ciencias Agrarias.\u00a0<\/a><br \/><u><a id=\"OWA3ebc6345-a8d9-eae3-233f-f2ef53758af3\" class=\"x_x_Hyperlink x_x_SCXW228966779 x_x_BCX0 x_x_OWAAutoLink\" href=\"https:\/\/www.chillanonline.cl\/V7\/2024\/06\/08\/utalca-capacita-educadoras-de-parvulos-para-llevar-la-ciencia-a-jardines-infantiles\/\" target=\"_blank\" rel=\"noopener noreferrer\" data-auth=\"NotApplicable\" data-linkindex=\"30\"><\/a><\/u>\u00a0<\/div><div><b>CHILLAN ONLINE<\/b>\u00a0<br \/><a href=\"https:\/\/www.chillanonline.cl\/V7\/2024\/06\/09\/escolares-del-maule-presentaron-proyectos-cientificos\/\">Escolares del Maule presentaron proyectos cient\u00edficos. Se refiere C\u00e9sar Retamal, director de Explora Maule. \u00a0<\/a><br \/><br \/><\/div><div><b>AD PRENSA<\/b>\u00a0<br \/><a href=\"https:\/\/www.adprensa.cl\/cronica\/escolares-del-maule-presentaron-proyectos-cientificos\/\">Escolares del Maule presentaron proyectos cient\u00edficos. Se refiere C\u00e9sar Retamal, director de Explora Maule.\u00a0<\/a><br \/><br \/><\/div><div class=\"x_elementToProof\"><b>CHILL\u00c1N ONLINE<\/b>\u00a0<br \/><a href=\"https:\/\/www.chillanonline.cl\/V7\/2024\/06\/06\/utalca-organiza-seminario-para-derribar-los-mitos-de-la-telerrehabilitacion\/\">UTalca organiza seminario para derribar los mitos de la telerrehabilitaci\u00f3n. Se refiere Valeska Gatica, acad\u00e9mica de la Facultad de Ciencias de la Salud y directora del Centro Tecnol\u00f3gico de Telerrehabilitaci\u00f3n y Neurociencias en el Movimiento Humano (CTTN) .<\/a>\u00a0<br \/><br \/><\/div><div><b>AD PRENSA<\/b>\u00a0<br \/><a href=\"https:\/\/www.adprensa.cl\/cronica\/utalca-organiza-seminario-para-derribar-los-mitos-de-la-telerrehabilitacion\/\">UTalca organiza seminario para derribar los mitos de la telerrehabilitaci\u00f3n. Se refiere Valeska Gatica, acad\u00e9mica de la Facultad de Ciencias de la Salud y directora del Centro Tecnol\u00f3gico de Telerrehabilitaci\u00f3n y Neurociencias en el Movimiento Humano (CTTN) .\u00a0<\/a><br \/><br \/><\/div><div><b>LA NOTICIA \u00a0<br \/><\/b><a href=\"https:\/\/lanoticia.cl\/utalca-organiza-seminario-para-derribar-los-mitos-de-la-telerrehabilitacion\/\">UTalca organiza seminario para derribar los mitos de la telerrehabilitaci\u00f3n. Se refiere Valeska Gatica, acad\u00e9mica de la Facultad de Ciencias de la Salud y directora del Centro Tecnol\u00f3gico de Telerrehabilitaci\u00f3n y Neurociencias en el Movimiento Humano (CTTN) .\u00a0<\/a><b><br \/><br \/><\/b><\/div><div class=\"x_elementToProof\"><b>PUBLIMICRO<\/b>\u00a0<br \/><a href=\"https:\/\/publimicro.cl\/universidad-de-talca-organiza-este-viernes-seminario-para-derribar-los-mitos-de-la-telerehabilitacion\/\">Universidad de Talca organiza este viernes seminario para derribar los mitos de la telerehabilitaci\u00f3n. Se refiere Valeska Gatica, acad\u00e9mica de la Facultad de Ciencias de la Salud y directora del Centro Tecnol\u00f3gico de Telerrehabilitaci\u00f3n y Neurociencias en el Movimiento Humano (CTTN) .\u00a0<\/a><br \/><br \/><\/div><div><b>EL LECTOR <\/b>\u00a0<br \/><a href=\"https:\/\/www.litoralpress.cl\/paginaconsultas\/Servicios_NClipSitio\/Get_Imagen_Nota.aspx?LPKey=HMS24I6YVFK3FY3RLKPQZZVYL2BY57GBTQS3KFLR2GZGU3HXJGBMH3S7YKFYB7EMQX5GAIOPLJFRG\">UTalca organiza seminario para derribar los mitos de la telerrehabilitaci\u00f3n. Se refiere Valeska Gatica, acad\u00e9mica de la Facultad de Ciencias de la Salud y directora del Centro Tecnol\u00f3gico de Telerrehabilitaci\u00f3n y Neurociencias en el Movimiento Humano (CTTN) .\u00a0<\/a><br \/><br \/><\/div><div><b>LA TERCERA\u00a0<br \/><\/b><a href=\"https:\/\/www.litoralpress.cl\/paginaconsultas\/Servicios_NClipSitio\/Get_Imagen_Nota.aspx?LPKey=L7MTXIV242G5YMZ5DR2PZ24OZTR4ZOOS2RIDW5DZA7NGYWBFUHJVEC2SSRSTMYFWRZOC46NG7UNUA\">Cicl\u00f3n extratropical se aproxima a la RM. Se refiere Patricio Gonz\u00e1lez Colville, agroclimat\u00f3logo y acad\u00e9mico del Centro de Investigaci\u00f3n y Transferencia en Riego y Agroclimatolog\u00eda (CITRA).\u202f\u202f\u202f\u00a0<\/a><b><br \/><\/b><b><\/b><\/div><div>\u00a0<\/div><div><b>LA TERCERA ONLINE\u00a0<br \/><\/b><a href=\"https:\/\/www.latercera.com\/que-pasa\/noticia\/anunciado-ciclon-extratropical-se-acerca-a-santiago-estas-seran-las-consecuencias\/UBIHZK3SAZBPZOTC5OLWPFZJU4\/\">Anunciado cicl\u00f3n extratropical se acerca a Santiago: est\u00e1s ser\u00e1n las consecuencias. Se refiere Patricio Gonz\u00e1lez Colville, agroclimat\u00f3logo y acad\u00e9mico del Centro de Investigaci\u00f3n y Transferencia en Riego y Agroclimatolog\u00eda (CITRA).\u202f\u202f\u202f\u00a0<\/a><br \/><br \/><\/div><div><b>CANAL 30 MULTICOM<\/b>\u00a0<br \/><a href=\"https:\/\/www.litoralpress.cl\/sitio\/RadioTV_Detalles.cshtml?LPKey=C2EZM562KXPX7W7NPQ4UW6BT5ZMBJM74BTHTTFDDOUJHPYTNTSFS4J3E23LZGKLXMRZKVJJTC6IVU\">Lluvias y fr\u00edo se avecinan al Maule. Se refiere Patricio Gonz\u00e1lez Colville, agroclimat\u00f3logo y acad\u00e9mico del Centro de Investigaci\u00f3n y Transferencia en Riego y Agroclimatolog\u00eda (CITRA).\u202f\u202f\u202f\u00a0<\/a><br \/><br \/><\/div><div><b>CANAL 30 LINARES TV<\/b>\u00a0<br \/><a href=\"https:\/\/www.litoralpress.cl\/sitio\/RadioTV_Detalles.cshtml?LPKey=3X37MRGJQEXTQUEAP7V5MMORTXSD2LK3GU4C4WC3OOJNCUHP6QH42FLSZUQH6PGS45YLWEWZCWRAA\">Talca se prepara para las lluvias. Se refiere Patricio Gonz\u00e1lez Colville, agroclimat\u00f3logo y acad\u00e9mico del Centro de Investigaci\u00f3n y Transferencia en Riego y Agroclimatolog\u00eda (CITRA).\u202f\u202f\u202f\u00a0<\/a><br \/><br \/><\/div><div><b>CANAL 30 LINARES TV<\/b>\u00a0<br \/><a href=\"https:\/\/www.litoralpress.cl\/sitio\/RadioTV_Detalles.cshtml?LPKey=EJ3DTH5ZDXBWEBA73ZARIQTHS332J2W24SFRHWXD76HTQWYQKZ4BX2FJCKZKVVSDJUS34HFNLCCS4\">Alerta por sistema frontal. Se refiere Patricio Gonz\u00e1lez Colville, agroclimat\u00f3logo y acad\u00e9mico del Centro de Investigaci\u00f3n y Transferencia en Riego y Agroclimatolog\u00eda (CITRA).\u202f\u202f\u202f\u00a0<\/a><br \/><br \/><\/div><div><b>DIARIO USACH<\/b>\u00a0<br \/><a href=\"https:\/\/www.diariousach.cl\/se-esperan-cerca-de-80-milimetros-de-agua-agriclimatologo-senala-que-nuevo\">Se esperan cerca de 80 mil\u00edmetros de agua: Agroclimat\u00f3logo se\u00f1ala que nuevo sistema frontal puede ocasionar &#8220;bastantes da\u00f1o&#8221;. Se refiere Patricio Gonz\u00e1lez Colville, agroclimat\u00f3logo y acad\u00e9mico del Centro de Investigaci\u00f3n y Transferencia en Riego y Agroclimatolog\u00eda (CITRA).\u202f\u202f\u202f\u00a0<\/a><\/div><div>\u00a0<\/div><div><b>UNIVERSIDAD DE CHILE<\/b>\u00a0<br \/><a href=\"https:\/\/uchile.cl\/noticias\/217119\/red-estatal-de-odontologia-aplico-examen-nacional-odontologico-2025\">Red Estatal de Odontolog\u00eda aplic\u00f3 el Examen Nacional Odontol\u00f3gico 2024. Se refiere Rodrigo Giacaman Sarah, decano de la Facultad de Odontolog\u00eda. \u00a0<\/a><br \/><br \/><\/div><div><b>EL LECTOR<\/b>\u00a0<br \/><a href=\"https:\/\/www.litoralpress.cl\/paginaconsultas\/Servicios_NClipSitio\/Get_Imagen_Nota.aspx?LPKey=56DT3BAY6GMVXNJPHTPQFHWOWGOFHUGBHUTHOGAEPNWS2J6UNQNTXKGGA4IX5O6EMDPSNFRMBVEOG\">Chile requiere m\u00e1s de 28 mil profesionales en el \u00e1mbito de la ciberseguridad. Se refiere Rodrigo Herrera Leiva, decano de la Facultad de Econom\u00eda y Negocios.\u00a0<\/a><br \/><br \/><\/div><div><b>TU CASA TU RADIO<\/b>\u00a0<br \/><a href=\"https:\/\/tucasaturadio.cl\/noticias\/utalca-capacito-a-los-13-hospitales-del-maule-sobre-su-modelo-de-gestion-en-competencias\/\">UTalca capacit\u00f3 a los 13 hospitales del Maule sobre su modelo de gesti\u00f3n en competencias. Se refiere Stefanie San Mart\u00edn Alcantar, jefa de Departamento de Desarrollo de Personas.\u00a0<\/a><br \/><br \/><\/div><div><b>TU CASA TU RADIO<\/b>\u00a0<br \/><a href=\"https:\/\/tucasaturadio.cl\/noticias\/cyberday-2024-estiman-que-ventas-online-podrian-llegar-a-los-500-millones-de-dolares\/\">CyberDay 2024: Estiman que ventas online podr\u00edan llegar a los 500 millones de d\u00f3lares. Milton Inostroza Mu\u00f1oz, director Escuela de Ingenier\u00eda Comercial.\u00a0<\/a><br \/><br \/><\/div><div><b>CANAL TVN RED MAULE\u00a0<br \/><\/b><a href=\"https:\/\/www.litoralpress.cl\/sitio\/RadioTV_Detalles.cshtml?LPKey=D3KVHXJ3NE4265RR5YBYHQ4W2AVFTA534XL3QV5RHFAFDOC5TXONU42DYJMGPJEKRCH46I6CW3EN6\">Perspectivas de la Agricultura Frente a las Intensas Condiciones Clim\u00e1ticas: An\u00e1lisis y Desaf\u00edos para la Industria Frut\u00edcola. Se refiere \u00c1lvaro Sep\u00falveda, investigador del Centro de Pom\u00e1ceas.\u00a0<\/a><b><br \/><br \/><\/b><\/div><div><b>LA PRENSA DE CURIC\u00d3\u00a0<br \/><\/b><a href=\"https:\/\/www.litoralpress.cl\/paginaconsultas\/Servicios_NClipSitio\/Get_Imagen_Nota.aspx?LPKey=F7VJ2IVCK52RPSCZDG7SHE7JW575KP6WGZ7WHELN4SH66IURHK42TUJPJZ3OOY6HIGQK55FHGXOSC\">Productores preparados para las lluvias. Se menciona la Universidad de Talca.\u00a0<\/a><br \/><br \/><\/div><div><b>CANAL 30 MULTICOM <\/b>\u00a0<br \/><a href=\"https:\/\/www.litoralpress.cl\/sitio\/RadioTV_Detalles.cshtml?LPKey=TFWW4P22PXA7H2IYFQFACFFR4MEH3NN2S6IOIPYBMDXHAHA734P65SMKDTABXBUKLK474OM3IHCRG\">La industria frut\u00edcola est\u00e1 preparada para las lluvias. Se refiere \u00c1lvaro Sep\u00falveda, investigador del Centro de Pom\u00e1ceas.\u00a0<\/a><br \/><br \/><\/div><div><b>CANAL 30 MULTICOM<\/b>\u00a0<br \/><a href=\"https:\/\/www.litoralpress.cl\/sitio\/RadioTV_Detalles.cshtml?LPKey=DWEBCHPC7VZY3YLQWYIWPYISGQYMOASKOHASGGXT2FXQOHEXQIUU23J2FVMFGIZ3UPHKXJUZBDPVM\">Industria frut\u00edcola est\u00e1 preparada para las lluvias. Se refiere \u00c1lvaro Sep\u00falveda, investigador del Centro de Pom\u00e1ceas.\u00a0<\/a><br \/><br \/><\/div><div><b>RADIO BIOB\u00cdO\u00a0<br \/><\/b><a href=\"https:\/\/www.litoralpress.cl\/sitio\/RadioTV_Detalles.cshtml?LPKey=FOOO4OD2EUB7AEINPR7ZCUEGEZJ3UKUYU7Q5EIAAQTXMSXJPPQKT6P3ZYILVAKHDPS2XKGDWYPETO\">El Servicio Nacional del Consumidor present\u00f3 una demanda contra Forum Servicios Financieros. Se refiere Ruperto Pinochet Olave, acad\u00e9mico de la Facultad de Ciencias Jur\u00eddicas y Sociales. \u00a0<\/a><b><br \/><\/b><\/div><div>\u00a0<\/div><div><b>RADIO BIOB\u00cdO\u00a0ONLINE<\/b><br \/><a href=\"https:\/\/www.biobiochile.cl\/noticias\/economia\/mercado-automotriz\/2024\/06\/07\/sernac-demanda-a-financiera-automotriz-por-cobros-injustificados-mas-de-100-mil-por-alza-de-prenda.shtml\">Sernac demanda a financiera automotriz por cobros injustificados: M\u00e1s de $100 mil por alza de prenda. Se refiere Ruperto Pinochet Olave, acad\u00e9mico de la Facultad de Ciencias Jur\u00eddicas y Sociales. \u00a0<\/a><\/div><div>\u00a0<\/div><div><b>LA SEGUNDA<\/b>\u00a0<br \/><a href=\"https:\/\/www.litoralpress.cl\/paginaconsultas\/Servicios_NClipSitio\/Get_Imagen_Nota.aspx?LPKey=4G2RNLBFYMPQA4REDUN4PHQZHZKTJ2MWL7SE2D6M4J6BDOVOUOMUNV6T7KGWJSZYHFS5EA5ULWDSI\">Primarias: Las 10 comunas donde se la &#8220;juegan&#8221; oficialismo y oposici\u00f3n. Se refiere Mauricio Morales Quiroga, director de Centro de An\u00e1lisis Pol\u00edtico (CAP).\u00a0<\/a><b><br \/><br \/><\/b><\/div><div><b>CANAL MEGA<\/b><br \/><a href=\"https:\/\/www.litoralpress.cl\/sitio\/RadioTV_Detalles.cshtml?LPKey=2XBNQQXDA2JIJVLP5PLJD25XZLO3BRBLKQTPOUA4JF467PBXNAGDDGBOQ272RT5RKWR2WPQNKPUQK\">Est\u00e1 todo listo para las primarias municipales de este domingo 9 de junio. Se refiere Mauricio Morales Quiroga, director del Centro de An\u00e1lisis Pol\u00edtico (CAP).\u00a0<\/a><br \/><br \/><\/div><div><b>CANAL MEGA<\/b><br \/><a href=\"https:\/\/www.litoralpress.cl\/sitio\/RadioTV_Detalles.cshtml?LPKey=ERTI3UZVYAF4KBAQAQCFKIQU6F5G3USTML3ZT2J56DNN6PZW67D6SJ7YQ76RGSUXJUG52RURAUDCO\">Entrevista Mauricio Morales Quiroga, director de Centro de An\u00e1lisis Pol\u00edtico (CAP).\u00a0<\/a><br \/><br \/><\/div><div><b>RADIO INFINITA<\/b>\u00a0<br \/><a href=\"https:\/\/www.infinita.cl\/programas\/lo-que-faltaba\/2024\/06\/06\/lo-que-faltaba-6-de-junio-del-2024.html\">An\u00e1lisis pol\u00edtico. Se refiere Mauricio Morales Quiroga, director de Centro de An\u00e1lisis Pol\u00edtico (CAP).\u00a0<\/a><br \/><br \/><\/div><div><b>RADIO INFINITA<\/b>\u00a0<br \/><a href=\"https:\/\/www.litoralpress.cl\/sitio\/RadioTV_Detalles.cshtml?LPKey=BKRI4IEPNRVDFJWMUKOAA3IRZSLRHDIF3OQX527QO6HP3QLN4APTRGYNULUMZUFQJIXJ74CILZ73Q\">Comentario de pol\u00edtica de Mauricio Morales Quiroga, director de Centro de An\u00e1lisis Pol\u00edtico (CAP).\u00a0<\/a><br \/><br \/><\/div><div><b>EMOL<\/b>\u00a0<br \/><a href=\"https:\/\/www.emol.com\/noticias\/Nacional\/2024\/06\/08\/1133173\/elecciones-primarias-domingo-puntos-clave.html\">De la capacidad de movilizaci\u00f3n al &#8216;peso relativo&#8217; de cada partido: Los puntos claves a seguir en las primarias del domingo. Se refiere Mario Herrera, acad\u00e9mico Centro de An\u00e1lisis Pol\u00edtico (CAP).<\/a> \u00a0<br \/><br \/><\/div><div><b>DIARIO TALCA\u00a0<br \/><\/b><a href=\"https:\/\/www.litoralpress.cl\/sitio\/Prensa_PaginaCompleta.cshtml?LPKey=2UBG3VX6PTAQDW4YBMKYB5TEEJTE6GMKA5AOAVVLQXS22RYCQNSQ\">El Gabinete del Maule y su reiterada rotaci\u00f3n de autoridades. Se refiere Mario Herrera, acad\u00e9mico Centro de An\u00e1lisis Pol\u00edtico (CAP). \u00a0<\/a><b><br \/><br \/><\/b><\/div><div><b>LA PRENSA DE CURIC\u00d3<\/b>\u00a0<br \/><a href=\"https:\/\/www.litoralpress.cl\/paginaconsultas\/Servicios_NClipSitio\/Get_Imagen_Nota.aspx?LPKey=F2LNVXME2TEJDIO3ETLSALPHG6RNNEEGO7KRQT3TYFUDA6ADT3T44DDVLC6XLTRU5FRDPAQXDUVXA\">Con primarias se elegir\u00e1n candidatos a alcaldes con miras a las elecciones municipales de octubre. Se refiere Mario Herrera Mu\u00f1oz, acad\u00e9mico del Centro de An\u00e1lisis Pol\u00edtico (CAP).\u00a0\u00a0 \u00a0<\/a><br \/><br \/><\/div><div><b>RADIO LAUTARO<\/b>\u00a0<br \/><a href=\"https:\/\/radiolautarotalca.cl\/elecciones-2024-cuales-seran-obligatorias\/\">Elecciones 2024: \u00bfCu\u00e1les ser\u00e1n obligatorias? Se refiere Mario Herrera Mu\u00f1oz, acad\u00e9mico del Centro de An\u00e1lisis Pol\u00edtico (CAP).\u00a0\u00a0 \u00a0<\/a><\/div><div>\u00a0<\/div><div><b>DIARIO LA PRENSA<\/b>\u00a0<br \/><a href=\"https:\/\/new.diariolaprensa.cl\/index.php\/2024\/06\/08\/corporacion-municipal-de-fomento-productivo-asesora-a-emprendedores\/\">Con primarias se elegir\u00e1n candidatos a alcaldes con miras a las elecciones municipales de octubre. Se refiere Mario Herrera Mu\u00f1oz, acad\u00e9mico del Centro de An\u00e1lisis Pol\u00edtico (CAP).\u00a0\u00a0 \u00a0<\/a><br \/><br \/><\/div><div><b>CANAL 30 LINARES TV<\/b>\u00a0<br \/><a href=\"https:\/\/www.litoralpress.cl\/sitio\/RadioTV_Detalles.cshtml?LPKey=OLGAS3CZEH7QXPFIDLVAGHJ65KBA5R2E25W6Z5LNJFWCWLIS3SX4PWBQGZQBMRMYOPP6HD3S22V2G\">Entrevista a B\u00e1rbra Fern\u00e1ndez, acad\u00e9mica de la Escuela de Enfermer\u00eda.\u00a0<\/a><br \/><br \/><\/div><div><b>DIARIO EL CENTRO<\/b>\u00a0<br \/><a href=\"https:\/\/www.diarioelcentro.cl\/2024\/06\/07\/quien-pinta-el-cuadro-de-la-justicia-a-proposito-de-los-vilos\/\">\u00bfQui\u00e9n pinta el cuadro de la justicia? A prop\u00f3sito de los Vilos. Diego Palomo, acad\u00e9mico de la Facultad de Ciencias Jur\u00eddicas y Sociales.\u00a0<\/a><br \/><br \/><\/div><div><b>MAULE HOY<\/b>\u00a0<br \/><a href=\"https:\/\/maulehoy.cl\/2024\/06\/09\/tenemos-que-aprender-a-reciclar-o-sea-a-separar-el-vidrio-el-carton-y-el-plastico\/\">Tenemos que aprender a reciclar, o sea, a separar el vidrio, el cart\u00f3n y el pl\u00e1stico. Se menciona la Universidad de Talca.\u00a0<\/a><br \/><br \/><\/div><div><b>DIARIO LA PRENSA<\/b>\u00a0<br \/><a href=\"https:\/\/new.diariolaprensa.cl\/index.php\/2024\/06\/08\/corporacion-municipal-de-fomento-productivo-asesora-a-emprendedores\/\">Corporaci\u00f3n Municipal de Fomento Productivo asesora a emprendedores. Se menciona la Universidad de Talca.\u00a0<\/a><\/div><div>\u00a0<\/div><div><b>LA PRENSA DE CURIC\u00d3<\/b>\u00a0<br \/><a href=\"http:\/\/somosmaule.cl\/publico\/ficha\/ficha.aspx?i=74928\">Corporaci\u00f3n Municipal de Fomento Productivo asesora a emprendedores. Se menciona la Universidad de Talca.<\/a><\/div><div>\u00a0<\/div><div><b>SOMOS MAULE<\/b>\u00a0<br \/><a href=\"http:\/\/somosmaule.cl\/publico\/ficha\/ficha.aspx?i=74928\">Nuevo directorio de la junta de adelanto del Maule. Se menciona la Universidad de Talca.-\u00a0<\/a><br \/><br \/><\/div><div><b>EL AUSTRAL DE LA ARACUCAN\u00cdA<\/b>\u00a0<br \/><a href=\"https:\/\/www.litoralpress.cl\/paginaconsultas\/Servicios_NClipSitio\/Get_Imagen_Nota.aspx?LPKey=IJM2Q4BQ3SALV5UWBVUKMWBL6OC3TLCGPTFZLN2VAC2PGTCRLYJTSOMNTW7C4APSI3M7N25KTKRJQ\">Futuros dentistas de la UFRO rinden segundo piloto del examen nacional de Odontolog\u00eda. Se menciona la Universidad de Talca.\u00a0<\/a><\/div><div>\u00a0<\/div><div><b>CANAL TVN RED MAULE<\/b>\u00a0<br \/><a href=\"https:\/\/www.litoralpress.cl\/sitio\/RadioTV_Detalles.cshtml?LPKey=I7X56GGCIQQYPPXJU5L4XFRVJF35VKPBPKIJUBPW6E4UKYWWOEPFCVJAYBGC7J4PN3SYTVJFWDDH4\">Gobierno nombra a Juan Manuel Mi\u00f1o Reyes como nuevo seremi de Justicia y Derechos Humanos. Se menciona la Universidad de Talca.\u00a0<\/a><br \/><br \/><\/div><div><b>CANAL TVN RED MAULE<\/b>\u00a0<br \/><a href=\"https:\/\/www.litoralpress.cl\/sitio\/RadioTV_Detalles.cshtml?LPKey=77KRBZQQ4RKFZIBTOSYVOB6PJX6EGQW2F2GJXUTZSTSGEIPXLOSOGK2L7OWFI44MAN7GWFDNQFN5W\">Caf\u00e9 literario con Margarita Bustos. Se menciona la Universidad de Talca.\u00a0<\/a><br \/><br \/><\/div><div><b>UNIVERSIDAD DE CHILE<\/b>\u00a0<br \/><a href=\"https:\/\/ciencias.uchile.cl\/noticias\/217118\/curso-avanzando-en-biologia-molecular-y-biotecnologia-vegeta\">Curso Avanzado en Biolog\u00eda Molecular y Biotecnolog\u00eda Vegetal para Estudiantes de Postgrado. Se menciona la Universidad de Talca.<\/a>\u00a0<br \/><br \/><\/div><div><b>SIM FRUIT<\/b>\u00a0<br \/><a href=\"https:\/\/www.simfruit.cl\/pec-cherry-conference-comite-de-cerezas-de-frutas-de-chile-presente-en-importante-evento-de-transferencia-tecnica-sobre-el-cerezo\/\">PEC Cherry Conference: Comit\u00e9 de Cerezas de Frutas de Chile participa en importante evento de transferencia t\u00e9cnica sobre el cerezo. Se menciona la Universidad de Talca.\u00a0<\/a><br \/><br \/><\/div><div><b>EL MAULE INFORMA<\/b>\u00a0<br \/><a href=\"https:\/\/elmauleinforma.cl\/nuevo-directorio-de-la-junta-de-adelanto-del-maule\/\">Nuevo directorio de la Junta de Adelanto del Maule. Se menciona la Universidad de Talca.\u00a0<\/a><br \/><br \/><\/div><div><b>CANAL TVN RED MAULE<\/b>\u00a0<br \/><a href=\"https:\/\/www.litoralpress.cl\/sitio\/RadioTV_Detalles.cshtml?LPKey=IKUMXPWQDHGLFTQWANG7DXNW63NM63YWY6AORER2JA46JWLWETQYW66E3SZ3MKX24J2WA5YB5KIQM\">Exhibici\u00f3n de documental &#8220;Guanayes&#8221;. Se menciona la Universidad de Talca.\u00a0<\/a><br \/><br \/><\/div><div><b>CANAL TVN RED MAULE<\/b>\u00a0<br \/><a href=\"https:\/\/www.litoralpress.cl\/sitio\/RadioTV_Detalles.cshtml?LPKey=B66GYNH5R5AL6FN6AKW35D7QDZ2EL2J3YCAQSERBYLAXOEQXWIZOW3AUVQ76TMXZPRYXIWODLQZFM\">Proyecto Cotiled\u00f3n Inicia Gira con Presentaci\u00f3n de Obra Educativa en Teatro, Circo y M\u00fasica en la Universidad de Talca. Se menciona la Universidad de Talca.\u00a0<\/a><br \/><br \/><\/div><div><b>ULAGOS<\/b>\u00a0<br \/><a href=\"https:\/\/www.ulagos.cl\/2024\/06\/universidades-del-cuech-se-unen-para-lanzar-la-plataforma-interuniversitaria-de-salud-mental-aqui-contigo\/\">Universidades del CUECH se unen para lanzar la Plataforma Interuniversitaria de Salud Mental \u00abAqu\u00ed Contigo\u00bb. Se menciona la Universidad de Talca.\u00a0<\/a><br \/><br \/><\/div><div><b>LA PRENSA DE CURIC\u00d3<\/b>\u00a0<br \/><a href=\"https:\/\/www.litoralpress.cl\/sitio\/Prensa_Detalles.cshtml?LPKey=CRZPMCRJRMZEX2DXQCO6UJ6OADYC5FHSAFRITXG747X75TUPBU5Q\">Destacan alcances de seminario: \u201cHorizontes para la Transici\u00f3n Energ\u00e9tica en la Regi\u00f3n del Maule\u201d. Se menciona la Universidad de Talca.\u00a0<\/a><br \/><br \/><\/div><div><b>LA PRENSA DE CURIC\u00d3<\/b>\u00a0<br \/><a href=\"https:\/\/www.litoralpress.cl\/paginaconsultas\/Servicios_NClipSitio\/Get_Imagen_Nota.aspx?LPKey=NXCRKHN47TCMYJ27LXLFR6HSQJKQPQMK6DNN3ZB45XKQ2THN54E4TDZO25VCKTLVCDEVOX4DCVGNM\">Sucede. Se menciona la Universidad de Talca.\u00a0<\/a><\/div><div class=\"x_elementToProof\">\u00a0<\/div>\t\t\t\t\t\t<\/div>\n\t\t\t\t<\/div>\n\t\t\t\t\t<\/div>\n\t\t<\/div>\n\t\t\t\t\t\t\t<\/div>\n\t\t<\/section>\n\t\t\t\t\t\t<\/div>\n\t\t\t\t\t<\/div>\n\t\t","protected":false},"excerpt":{"rendered":"<p>EL LECTOR\u00a0Primer congreso de Ciencias con enfoque de g\u00e9nero marca un hito para las investigadoras del pa\u00eds. Se refiere Carlos Torres Fuchslocher, rector; y Karin Saavedra, directora general Vinculaci\u00f3n con el Medio.\u00a0MEDIABANCO\u00a0Primer congreso de Ciencias con enfoque de g\u00e9nero marca un hito para las investigadoras del pa\u00eds. Se refiere Carlos Torres Fuchslocher, rector; y Karin &hellip;<\/p>\n<p class=\"read-more\"> <a class=\"\" href=\"https:\/\/www.reportedeprensa.utalca.cl\/?p=9973\"> <span class=\"screen-reader-text\">10 de junio de 2024<\/span> Read More &raquo;<\/a><\/p>\n","protected":false},"author":1,"featured_media":0,"comment_status":"closed","ping_status":"open","sticky":false,"template":"","format":"standard","meta":{"_monsterinsights_skip_tracking":false,"_monsterinsights_sitenote_active":false,"_monsterinsights_sitenote_note":"","_monsterinsights_sitenote_category":0},"categories":[49],"tags":[],"_links":{"self":[{"href":"https:\/\/www.reportedeprensa.utalca.cl\/index.php?rest_route=\/wp\/v2\/posts\/9973"}],"collection":[{"href":"https:\/\/www.reportedeprensa.utalca.cl\/index.php?rest_route=\/wp\/v2\/posts"}],"about":[{"href":"https:\/\/www.reportedeprensa.utalca.cl\/index.php?rest_route=\/wp\/v2\/types\/post"}],"author":[{"embeddable":true,"href":"https:\/\/www.reportedeprensa.utalca.cl\/index.php?rest_route=\/wp\/v2\/users\/1"}],"replies":[{"embeddable":true,"href":"https:\/\/www.reportedeprensa.utalca.cl\/index.php?rest_route=%2Fwp%2Fv2%2Fcomments&post=9973"}],"version-history":[{"count":5,"href":"https:\/\/www.reportedeprensa.utalca.cl\/index.php?rest_route=\/wp\/v2\/posts\/9973\/revisions"}],"predecessor-version":[{"id":9979,"href":"https:\/\/www.reportedeprensa.utalca.cl\/index.php?rest_route=\/wp\/v2\/posts\/9973\/revisions\/9979"}],"wp:attachment":[{"href":"https:\/\/www.reportedeprensa.utalca.cl\/index.php?rest_route=%2Fwp%2Fv2%2Fmedia&parent=9973"}],"wp:term":[{"taxonomy":"category","embeddable":true,"href":"https:\/\/www.reportedeprensa.utalca.cl\/index.php?rest_route=%2Fwp%2Fv2%2Fcategories&post=9973"},{"taxonomy":"post_tag","embeddable":true,"href":"https:\/\/www.reportedeprensa.utalca.cl\/index.php?rest_route=%2Fwp%2Fv2%2Ftags&post=9973"}],"curies":[{"name":"wp","href":"https:\/\/api.w.org\/{rel}","templated":true}]}}