{"id":9983,"date":"2024-06-11T11:40:03","date_gmt":"2024-06-11T14:40:03","guid":{"rendered":"https:\/\/www.reportedeprensa.utalca.cl\/?p=9983"},"modified":"2024-06-11T13:17:58","modified_gmt":"2024-06-11T16:17:58","slug":"11-de-junio-de-2024","status":"publish","type":"post","link":"https:\/\/www.reportedeprensa.utalca.cl\/?p=9983","title":{"rendered":"11 de junio de 2024"},"content":{"rendered":"\t\t<div data-elementor-type=\"wp-post\" data-elementor-id=\"9983\" class=\"elementor elementor-9983\" data-elementor-settings=\"[]\">\n\t\t\t\t\t\t\t<div class=\"elementor-section-wrap\">\n\t\t\t\t\t\t\t<section class=\"elementor-section elementor-top-section elementor-element elementor-element-bcea1a8 elementor-section-boxed elementor-section-height-default elementor-section-height-default\" data-id=\"bcea1a8\" data-element_type=\"section\">\n\t\t\t\t\t\t<div class=\"elementor-container elementor-column-gap-default\">\n\t\t\t\t\t<div class=\"elementor-column elementor-col-100 elementor-top-column elementor-element elementor-element-e7183bf\" data-id=\"e7183bf\" data-element_type=\"column\">\n\t\t\t<div class=\"elementor-widget-wrap elementor-element-populated\">\n\t\t\t\t\t\t\t\t<div class=\"elementor-element elementor-element-58d7315 elementor-widget elementor-widget-text-editor\" data-id=\"58d7315\" data-element_type=\"widget\" data-widget_type=\"text-editor.default\">\n\t\t\t\t<div class=\"elementor-widget-container\">\n\t\t\t\t\t\t\t\t<div><b>EL DIARIO SANTIAGO\u00a0<br \/><\/b><a href=\"https:\/\/www.eldiariosantiago.cl\/premio-de-literatura-jose-donoso-2024-inicia-nueva-version-con-la-definicion-de-su-jurado-internacional\/\">Premio de Literatura Jos\u00e9 Donoso 2024 inicia nueva versi\u00f3n con la definici\u00f3n de su jurado internacional. Se refiere Carlos Torres Fuchslocher, rector y Claire Mercier, acad\u00e9mica del Instituto de Estudios Human\u00edsticos y coordinadora del Premio.\u00a0<\/a><b><br \/><br \/><\/b><\/div><div><b>MEDIABANCO<\/b>\u00a0<br \/><a href=\"https:\/\/www.mediabanco.com\/premio-de-literatura-jose-donoso-2024-inicia-nueva-version-con-la-definicion-de-su-jurado-internacional\/\">Premio de Literatura Jos\u00e9 Donoso 2024 inicia nueva versi\u00f3n con la definici\u00f3n de su jurado internacional. Se refiere Carlos Torres Fuchslocher, rector y Claire Mercier, acad\u00e9mica del Instituto de Estudios Human\u00edsticos y coordinadora del Premio.\u00a0<\/a><br \/><br \/><\/div><div><b>G5 NOTICIA<\/b>\u00a0<br \/><a href=\"https:\/\/g5noticias.cl\/2024\/06\/10\/premio-de-literatura-jose-donoso-2024-inicia-nueva-version-con-la-definicion-de-su-jurado-internacional\/\">Premio de Literatura Jos\u00e9 Donoso 2024 inicia nueva versi\u00f3n con la definici\u00f3n de su jurado internacional. Se refiere Carlos Torres Fuchslocher, rector y Claire Mercier, acad\u00e9mica del Instituto de Estudios Human\u00edsticos y coordinadora del Premio.\u00a0<\/a><br \/><br \/><\/div><div><b>AD PRENSA<\/b>\u00a0<br \/><a href=\"https:\/\/www.adprensa.cl\/actividades-academicas\/premio-de-literatura-jose-donoso-2024-inicia-nueva-version-con-la-definicion-de-su-jurado-internacional-2\/\">Premio de Literatura Jos\u00e9 Donoso 2024 inicia nueva versi\u00f3n con la definici\u00f3n de su jurado internacional. . Se refiere Carlos Torres Fuchslocher, rector y Claire Mercier, acad\u00e9mica del Instituto de Estudios Human\u00edsticos y coordinadora del Premio.\u00a0<\/a><br \/><br \/><\/div><div><b>G5 NOTICIA<\/b>\u00a0<br \/><a href=\"https:\/\/g5noticias.cl\/2024\/06\/10\/primer-congreso-de-ciencias-con-enfoque-de-genero-marca-un-hito-para-las-investigadoras-del-pais\/\">Primer congreso de Ciencias con enfoque de g\u00e9nero marca un hito para las investigadoras del pa\u00eds. Se refiere Carlos Torres Fuchslocher, rector y Karin Saavedra, directora general Vinculaci\u00f3n con el Medio.\u00a0<\/a><br \/><br \/><\/div><div><div><b>REVISTA ECOCIENCIAS\u00a0<br \/><\/b><a href=\"https:\/\/revistaecociencias.cl\/2024\/06\/10\/primer-congreso-de-ciencias-con-enfoque-de-genero-marca-un-hito-para-las-investigadoras-del-pais\/\">Primer congreso de Ciencias con enfoque de g\u00e9nero marca un hito para las investigadoras del pa\u00eds. Se refiere Carlos Torres Fuchslocher, rector y Karin Saavedra, directora general Vinculaci\u00f3n con el Medio.\u00a0<\/a><b><br \/><\/b><b><\/b><\/div><div>\u00a0<\/div><div><b>RADIO COOPERATIVA\u00a0<br \/><\/b><a href=\"https:\/\/www.cooperativa.cl\/noticias\/pais\/tiempo\/sistema-frontal-llegara-a-la-zona-centro-sur-acompanado-de-un-rio\/2024-06-10\/135007.html\">Sistema frontal llegar\u00e1 a la zona centro-sur acompa\u00f1ado de un r\u00edo atmosf\u00e9rico. Se refiere Patricio Gonz\u00e1lez Colville, agroclimat\u00f3logo y acad\u00e9mico del Centro de Investigaci\u00f3n y Transferencia en Riego y Agroclimatolog\u00eda (CITRA).\u202f\u202f<\/a><b><br \/><br \/><\/b><\/div><div><b>DIARIO USACH\u00a0<\/b><br \/><a href=\"https:\/\/www.diariousach.cl\/especialista-en-agroclimatologia-por-llegada-del-fenomeno-de-la-nina\">Especialista en Agroclimatolog\u00eda por llegada del Fen\u00f3meno de la Ni\u00f1a: \u201cPredominar\u00e1n las bajas temperaturas y escasas precipitaciones que no son buenas para la agricultura\u201d . Se refiere Patricio Gonz\u00e1lez Colville, agroclimat\u00f3logo y acad\u00e9mico del Centro de Investigaci\u00f3n y Transferencia en Riego y Agroclimatolog\u00eda (CITRA).\u202f\u202f\u00a0<\/a><br \/><br \/><\/div><div><b>RADIO MARAY\u00a0<\/b><br \/><a href=\"https:\/\/www.maray.cl\/sistema-frontal-llegara-a-la-zona-centro-sur-acompanado-de-un-rio-atmosferico\/\">Sistema frontal llegar\u00e1 a la zona centro-sur acompa\u00f1ado de un r\u00edo atmosf\u00e9rico. Se refiere Patricio Gonz\u00e1lez Colville, agroclimat\u00f3logo y acad\u00e9mico del Centro de Investigaci\u00f3n y Transferencia en Riego y Agroclimatolog\u00eda (CITRA).\u202f\u202f\u00a0<\/a><br \/><br \/><\/div><div><b>HOY \u00d1U\u00d1OA\u00a0<\/b><br \/><a href=\"https:\/\/hoynunoa.cl\/2024\/06\/10\/sistema-frontal-llegara-a-la-zona-centro-sur-acompanado-de-un-rio-atmosferico\/\">Sistema frontal llegar\u00e1 a la zona centro-sur acompa\u00f1ado de un r\u00edo atmosf\u00e9rico. Se refiere Patricio Gonz\u00e1lez Colville, agroclimat\u00f3logo y acad\u00e9mico del Centro de Investigaci\u00f3n y Transferencia en Riego y Agroclimatolog\u00eda (CITRA).\u202f\u202f\u00a0<\/a><\/div><div><b><br \/>EL PREGONERO\u00a0<\/b><br \/><a href=\"https:\/\/elpregonero.cl\/sistema-frontal-llega-a-la-zona-centro-sur-acompanado-de-un-rio-atmosferico\/\">Sistema frontal llegar\u00e1 a la zona centro-sur acompa\u00f1ado de un r\u00edo atmosf\u00e9rico. Se refiere Patricio Gonz\u00e1lez Colville, agroclimat\u00f3logo y acad\u00e9mico del Centro de Investigaci\u00f3n y Transferencia en Riego y Agroclimatolog\u00eda (CITRA).\u202f\u202f\u00a0<\/a><br \/><b><\/b><\/div><div>\u00a0<\/div><div><b>DIARIO FINANCIERO\u00a0<br \/><\/b><a href=\"https:\/\/www.litoralpress.cl\/paginaconsultas\/Servicios_NClipSitio\/Get_Imagen_Nota.aspx?LPKey=LV7PIKPGIKH3KBXMTMNXOZ32GJLTOBVN3CGF3NJY3FIBEH65WSS7C73SMCIH2BY4XB3ANIJDHHTEA\">Sala cuna: Panel UC apoya que proyecto abra espacio a jardines infantiles con y sin fines de lucro. Se refiere Andrea Bentancor, acad\u00e9mica de la Facultad de Econom\u00eda y Negocios.\u00a0<\/a><b><br \/><\/b><b><\/b><\/div><div>\u00a0<\/div><div><b>RADIO GUAYAC\u00c1N\u00a0<br \/><\/b><a href=\"https:\/\/www.litoralpress.cl\/sitio\/RadioTV_Detalles.cshtml?LPKey=2PYT2NWF6MLHQN5GDBDSUBLQVPXRUA3Z4M3DWF5EOTJTSTJUVUYFGPH63FSICP7W3L3N3AYIWNTQY\">Desaf\u00edos en la ense\u00f1anza de un segundo idioma en Chile. Entrevista a Roberto Ferreira, acad\u00e9mico de la Facultad de Ciencias de la Educaci\u00f3n. \u00a0<\/a><\/div><div>\u00a0<\/div><div><b>DIARIO TALCA\u00a0<br \/><\/b><a href=\"https:\/\/diariotalca.cl\/destacan-que-la-industria-fruticola-regional-esta-preparada-para-las-lluvias\/\">Destacan que la industria frut\u00edcola regional est\u00e1 preparada para las lluvias. Se refiere \u00c1lvaro Sep\u00falveda, investigador del Centro de Pom\u00e1ceas.\u202f\u00a0<\/a><b><br \/><\/b><\/div><div>\u00a0<\/div><\/div><div><b>AD PRENSA<\/b>\u00a0<br \/><a href=\"https:\/\/www.adprensa.cl\/cronica\/utalca-capacita-educadoras-de-parvulos-para-llevar-la-ciencia-a-jardines-infantiles\/\">UTalca capacita educadoras de p\u00e1rvulos para llevar la ciencia a jardines infantiles. Se refiere C\u00e9sar Retamal, jefe de la Unidad de Divulgaci\u00f3n y Flavia Schiacappasse, acad\u00e9mica de la Facultad de Ciencias Agrarias.\u202f\u00a0<\/a><br \/><br \/><\/div><div><b>LA PRENSA DE CURIC\u00d3\u00a0<br \/><\/b><a href=\"https:\/\/www.litoralpress.cl\/paginaconsultas\/Servicios_NClipSitio\/Get_Imagen_Nota.aspx?LPKey=PZI3QHGQNKOW6TFECYZWTCVCJZIGONZ6DBKJKOUYH3RMF3ZDELWSK4AECRFRRBTVAULCHJJFC22D2\">Escolares del Maule presentaron interesantes proyectos cient\u00edficos. Se refiere C\u00e9sar Retamal, director de Explora Maule.\u00a0<\/a><b><br \/><\/b><\/div><div>\u00a0<\/div><div><b>AD PRENSA<\/b>\u00a0<br \/><a href=\"https:\/\/www.adprensa.cl\/cronica\/escolares-del-maule-presentaron-proyectos-cientificos\/\">Escolares del Maule presentaron proyectos cient\u00edficos. Se refiere C\u00e9sar Retamal, director de Explora Maule.\u00a0<\/a><br \/><br \/><\/div><div><b>RADIO CRISTALINA<\/b>\u00a0<br \/><a href=\"https:\/\/radiocristalina.cl\/educacion-escolares-del-maule-presentaron-proyectos-cientificos\/\">EDUCACI\u00d3N + CIENCIA: Escolares del Maule presentaron proyectos cient\u00edficos. Se refiere C\u00e9sar Retamal, director de Explora Maule.\u00a0<\/a><br \/><br \/><\/div><div><b>EL MAULE INFORMA<\/b>\u00a0<br \/><a href=\"https:\/\/elmauleinforma.cl\/escolares-del-maule-presentaron-proyectos-cientificos\/\">Escolares del Maule presentaron proyectos cient\u00edficos. Se refiere C\u00e9sar Retamal, director de Explora Maule.\u00a0<\/a><br \/><br \/><\/div><div><b>TV MAULE<\/b>\u00a0<br \/><a href=\"https:\/\/www.tvmaule.cl\/escolares-del-maule-presentaron-proyectos-cientificos\/\">Escolares del Maule presentaron proyectos cient\u00edficos. Se refiere C\u00e9sar Retamal, director de Explora Maule.\u00a0<\/a><br \/><u><a id=\"OWAad9f11a3-784c-0626-f8c0-b67788d46dfd\" class=\"x_x_Hyperlink x_x_SCXW150889950 x_x_BCX0 x_x_OWAAutoLink\" href=\"https:\/\/www.tvmaule.cl\/escolares-del-maule-presentaron-proyectos-cientificos\/\" target=\"_blank\" rel=\"noopener noreferrer\" data-auth=\"NotApplicable\" data-linkindex=\"20\"><\/a><\/u><b><\/b><\/div><div>\u00a0<\/div><div><b>OVEJERO NOTICIAS\u00a0<br \/><\/b><a href=\"https:\/\/www.ovejeronoticias.cl\/2024\/06\/delitos-economicos-y-ciberseguridad-desafios-y-evolucion-reciente-en-chile\/\">Delitos econ\u00f3micos y ciberseguridad: desaf\u00edos y evoluci\u00f3n reciente en Chile. Se refiere Rodrigo Herrera, acad\u00e9mico Facultad de Econom\u00eda y Negocios.\u00a0<\/a><b><br \/><\/b><\/div><div>\u00a0<\/div><div><b>LA SEGUNDA\u00a0<\/b><br \/><a href=\"https:\/\/www.litoralpress.cl\/paginaconsultas\/Servicios_NClipSitio\/Get_Imagen_Nota.aspx?LPKey=OC5EJA2YX5QVSXM5OKIDI6B3Y5JDWETDBAMZXJR3SO63SG2BBGR55YI5NA3PLSYWKTHPQKXH6QVJQ\">FA-PC asestan golpes simb\u00f3licos a SD y DC. Se refiere Mauricio Morales Quiroga, director del Centro de An\u00e1lisis Pol\u00edtico (CAP).<\/a>\u00a0<br \/><br \/><\/div><div><b>RADIO INFINITA\u00a0<\/b><br \/><a href=\"https:\/\/www.infinita.cl\/podcasts\/analisis-politico-rodrigo-bravo\/2024\/06\/10\/analisis-politico-los-resultados-claves-de-las-primarias-municipales.html\">An\u00e1lisis pol\u00edtico: Los resultados claves de las primarias municipales. Se refiere Mauricio Morales Quiroga, director del Centro de An\u00e1lisis Pol\u00edtico (CAP).\u00a0<\/a><br \/><u><a id=\"OWAde68d947-a05f-1d65-c71e-800fc98ff02d\" class=\"x_x_Hyperlink x_x_SCXW150889950 x_x_BCX0 x_x_OWAAutoLink\" href=\"https:\/\/www.infinita.cl\/podcasts\/analisis-politico-rodrigo-bravo\/2024\/06\/10\/analisis-politico-los-resultados-claves-de-las-primarias-municipales.html\" target=\"_blank\" rel=\"noopener noreferrer\" data-auth=\"NotApplicable\" data-linkindex=\"23\"><\/a><\/u><b><\/b><\/div><div>\u00a0<\/div><div><b>RADIO INFINITA\u00a0<\/b><br \/><a href=\"https:\/\/www.infinita.cl\/programas\/ahora-es-cuando\/2024\/06\/10\/ahora-es-cuando-10-de-junio-del-2024.html\">Ahora es cuando. Se refiere Mauricio Morales Quiroga, director del Centro de An\u00e1lisis Pol\u00edtico (CAP).\u00a0<\/a><br \/><b><br \/><\/b><\/div><div><b>RADIO FUTURO<\/b>\u00a0<br \/><a href=\"https:\/\/www.litoralpress.cl\/sitio\/RadioTV_Detalles.cshtml?LPKey=CQEWI3CEN3OSK3TL6WNVGFWBKLGLPISVATJOGTS5LSMHCDNKRZHA4BJMEJ7277RG3DJIK2244SLCK\">Analista pol\u00edtico por primarias de alcaldes y gobernadores: \u00abEl pacto de gobierno consolid\u00f3 al PS como el m\u00e1s fuerte y en la oposici\u00f3n RN parece la favorecida\u00bb Se refiere Mario Herrera Mu\u00f1oz, acad\u00e9mico del Centro de An\u00e1lisis Pol\u00edtico (CAP).\u202f\u202f \u202f<\/a>\u00a0<br \/><br \/><\/div><div><b>EMOL\u00a0<br \/><\/b><a href=\"https:\/\/www.emol.com\/noticias\/Nacional\/2024\/06\/10\/1133233\/participacion-elecciones-primarias-alcaldes.html\">Desafecci\u00f3n pol\u00edtica y cr\u00edticas por &#8216;poca informaci\u00f3n&#8217;: Las claves que marcaron el laxo 6,19% de participaci\u00f3n en las primarias. Se refiere Mario Herrera Mu\u00f1oz, acad\u00e9mico del Centro de An\u00e1lisis Pol\u00edtico (CAP).\u202f\u202f \u202f\u00a0<\/a><b><br \/><br \/><\/b><\/div><div><b>EMOL<\/b>\u00a0<br \/><a href=\"https:\/\/www.emol.com\/noticias\/Nacional\/2024\/06\/10\/1133241\/ganadores-perdedores-primarias-junio.html\">Independientes toman ventaja, la DC pierde basti\u00f3n y CS y RN allanan camino: Los triunfos y derrotas que dej\u00f3 la primaria. Se refiere Mario Herrera Mu\u00f1oz, acad\u00e9mico del Centro de An\u00e1lisis Pol\u00edtico (CAP).\u202f\u202f \u202f\u00a0<\/a><br \/><br \/><\/div><div><b>RADIO NOST\u00c1LGICA<\/b>\u00a0<br \/><a href=\"https:\/\/www.nostalgica.cl\/los-triunfos-y-derrotas-que-dejo-la-primaria-de-este-domingo-y-las-cuentas-de-los-partidos\/\">Los triunfos y derrotas que dej\u00f3 la primaria de este domingo y las cuentas de los partidos. Se refiere Mario Herrera Mu\u00f1oz, acad\u00e9mico del Centro de An\u00e1lisis Pol\u00edtico (CAP).\u202f\u202f \u202f\u00a0<\/a><br \/><br \/><\/div><div><b>RADIO FUTURO<\/b>\u00a0<br \/><a href=\"https:\/\/www.futuro.cl\/2024\/06\/analista-politico-por-primarias-de-alcaldes-y-gobernadores-el-pacto-de-gobierno-consolido-al-ps-como-el-mas-fuerte-y-en-la-oposicion-rn-parece-la-favorecida\/\">Analista pol\u00edtico por primarias de alcaldes y gobernadores: \u00abEl pacto de gobierno consolid\u00f3 al PS como el m\u00e1s fuerte y en la oposici\u00f3n RN parece la favorecida\u00bb Se refiere Mario Herrera Mu\u00f1oz, acad\u00e9mico del Centro de An\u00e1lisis Pol\u00edtico (CAP).\u202f\u202f \u202f\u00a0<\/a><br \/><br \/><\/div><div><b>EMOL\u00a0<br \/><\/b><a href=\"https:\/\/www.emol.com\/noticias\/Nacional\/2024\/06\/10\/1133257\/hubo-bustamante-expertos-despejan-dudas.html\">\u00bfLo debe tomar la antigua justicia? Expertos despejan dudas tras confesi\u00f3n de Hugo Bustamante y abordan pasos a seguir. Se refiere Francisco Maldonado, acad\u00e9mico de la Facultad de Ciencias Jur\u00eddicas y Sociales.\u00a0<\/a><b><br \/><br \/><\/b><\/div><div><b>EL HERALDO<\/b>\u00a0<br \/><a href=\"https:\/\/www.diarioelheraldo.cl\/noticia\/agricultores-accedieron-a-innovaciones-tecnologicas-para-el-agro-en-v-encuentro-agrotech-maule-2024-\">Agricultores accedieron a innovaciones tecnol\u00f3gicas para el agro en V Encuentro AGROTECH Maule 2024. Se menciona la Universidad de Talca.\u00a0<\/a><br \/><br \/><\/div><div><b>TVN RED MAULE<\/b>\u00a0<br \/><a href=\"https:\/\/www.litoralpress.cl\/sitio\/RadioTV_Detalles.cshtml?LPKey=NIYMW46KLRU73ZS5RY4TIUU4SOSCWWEM2J32X5O5YSD3M56EAWQJVF2PRJIVMEMI5M7OIUEWYLQWS\">Breves culturales: Ciclo de pel\u00edculas en foco a la diversidad sexual. Se menciona la Universidad de Talca.\u00a0<\/a><br \/><br \/><\/div><div><b>LA PRENSA DE CURIC\u00d3<\/b>\u00a0<br \/><a href=\"https:\/\/www.litoralpress.cl\/paginaconsultas\/Servicios_NClipSitio\/Get_Imagen_Nota.aspx?LPKey=OB4LCRDHMFQCFRKRBD5LKCV3PJFOYXL2MQTJX36H5JUNJ3BYNYBUKVD3QRFLY6FO7GOIFCZM7QVD2\">Sucede. Se menciona la Universidad de Talca. \u00a0<\/a><br \/><br \/><\/div><div><b>ULAGOS<\/b>\u00a0<br \/><a href=\"https:\/\/www.ulagos.cl\/2024\/06\/universidades-del-cuech-se-unen-para-lanzar-la-plataforma-interuniversitaria-de-salud-mental-aqui-contigo\/\">Universidades del CUECH se unen para lanzar la Plataforma Interuniversitaria de Salud Mental \u00abAqu\u00ed Contigo\u00bb. Se menciona la Universidad de Talca.\u00a0<\/a><br \/><br \/><\/div><div><b>P\u00c1GINA V<\/b>\u00a0<br \/><a href=\"https:\/\/paginav.cl\/2024\/06\/10\/universidades-del-cuech-se-unen-para-lanzar-plataforma-interuniversitaria-de-salud-mental\/\">Universidades del CUECH se unen para lanzar la Plataforma Interuniversitaria de Salud Mental \u00abAqu\u00ed Contigo\u00bb. Se menciona la Universidad de Talca.\u00a0<\/a><\/div><div>\u00a0<\/div><div><b>TV5<\/b>\u00a0<br \/><a href=\"https:\/\/www.tv5.cl\/categoria\/local\/estudiantes-escuela-salomon-salman-participaron-winter-games\">Estudiantes de la Escuela Salom\u00f3n Salman participaron en los &#8220;Winter Games&#8221;. Se menciona la Universidad de Talca.\u00a0<\/a><br \/><br \/><\/div><div><b>LINARES EN L\u00cdNEA<\/b>\u00a0<br \/><a href=\"https:\/\/www.linaresenlinea.cl\/2024\/06\/10\/estudiantes-de-la-escuela-salomon-salman-participaron-en-los-winter-games-organizados-por-la-universidad-de-talca-campus-linares\/\">Estudiantes de la Escuela Salom\u00f3n Salman participaron en los \u00abWinter Games\u00bb organizados por la Universidad de Talca, campus Linares. Se menciona la Universidad de Talca.\u00a0<\/a><br \/><br \/><\/div><div class=\"x_elementToProof\"><b>ASOEX<\/b>\u00a0<br \/><a href=\"https:\/\/www.asoex.cl\/component\/content\/article\/25-noticias\/1453-pec-cherry-conference-comite-de-cerezas-de-frutas-de-chile-participa-en-importante-evento-de-transferencia-tecnica-sobre-el-cerezo.html\">PEC Cherry Conference: Comit\u00e9 de Cerezas de Frutas de Chile participa en importante evento de transferencia t\u00e9cnica sobre el cerezo. Se menciona la Universidad de Talca.\u00a0<\/a><br \/><br \/><\/div>\t\t\t\t\t\t<\/div>\n\t\t\t\t<\/div>\n\t\t\t\t\t<\/div>\n\t\t<\/div>\n\t\t\t\t\t\t\t<\/div>\n\t\t<\/section>\n\t\t\t\t\t\t<\/div>\n\t\t\t\t\t<\/div>\n\t\t","protected":false},"excerpt":{"rendered":"<p>EL DIARIO SANTIAGO\u00a0Premio de Literatura Jos\u00e9 Donoso 2024 inicia nueva versi\u00f3n con la definici\u00f3n de su jurado internacional. Se refiere Carlos Torres Fuchslocher, rector y Claire Mercier, acad\u00e9mica del Instituto de Estudios Human\u00edsticos y coordinadora del Premio.\u00a0 MEDIABANCO\u00a0Premio de Literatura Jos\u00e9 Donoso 2024 inicia nueva versi\u00f3n con la definici\u00f3n de su jurado internacional. Se refiere &hellip;<\/p>\n<p class=\"read-more\"> <a class=\"\" href=\"https:\/\/www.reportedeprensa.utalca.cl\/?p=9983\"> <span class=\"screen-reader-text\">11 de junio de 2024<\/span> Read More &raquo;<\/a><\/p>\n","protected":false},"author":1,"featured_media":0,"comment_status":"closed","ping_status":"open","sticky":false,"template":"","format":"standard","meta":{"_monsterinsights_skip_tracking":false,"_monsterinsights_sitenote_active":false,"_monsterinsights_sitenote_note":"","_monsterinsights_sitenote_category":0},"categories":[49],"tags":[],"_links":{"self":[{"href":"https:\/\/www.reportedeprensa.utalca.cl\/index.php?rest_route=\/wp\/v2\/posts\/9983"}],"collection":[{"href":"https:\/\/www.reportedeprensa.utalca.cl\/index.php?rest_route=\/wp\/v2\/posts"}],"about":[{"href":"https:\/\/www.reportedeprensa.utalca.cl\/index.php?rest_route=\/wp\/v2\/types\/post"}],"author":[{"embeddable":true,"href":"https:\/\/www.reportedeprensa.utalca.cl\/index.php?rest_route=\/wp\/v2\/users\/1"}],"replies":[{"embeddable":true,"href":"https:\/\/www.reportedeprensa.utalca.cl\/index.php?rest_route=%2Fwp%2Fv2%2Fcomments&post=9983"}],"version-history":[{"count":4,"href":"https:\/\/www.reportedeprensa.utalca.cl\/index.php?rest_route=\/wp\/v2\/posts\/9983\/revisions"}],"predecessor-version":[{"id":9988,"href":"https:\/\/www.reportedeprensa.utalca.cl\/index.php?rest_route=\/wp\/v2\/posts\/9983\/revisions\/9988"}],"wp:attachment":[{"href":"https:\/\/www.reportedeprensa.utalca.cl\/index.php?rest_route=%2Fwp%2Fv2%2Fmedia&parent=9983"}],"wp:term":[{"taxonomy":"category","embeddable":true,"href":"https:\/\/www.reportedeprensa.utalca.cl\/index.php?rest_route=%2Fwp%2Fv2%2Fcategories&post=9983"},{"taxonomy":"post_tag","embeddable":true,"href":"https:\/\/www.reportedeprensa.utalca.cl\/index.php?rest_route=%2Fwp%2Fv2%2Ftags&post=9983"}],"curies":[{"name":"wp","href":"https:\/\/api.w.org\/{rel}","templated":true}]}}