{"id":9996,"date":"2024-06-12T13:33:05","date_gmt":"2024-06-12T16:33:05","guid":{"rendered":"https:\/\/www.reportedeprensa.utalca.cl\/?p=9996"},"modified":"2024-06-12T13:41:03","modified_gmt":"2024-06-12T16:41:03","slug":"12-de-junio-de-2024","status":"publish","type":"post","link":"https:\/\/www.reportedeprensa.utalca.cl\/?p=9996","title":{"rendered":"12 de junio de 2024"},"content":{"rendered":"\t\t<div data-elementor-type=\"wp-post\" data-elementor-id=\"9996\" class=\"elementor elementor-9996\" data-elementor-settings=\"[]\">\n\t\t\t\t\t\t\t<div class=\"elementor-section-wrap\">\n\t\t\t\t\t\t\t<section class=\"elementor-section elementor-top-section elementor-element elementor-element-bcea1a8 elementor-section-boxed elementor-section-height-default elementor-section-height-default\" data-id=\"bcea1a8\" data-element_type=\"section\">\n\t\t\t\t\t\t<div class=\"elementor-container elementor-column-gap-default\">\n\t\t\t\t\t<div class=\"elementor-column elementor-col-100 elementor-top-column elementor-element elementor-element-e7183bf\" data-id=\"e7183bf\" data-element_type=\"column\">\n\t\t\t<div class=\"elementor-widget-wrap elementor-element-populated\">\n\t\t\t\t\t\t\t\t<div class=\"elementor-element elementor-element-58d7315 elementor-widget elementor-widget-text-editor\" data-id=\"58d7315\" data-element_type=\"widget\" data-widget_type=\"text-editor.default\">\n\t\t\t\t<div class=\"elementor-widget-container\">\n\t\t\t\t\t\t\t\t<div><b>CIENCIA EN CHILE\u00a0<br \/><\/b><a href=\"https:\/\/www.cienciaenchile.cl\/universidad-acogio-primer-congreso-de-ciencias-con-enfoque-de-genero\/\">Universidad acogi\u00f3 primer congreso de Ciencias con enfoque de g\u00e9nero. Se refiere Carlos Torres Fuchslocher, rector.\u00a0<\/a><\/div><div>\u00a0<\/div><div><b>CONSORCIO DE UNIVERSIDADES DEL ESTADO\u00a0DE CHILE<\/b><\/div><div><a href=\"https:\/\/noticias.uestatales.cl\/primer-congreso-ciencias-perspectiva-de-genero-utalca\">Primer congreso de ciencias con perspectiva de g\u00e9nero: M\u00e1s de 300 cient\u00edficas se reunieron en la UTalca. Se refiere Carlos Torres Fuchslocher, rector y Karin Saavedra, directora general Vinculaci\u00f3n con el Medio.\u00a0<\/a><br \/><b><\/b><\/div><div>\u00a0<\/div><div><b>LA PRENSA DE CURIC\u00d3\u00a0<br \/><\/b><a href=\"https:\/\/www.litoralpress.cl\/paginaconsultas\/Servicios_NClipSitio\/Get_Imagen_Nota.aspx?LPKey=WSRVJQXFBGF4WM26VHAQXMWPMUBFH4IBODEZL6M6PP7TJKZVJPZYNRXFG62RLJEM4E5YHHKYTFJEK\">Comienza proceso para la entrega de premio de Literatura Jos\u00e9 Donoso 2024. Se refiere Carlos Torres Fuchslocher, rector.\u00a0<\/a><\/div><div>\u00a0<\/div><div><b>RADIO CRISTALINA<\/b>\u00a0<br \/><a href=\"https:\/\/radiocristalina.cl\/premio-de-literatura-jose-donoso-2024-inicia-nueva-version-con-definicion-de-jurado-internacional\/\">Premio de Literatura Jos\u00e9 Donoso 2024 inicia nueva versi\u00f3n con definici\u00f3n de jurado internacional. Se refiere Carlos Torres Fuchslocher, rector y Claire Mercier, acad\u00e9mica del Instituto de Estudios Human\u00edsticos y coordinadora del Premio.\u202f\u00a0<\/a><br \/><br \/><\/div><div><b>TIERRA AMARILLANO<\/b>\u00a0<br \/><a href=\"https:\/\/tierramarillano.cl\/2024\/06\/11\/premio-de-literatura-jose-donoso-2024-inicia-nueva-version-con-la-definicion-de-su-jurado-internacional\/\">Premio de Literatura Jos\u00e9 Donoso 2024 inicia nueva versi\u00f3n con la definici\u00f3n de su jurado internacional. Se refiere Carlos Torres Fuchslocher, rector y Claire Mercier, acad\u00e9mica del Instituto de Estudios Human\u00edsticos y coordinadora del Premio.\u202f\u00a0<\/a><br \/><br \/><\/div><div><b>RADIO LAUTARO<\/b>\u00a0<br \/><a href=\"https:\/\/radiolautarotalca.cl\/premio-de-literatura-jose-donoso-2024-conmemora-el-centenario-del-nacimiento-del-escritor-chileno\/\">Premio de Literatura Jos\u00e9 Donoso 2024 conmemora el centenario del nacimiento del escritor chileno. Se refiere Carlos Torres Fuchslocher, rector y Claire Mercier, acad\u00e9mica del Instituto de Estudios Human\u00edsticos y coordinadora del Premio.\u202f\u00a0<\/a><br \/><br \/><\/div><div><b>AD PRENSA<\/b>\u00a0<br \/><a href=\"https:\/\/www.adprensa.cl\/uncategorized\/lanzan-inedito-libro-ilustrado-que-reune-los-dinosaurios-de-latinoamerica\/\">Lanzan in\u00e9dito libro ilustrado que re\u00fane los dinosaurios de Latinoam\u00e9rica. Se refiere Jorge Cartes Sanhueza, director (s) de la Escuela de Dise\u00f1o y Jos\u00e9 Ignacio Torres, acad\u00e9mico Escuela de Dise\u00f1o.\u00a0<\/a><br \/><br \/><\/div><div><b>PAGINA V<\/b>\u00a0<br \/><a href=\"https:\/\/www.adprensa.cl\/uncategorized\/lanzan-inedito-libro-ilustrado-que-reune-los-dinosaurios-de-latinoamerica\/\">Presentan libro ilustrado que re\u00fane los dinosaurios de Latinoam\u00e9rica. Se refiere Jorge Cartes Sanhueza, director (s) de la Escuela de Dise\u00f1o y Jos\u00e9 Ignacio Torres, acad\u00e9mico Escuela de Dise\u00f1o.\u00a0<\/a><br \/><br \/><\/div><div><b>RADIO LAUTARO<\/b>\u00a0<br \/><a href=\"https:\/\/radiolautarotalca.cl\/estudiante-de-diseno-de-la-utalca-creo-inedito-libro-que-reune-los-dinosaurios-de-latinoamerica\/\">Estudiante de Dise\u00f1o de la UTalca cre\u00f3 in\u00e9dito libro que re\u00fane los dinosaurios de Latinoam\u00e9rica. Se refiere Jorge Cartes Sanhueza, director (s) de la Escuela de Dise\u00f1o y Jos\u00e9 Ignacio Torres, acad\u00e9mico Escuela de Dise\u00f1o.\u00a0<\/a><br \/><br \/><\/div><div><b>EL CALBUCANO<\/b>\u00a0<br \/><a href=\"https:\/\/www.elcalbucano.cl\/2024\/06\/lanzan-inedito-libro-ilustrado-que-reune-los-dinosaurios-de-latinoamerica\/\">Lanzan in\u00e9dito libro ilustrado que re\u00fane a los dinosaurios de Latinoam\u00e9rica. Se refiere Jorge Cartes Sanhueza, director (s) de la Escuela de Dise\u00f1o y Jos\u00e9 Ignacio Torres, acad\u00e9mico Escuela de Dise\u00f1o.\u00a0<\/a><br \/><br \/><\/div><div><b>LA RAZ\u00d3N\u00a0<br \/><\/b><a href=\"https:\/\/www.larazon.cl\/2024\/06\/11\/lanzan-inedito-libro-ilustrado-que-reune-los-dinosaurios-de-latinoamerica\/\">Lanzan in\u00e9dito libro ilustrado que re\u00fane los dinosaurios de Latinoam\u00e9rica. Se refiere Jorge Cartes Sanhueza, director (s) de la Escuela de Dise\u00f1o y Jos\u00e9 Ignacio Torres, acad\u00e9mico Escuela de Dise\u00f1o.\u00a0<\/a><b><br \/><\/b><\/div><div>\u00a0<\/div><div><b>MEDIA BANCO<\/b>\u00a0<br \/><a href=\"https:\/\/www.mediabanco.com\/lanzan-inedito-libro-ilustrado-que-reune-los-dinosaurios-de-latinoamerica\/\">Lanzan in\u00e9dito libro ilustrado que re\u00fane los dinosaurios de Latinoam\u00e9rica. Se refiere Jorge Cartes Sanhueza, director (s) de la Escuela de Dise\u00f1o y Jos\u00e9 Ignacio Torres, acad\u00e9mico Escuela de Dise\u00f1o.\u00a0<\/a><\/div><div>\u00a0<\/div><div><b>RADIO AGRICULTURA\u00a0<br \/><\/b><a href=\"https:\/\/www.litoralpress.cl\/sitio\/RadioTV_Detalles.cshtml?LPKey=ATZTS572AGQR3C6WC3TRYUSXFUXM56WEINAXXRF3TTL6TIOSK5S7CJSTV3HLC43JTE663U47SCFLK\">An\u00e1lisis de nuevo socav\u00f3n en Re\u00f1aca. Entrevista a Ignacio Fuenzalida, acad\u00e9mico de la Facultad de Ingenier\u00eda.\u00a0<\/a><b><br \/><\/b><\/div><div>\u00a0<\/div><div><b>EL MERCURIO <\/b>\u00a0<br \/><a href=\"https:\/\/www.litoralpress.cl\/paginaconsultas\/Servicios_NClipSitio\/Get_Imagen_Nota.aspx?LPKey=DCV3ZLR6NRKXEVRQBQQY5G2NEHLRMCKONBVLX4TJ4YX7OL6FHOHDL5WGCHKB6KHPJS5ZGLCFJJHBA\">La lA e lA generativa est\u00e1n cambiando el rostro del mercado. Se refiere C\u00e9sar Astudillo, acad\u00e9mico de la Facultad de Ingenier\u00eda.\u00a0<\/a><b><br \/><\/b><\/div><div>\u00a0<\/div><div><b>RADIO COOPERATIVA\u00a0<br \/><\/b><a href=\"https:\/\/www.litoralpress.cl\/sitio\/RadioTV_Detalles.cshtml?LPKey=YIWUNUJGXPAW4ONDLNUD4HZFBK52NPVOSJFLMW6HRKAEUBO2NRYIHHSA52FJ6PJD6SJ5ZFO2TTDG4\">El intenso sistema frontal que se registra en gran parte de la zona centro-sur del pa\u00eds deja variadas dificultades. Se refiere Patricio Gonz\u00e1lez Colville, agroclimat\u00f3logo y acad\u00e9mico del Centro de Investigaci\u00f3n y Transferencia en Riego y Agroclimatolog\u00eda (CITRA).\u202f\u202f\u202f\u00a0<\/a><b><br \/><\/b><b><a id=\"OWA4e2f5594-20ee-f39b-f6e5-fe8bcc2dc00e\" class=\"x_x_Hyperlink x_x_SCXW66773509 x_x_BCX0 x_x_OWAAutoLink\" href=\"https:\/\/www.litoralpress.cl\/sitio\/RadioTV_Detalles.cshtml?LPKey=YIWUNUJGXPAW4ONDLNUD4HZFBK52NPVOSJFLMW6HRKAEUBO2NRYIHHSA52FJ6PJD6SJ5ZFO2TTDG4\" target=\"_blank\" rel=\"noopener noreferrer\" data-auth=\"NotApplicable\" data-linkindex=\"14\"><\/a>\u00a0<\/b><\/div><div><b>RADIO BIOB\u00cdO<\/b>\u00a0<br \/><a href=\"https:\/\/www.litoralpress.cl\/sitio\/RadioTV_Detalles.cshtml?LPKey=5YIZLG7C5QXPVWPVWAZIOMMY77CEKHYOHSVLI5GCAVQCGKX4SYZLPS4SEZZ2KMAMNRXWZRNRGFAUU\">Entrevista a Patricio Gonz\u00e1lez, Patricio Gonz\u00e1lez Colville, agroclimat\u00f3logo y acad\u00e9mico del Centro de Investigaci\u00f3n y Transferencia en Riego y Agroclimatolog\u00eda (CITRA).\u202f\u202f\u202f\u00a0<\/a><br \/><br \/><\/div><div><b>CANAL RED MAULE<\/b>\u00a0<br \/><a href=\"https:\/\/www.litoralpress.cl\/sitio\/RadioTV_Detalles.cshtml?LPKey=VLAYSBG6YA2YJTB26D6MKA25AZJZ3OIZOCD3IQ7N2YKANTFZAFYNUEILX7TL73R3WO2ZVG7SLF66Y\">Nuevo sistema frontal para este fin de semana. Se refiere Patricio Gonz\u00e1lez Colville, agroclimat\u00f3logo y acad\u00e9mico del Centro de Investigaci\u00f3n y Transferencia en Riego y Agroclimatolog\u00eda (CITRA).\u202f\u202f\u202f<\/a>\u00a0<\/div><div>\u00a0<\/div><div><b>EL L\u00cdDER\u00a0<br \/><\/b><a href=\"https:\/\/www.litoralpress.cl\/paginaconsultas\/Servicios_NClipSitio\/Get_Imagen_Nota.aspx?LPKey=ZQUG7NTCIBOG7N7EWRXQCN4SAFPE7WLNKN3YZENMO52VJ5PEKKQRNOOQJ2EBNJBCHSWFBWFQQZY2E\">Reportan leve descenso de virus respiratorios, pero la influenza sigue liderando. Se refiere \u00c9rika Retamal Contreras, directora del Departamento de Salud P\u00fablica.\u00a0<\/a><b><br \/><\/b><\/div><div>\u00a0<\/div><div><b>LA PRENSA DE CURIC\u00d3<\/b>\u00a0<br \/><a href=\"https:\/\/www.litoralpress.cl\/paginaconsultas\/Servicios_NClipSitio\/Get_Imagen_Nota.aspx?LPKey=O5OQ6ONTZHVIHKN7D5AGEGIJ2XMUVYTHI2MGGY2DY64IMAE6S6UK7VGAMXHJ6IEWWR6XU53MHSXHC\">Piden redoblar prevenci\u00f3n ante aumento de infecciones asociadas por bacteria asesina. Se refieren Sergio Wehinger, director del Mag\u00edster en Ciencias Biom\u00e9dicas; y Claudia Mora, acad\u00e9mica del Departamento de Microbiolog\u00eda.\u202f\u00a0<\/a><\/div><div>\u00a0<\/div><div><b>GUAYAC\u00c1N RADIO\u00a0<br \/><\/b><a href=\"https:\/\/www.litoralpress.cl\/sitio\/RadioTV_Detalles.cshtml?LPKey=ACRIIHG2NYFXN5CLSM3TPGVGD55ERVW6BEOH2F7QLQT3QDGW37BS57S7UKSORI7KEG7Y66RBAV56W\">An\u00e1lisis de la denominada &#8220;Bacteria asesina&#8221;. Entrevista a Erika Retamal, directora del Departamento de Salud P\u00fablica.\u00a0<\/a><b><br \/><\/b><\/div><div>\u00a0<\/div><div><b>EL HERALDO<\/b>\u00a0<br \/><a href=\"https:\/\/www.litoralpress.cl\/paginaconsultas\/Servicios_NClipSitio\/Get_Imagen_Nota.aspx?LPKey=BKX67SEBJDE4JC5JWFXXFZEPRCIQXU6RVT5OYJQPBSYMCQR63DKLAUYYTCKYYPW73H7XAICYN6FAG\">Agricultores accedieron a innovaciones tecnol\u00f3gicas para el agro en V Encuentro AGROTECH Maule 2024. Se refiere Jos\u00e9 Antonio Reyes, director ejecutivo del centro Thinkagro.\u00a0<\/a><br \/><br \/><\/div><div><b>EL LECTOR<\/b>\u00a0<br \/><a href=\"https:\/\/www.litoralpress.cl\/paginaconsultas\/Servicios_NClipSitio\/Get_Imagen_Nota.aspx?LPKey=BKX67SEBJDE4JC5JWFXXFZEPRCIQXU6RVT5OYJQPBSYMCQR63DKLAUYYTCKYYPW73H7XAICYN6FAG\">Agricultores accedieron a innovaciones tecnol\u00f3gicas para el agro en V Encuentro AGROTECH Maule 2024. Se refiere Jos\u00e9 Antonio Reyes, director ejecutivo del centro Thinkagro.\u00a0<\/a><br \/><br \/><\/div><div><b>DIARIO EL HERALDO<\/b>\u00a0<br \/><a href=\"https:\/\/www.diarioelheraldo.cl\/noticia\/agricultores-accedieron-a-innovaciones-tecnologicas-para-el-agro-en-v-encuentro-agrotech-maule-2024-\">Agricultores accedieron a innovaciones tecnol\u00f3gicas para el agro en V Encuentro AGROTECH Maule 2024. Se refiere Jos\u00e9 Antonio Reyes, director ejecutivo del centro Thinkagro.\u00a0<\/a><br \/><br \/><\/div><div><b>EL MAULE INFORMA\u00a0<br \/><\/b><a href=\"https:\/\/elmauleinforma.cl\/agricultores-accedieron-a-innovaciones-tecnologicas-para-el-agro-en-v-encuentro-agrotech-maule-2024\/\">Agricultores accedieron a innovaciones tecnol\u00f3gicas para el agro en V Encuentro AGROTECH Maule 2024. Se refiere Jos\u00e9 Antonio Reyes, director ejecutivo del centro Thinkagro.\u00a0<\/a><b><br \/><\/b><\/div><div>\u00a0<\/div><div><b>MAULENEWS<\/b>\u00a0<br \/><a href=\"https:\/\/www.maulenews.com\/2024\/06\/agricultores-accedieron-innovaciones.html\">Agricultores accedieron a innovaciones tecnol\u00f3gicas para el agro en V Encuentro AGROTECH Maule 2024. Se refiere Jos\u00e9 Antonio Reyes, director ejecutivo del centro Thinkagro.\u00a0<\/a><br \/><br \/><\/div><div><b>LINARES EN LINEA<\/b>\u00a0<br \/><a href=\"https:\/\/www.linaresenlinea.cl\/2024\/06\/11\/v-encuentro-agrotech-maule-agricultores-accedieron-a-innovaciones-tecnologicas\/\">V encuentro AGROTECH Maule: Agricultores accedieron a innovaciones tecnol\u00f3gicas. Jos\u00e9 Antonio Reyes, director ejecutivo del centro Thinkagro.\u00a0<\/a><br \/><br \/><\/div><div><b>DIARIOFRUT\u00cdCOLA<\/b>\u00a0<br \/><a href=\"https:\/\/www.diariofruticola.cl\/noticia\/ag-innovatech\/2024\/06\/agrotech-maule-agricultores-accedieron-a-innovaciones-tecnologicas-para-el-agro\">AGROTECH Maule: Agricultores accedieron a innovaciones tecnol\u00f3gicas para el agro. Se refiere Jos\u00e9 Antonio Reyes, director ejecutivo del centro Thinkagro.\u00a0<\/a><br \/><br \/><\/div><div><b>PORTAL AGRO CHILE <\/b>\u00a0<br \/><a href=\"https:\/\/www.portalagrochile.cl\/2024\/06\/10\/agricultores-accedieron-a-innovaciones-tecnologicas-en-v-encuentro-agrotech-maule-2024\/\">Agricultores accedieron a innovaciones tecnol\u00f3gicas en V Encuentro AgroTech Maule 2024. Se refiere Jos\u00e9 Antonio Reyes, director ejecutivo del centro Thinkagro.\u00a0<\/a><\/div><div>\u00a0<\/div><div><b>EL HERALDO\u00a0<br \/><\/b><a href=\"https:\/\/www.litoralpress.cl\/paginaconsultas\/Servicios_NClipSitio\/Get_Imagen_Nota.aspx?LPKey=Q4XREZTHWTDM2XSYJHXHFUJKWA6CINUDLG6H6CQSHGBMEEGGAXFSH64HEZFQVM5R6UMDY2OYIVR2M\">Escolares<\/a><a href=\"https:\/\/www.litoralpress.cl\/paginaconsultas\/Servicios_NClipSitio\/Get_Imagen_Nota.aspx?LPKey=Q4XREZTHWTDM2XSYJHXHFUJKWA6CINUDLG6H6CQSHGBMEEGGAXFSH64HEZFQVM5R6UMDY2OYIVR2M\"> del Maule presentaron proyectos cient\u00edficos. Se refiere C\u00e9sar Retamal, director de Explora Maule.\u00a0<\/a><b><br \/><\/b><\/div><div>\u00a0<\/div><div><b>EL LECTOR<\/b>\u00a0<br \/><a href=\"https:\/\/www.litoralpress.cl\/paginaconsultas\/Servicios_NClipSitio\/Get_Imagen_Nota.aspx?LPKey=ECMENQB6D6BAWUFMIOEHEX5UU6NUUKQVSDRLHWZ7IFGSOP2KAZ5USKIUEJVWGU2IWYPJX6U7RRUWS\">Escolares del Maule presentaron proyectos cient\u00edficos. Se refiere C\u00e9sar Retamal, director de Explora Maule.\u00a0<\/a><\/div><div>\u00a0<\/div><div><b>RADIO INFINITA<\/b>\u00a0<br \/><a href=\"https:\/\/www.litoralpress.cl\/sitio\/RadioTV_Detalles.cshtml?LPKey=DNATF4GMGSERGXHZ3BOWHQJZHDLP6WIV7JRPI44IZXRCSBOMMKRYKUXE7WEDFTNI7VX6FNY2CYF7G\">Comentario de pol\u00edtica de Mauricio Morales Quiroga, director del Centro de An\u00e1lisis Pol\u00edtico (CAP).\u00a0<\/a><br \/><br \/><\/div><div><b>RADIO BIOB\u00cdO<\/b>\u00a0<br \/><a href=\"https:\/\/www.biobiochile.cl\/noticias\/nacional\/chile\/2024\/06\/11\/los-poco-patriotas-de-vallejo-el-chile-contra-chile-que-se-metio-en-la-carrera-a-la-moneda.shtml\">Los &#8220;poco patriotas&#8221; de Vallejo: el Chile contra Chile que se meti\u00f3 en la carrera a La Moneda. Se refiere Mauricio Morales Quiroga, director del Centro de An\u00e1lisis Pol\u00edtico (CAP).\u00a0<\/a><br \/><br \/><\/div><div><b>LA TERCERA ONLINE<\/b>\u00a0<br \/><a href=\"https:\/\/www.latercera.com\/la-tercera-pm\/noticia\/balas-de-plata-al-aire-el-caso-del-ps-en-la-granja-y-otras-obsesiones-partidarias-que-terminaron-en-duras-derrotas\/A3U6BJIMSZD4ZAQFTJVFHMSHMM\/\">\u201cBalas de plata\u201d al aire: el caso del PS en La Granja y otras obsesiones partidarias que terminaron en duras derrotas. Se refiere Mauricio Morales Quiroga, director del Centro de An\u00e1lisis Pol\u00edtico. \u00a0<\/a><\/div><div>\u00a0<\/div><div><b>EMOL<\/b>\u00a0<br \/><a href=\"https:\/\/www.emol.com\/noticias\/Nacional\/2024\/06\/11\/1133379\/contiendas-clave-elecciones-octubre.html\">\u00bfD\u00f3nde no hubo primarias o en comunas &#8216;estandartes&#8217;? Las contiendas claves a seguir en las elecciones de octubre. Mario Herrera, acad\u00e9mico del Centro de An\u00e1lisis Pol\u00edtico (CAP)\u00a0<\/a><br \/><br \/><\/div><div><b>SIM FRUIT<\/b>\u00a0<br \/><a href=\"https:\/\/www.simfruit.cl\/frutas-de-chile-presente-en-pomaexpo-2024-estamos-muy-confiados-que-tendremos-una-industria-rejuvenecida-de-la-manzana\/\">Frutas de Chile presente en PomaExpo 2024: \u201cEstamos muy confiados que tendremos una industria rejuvenecida de la manzana\u201d. \u00c1lvaro Sep\u00falveda, investigador del Centro de Pom\u00e1ceas.\u00a0<\/a><br \/><br \/><\/div><div><b>RADIO LAUTARO<\/b>\u00a0<br \/><a href=\"https:\/\/radiolautarotalca.cl\/expertos-analizaron-la-industria-fruticola-frente-al-cambio-climatico\/\">Expertos analizaron la industria frut\u00edcola frente al Cambio Clim\u00e1tico. Se menciona la Universidad de Talca.\u00a0<\/a><br \/><br \/><\/div><div><b>LA TERCERA ONLINE<\/b>\u00a0<br \/><a href=\"https:\/\/www.latercera.com\/el-deportivo\/noticia\/es-un-metodo-para-dar-a-conocer-nuestros-talentos-la-historia-del-patreon-deportivo-que-permite-apoyar-con-dinero-a-los-atletas-chilenos\/SLWIO6M435EWLIZRIZROHTZ4KA\/\">\u201cEs un m\u00e9todo para dar a conocer nuestros talentos\u201d: la historia del \u2018Patreon deportivo que permite apoyar con dinero a los atletas chilenos. Se menciona la Universidad de Talca.\u00a0<\/a><\/div><div>\u00a0<\/div><div><b>EL HERALDO<\/b>\u00a0<br \/><a href=\"https:\/\/www.litoralpress.cl\/paginaconsultas\/Servicios_NClipSitio\/Get_Imagen_Nota.aspx?LPKey=6WXLYPZSQH7AQ7PXTLQOJVHYQB5GAATCRWUTHRZUVARW4TKCYNWD26UDLPXM6NHQPWCTOWMUQZYHO\">Estudiantes de la Escuela Salom\u00f3n Salman participaron en los Winter Games de la Universidad de Talca, campus Linares. Se menciona la Universidad de Talca.\u00a0<\/a><br \/><br \/><\/div><div><b>RADIO UNIVERSO<\/b>\u00a0<br \/><a href=\"https:\/\/www.litoralpress.cl\/sitio\/RadioTV_Detalles.cshtml?LPKey=OHDWQNZYNWI4CYP5K3TNZ3O5SUXFUD2QAK4XRXHS5TDECV6RM3ZLVJ6TW4ZT5YGMHYDFY2B3Z72V2\">Entrevista a Guillermo Holzmann, analista pol\u00edtico, acad\u00e9mico de la Universidad de Valpara\u00edso, Universidad Aut\u00f3noma y Universidad de Talca y director de Anal\u00edtica Consultores. Se menciona la Universidad de Talca.\u00a0<\/a><br \/><br \/><\/div><div><b>CANAL TVN RED MAULE<\/b>\u00a0<br \/><a href=\"https:\/\/www.litoralpress.cl\/sitio\/RadioTV_Detalles.cshtml?LPKey=NIYMW46KLRU73ZS5RY4TIUU4SOSCWWEM2J32X5O5YSD3M56EAWQJVF2PRJIVMEMI5M7OIUEWYLQWS\">Breves culturales: Ciclo de pel\u00edculas en foco a la diversidad sexual. Se menciona la Universidad de Talca. \u00a0<\/a><br \/><br \/><\/div><div><b>DIARIO EL HERALDO<\/b>\u00a0<br \/><a href=\"https:\/\/www.diarioelheraldo.cl\/noticia\/estudiantes-de-la-escuela-salomon-salman-participaron-en-los-winter-games-de-la-universidad-de-talca-campus-linares-\">Estudiantes de la Escuela Salom\u00f3n Salman participaron en los Winter Games de la Universidad de Talca, campus Linares. Se menciona la Universidad de Talca.\u00a0<\/a><\/div><div>\u00a0<\/div><div><b>TODA LA CULTURA<\/b>\u00a0<br \/><a href=\"https:\/\/todalacultura.org\/2024\/06\/11\/150-jovenes-musicos-animan-festival-mas-musica-mas-cultura-en-teatro-u-de-chile\/\">150 j\u00f3venes m\u00fasicos animan Festival \u201cM\u00e1s M\u00fasica, M\u00e1s Cultura\u201d en Teatro U. de Chile. Se menciona la Universidad de Talca.\u00a0<\/a><br \/><br \/><\/div><div><b>DIARIO FRUT\u00cdCOLA<\/b>\u00a0<br \/><a href=\"https:\/\/www.diariofruticola.cl\/noticia\/noticias-fruticolas\/2024\/06\/ivan-marambio-estamos-muy-confiados-que-tendremos-una-industria-rejuvenecida-de-la-manzana\">Iv\u00e1n Marambio: &#8220;Estamos muy confiados que tendremos una industria rejuvenecida de la manzana&#8221;. Se menciona la Universidad de Talca.\u00a0<\/a><br \/><br \/><\/div>\t\t\t\t\t\t<\/div>\n\t\t\t\t<\/div>\n\t\t\t\t\t<\/div>\n\t\t<\/div>\n\t\t\t\t\t\t\t<\/div>\n\t\t<\/section>\n\t\t\t\t\t\t<\/div>\n\t\t\t\t\t<\/div>\n\t\t","protected":false},"excerpt":{"rendered":"<p>CIENCIA EN CHILE\u00a0Universidad acogi\u00f3 primer congreso de Ciencias con enfoque de g\u00e9nero. Se refiere Carlos Torres Fuchslocher, rector.\u00a0\u00a0CONSORCIO DE UNIVERSIDADES DEL ESTADO\u00a0DE CHILEPrimer congreso de ciencias con perspectiva de g\u00e9nero: M\u00e1s de 300 cient\u00edficas se reunieron en la UTalca. Se refiere Carlos Torres Fuchslocher, rector y Karin Saavedra, directora general Vinculaci\u00f3n con el Medio.\u00a0\u00a0LA PRENSA &hellip;<\/p>\n<p class=\"read-more\"> <a class=\"\" href=\"https:\/\/www.reportedeprensa.utalca.cl\/?p=9996\"> <span class=\"screen-reader-text\">12 de junio de 2024<\/span> Read More &raquo;<\/a><\/p>\n","protected":false},"author":1,"featured_media":0,"comment_status":"closed","ping_status":"open","sticky":false,"template":"","format":"standard","meta":{"_monsterinsights_skip_tracking":false,"_monsterinsights_sitenote_active":false,"_monsterinsights_sitenote_note":"","_monsterinsights_sitenote_category":0},"categories":[49],"tags":[],"_links":{"self":[{"href":"https:\/\/www.reportedeprensa.utalca.cl\/index.php?rest_route=\/wp\/v2\/posts\/9996"}],"collection":[{"href":"https:\/\/www.reportedeprensa.utalca.cl\/index.php?rest_route=\/wp\/v2\/posts"}],"about":[{"href":"https:\/\/www.reportedeprensa.utalca.cl\/index.php?rest_route=\/wp\/v2\/types\/post"}],"author":[{"embeddable":true,"href":"https:\/\/www.reportedeprensa.utalca.cl\/index.php?rest_route=\/wp\/v2\/users\/1"}],"replies":[{"embeddable":true,"href":"https:\/\/www.reportedeprensa.utalca.cl\/index.php?rest_route=%2Fwp%2Fv2%2Fcomments&post=9996"}],"version-history":[{"count":4,"href":"https:\/\/www.reportedeprensa.utalca.cl\/index.php?rest_route=\/wp\/v2\/posts\/9996\/revisions"}],"predecessor-version":[{"id":10000,"href":"https:\/\/www.reportedeprensa.utalca.cl\/index.php?rest_route=\/wp\/v2\/posts\/9996\/revisions\/10000"}],"wp:attachment":[{"href":"https:\/\/www.reportedeprensa.utalca.cl\/index.php?rest_route=%2Fwp%2Fv2%2Fmedia&parent=9996"}],"wp:term":[{"taxonomy":"category","embeddable":true,"href":"https:\/\/www.reportedeprensa.utalca.cl\/index.php?rest_route=%2Fwp%2Fv2%2Fcategories&post=9996"},{"taxonomy":"post_tag","embeddable":true,"href":"https:\/\/www.reportedeprensa.utalca.cl\/index.php?rest_route=%2Fwp%2Fv2%2Ftags&post=9996"}],"curies":[{"name":"wp","href":"https:\/\/api.w.org\/{rel}","templated":true}]}}